{"id":27627,"date":"2024-05-07T19:33:13","date_gmt":"2024-05-07T18:33:13","guid":{"rendered":"https:\/\/www.jimmy2.ch\/worldpress\/?p=27627"},"modified":"2024-05-31T20:19:23","modified_gmt":"2024-05-31T19:19:23","slug":"charmes-sur-moselle-f-schweiz-ch","status":"publish","type":"post","link":"https:\/\/www.jimmy2.ch\/worldpress\/2024\/05\/07\/charmes-sur-moselle-f-schweiz-ch\/","title":{"rendered":"Charmes-sur-Moselle F &#8211; Schweiz CH"},"content":{"rendered":"\n<p>Tag 942 <br>Charmes-sur-Moselle F &#8211; zur\u00fcck in die Schweiz CH<br>251 km  4 3\/4 Std. unterwegs<br><\/p>\n\n\n\n<p>Montag 6. Mai 2024<br>Der Montag f\u00e4llt buchst\u00e4blich ins Wasser. Es regnet eigentlich nur einmal. So bleiben wir meistens im Wohnmobil. Darum gibt es auch keine Fotos von heute.<br><br>Dienstag 7. Mai 2024 <br>Bew\u00f6lkt, ab und zu Regen <br><br>Das Wetter bleibt wie es die letzten Tage gewesen ist. Bew\u00f6lkt und regnerisch.<br><br>Heute ist der letzte Tag unserer \u201eSkandinavien-Reise\u201c und wir fahren \u201enach Hause\u201c. <br><br>Da die Schranke seit Sonntag wieder zu ist und wir kein Ticket zum Bezahlen und Ausfahren haben, gehe ich gleich in der Fr\u00fch zum Tourist-Office. Die nette Dame meint, dass sie nichts mit dem Stellplatz zu tun hat und mir leider nicht helfen k\u00f6nne. <br><br>Also zur\u00fcck auf den Stellplatz. Hier kommt mir gerade ein Gemeinde-Mitarbeiter auf seinem Rasenm\u00e4her entgegen. Ich frage ihn, ob er mir die Schranke \u00f6ffnen k\u00f6nne. Er meint, die Schranke bleibe offen und ich k\u00f6nnen rausfahren. Ich gehe weiter zur Schranke und da ist gerade ein anderer Gemeinde-Mitarbeiter dabei die Schranke zu schliessen. Ich erkl\u00e4re ihm mein Problem und er sagt mir, dass sie Probleme mit der Schranke haben. Ich solle ihn anrufen und er komme dann vorbei um mir die Schranke zu \u00f6ffnen. <br><br>Ich gehe zur\u00fcck zum Wohnmobil. Nach dem Fr\u00fchst\u00fcck fahren wir zur Entsorgung. <\/p>\n\n\n\n<figure class=\"wp-block-image size-large\"><img loading=\"lazy\" decoding=\"async\" width=\"1024\" height=\"768\" src=\"https:\/\/www.jimmy2.ch\/worldpress\/wp-content\/uploads\/2024\/05\/IMG_2264-1024x768.jpeg\" alt=\"\" class=\"wp-image-27630\" srcset=\"https:\/\/www.jimmy2.ch\/worldpress\/wp-content\/uploads\/2024\/05\/IMG_2264-1024x768.jpeg 1024w, https:\/\/www.jimmy2.ch\/worldpress\/wp-content\/uploads\/2024\/05\/IMG_2264-300x225.jpeg 300w, https:\/\/www.jimmy2.ch\/worldpress\/wp-content\/uploads\/2024\/05\/IMG_2264-768x576.jpeg 768w, https:\/\/www.jimmy2.ch\/worldpress\/wp-content\/uploads\/2024\/05\/IMG_2264-1536x1152.jpeg 1536w, https:\/\/www.jimmy2.ch\/worldpress\/wp-content\/uploads\/2024\/05\/IMG_2264-2048x1536.jpeg 2048w\" sizes=\"auto, (max-width: 1024px) 100vw, 1024px\" \/><\/figure>\n\n\n\n<p>Eine einfache aber perfekte Anlage. Auch f\u00fcr grosse Fahrzeuge geeignet. <\/p>\n\n\n\n<figure class=\"wp-block-image size-large\"><img loading=\"lazy\" decoding=\"async\" width=\"1024\" height=\"768\" src=\"https:\/\/www.jimmy2.ch\/worldpress\/wp-content\/uploads\/2024\/05\/IMG_2265-1024x768.jpeg\" alt=\"\" class=\"wp-image-27631\" srcset=\"https:\/\/www.jimmy2.ch\/worldpress\/wp-content\/uploads\/2024\/05\/IMG_2265-1024x768.jpeg 1024w, https:\/\/www.jimmy2.ch\/worldpress\/wp-content\/uploads\/2024\/05\/IMG_2265-300x225.jpeg 300w, https:\/\/www.jimmy2.ch\/worldpress\/wp-content\/uploads\/2024\/05\/IMG_2265-768x576.jpeg 768w, https:\/\/www.jimmy2.ch\/worldpress\/wp-content\/uploads\/2024\/05\/IMG_2265-1536x1152.jpeg 1536w, https:\/\/www.jimmy2.ch\/worldpress\/wp-content\/uploads\/2024\/05\/IMG_2265-2048x1536.jpeg 2048w\" sizes=\"auto, (max-width: 1024px) 100vw, 1024px\" \/><\/figure>\n\n\n\n<p><br>Anschliessend fahren wir zur Schranke. Die ist nat\u00fcrlich geschlossen. Ich rufe die Nummer an, die mir der Gemeinde-Mitarbeiter gegeben hat. \u201eLeider ist der Teilnehmer momentan nicht erreichbar\u201c h\u00f6re ich. Ich warte etwas und versuche es immer wieder. Ohne Erfolg. <br><br>Dann f\u00e4hrt ein Gemeinde-Polizist an die Schranke und meint wir sollen wegfahren weil er da durch m\u00fcsse. Ich erkl\u00e4re ihm mein Problem. Er meint er k\u00f6nne mir nicht helfen. Dann hat er Einsicht und sagt, er k\u00f6nne bei der anderen Schranke reinfahren und somit ein Ticket ausl\u00f6sen. Ich k\u00f6nne dieses dann bezahlen und so rausfahren. Das machen wir und so k\u00f6nnen wir den Platz verlassen. <\/p>\n\n\n\n<figure class=\"wp-block-image size-large\"><img loading=\"lazy\" decoding=\"async\" width=\"1024\" height=\"576\" src=\"https:\/\/www.jimmy2.ch\/worldpress\/wp-content\/uploads\/2024\/05\/GPTempDownload-25-1024x576.jpeg\" alt=\"\" class=\"wp-image-27640\" srcset=\"https:\/\/www.jimmy2.ch\/worldpress\/wp-content\/uploads\/2024\/05\/GPTempDownload-25-1024x576.jpeg 1024w, https:\/\/www.jimmy2.ch\/worldpress\/wp-content\/uploads\/2024\/05\/GPTempDownload-25-300x169.jpeg 300w, https:\/\/www.jimmy2.ch\/worldpress\/wp-content\/uploads\/2024\/05\/GPTempDownload-25-768x432.jpeg 768w, https:\/\/www.jimmy2.ch\/worldpress\/wp-content\/uploads\/2024\/05\/GPTempDownload-25-1536x864.jpeg 1536w, https:\/\/www.jimmy2.ch\/worldpress\/wp-content\/uploads\/2024\/05\/GPTempDownload-25-2048x1152.jpeg 2048w\" sizes=\"auto, (max-width: 1024px) 100vw, 1024px\" \/><\/figure>\n\n\n\n<p>Dann geht es auf die mautfreie Autobahn Richtung Schweiz. <\/p>\n\n\n\n<figure class=\"wp-block-image size-large\"><img loading=\"lazy\" decoding=\"async\" width=\"1024\" height=\"576\" src=\"https:\/\/www.jimmy2.ch\/worldpress\/wp-content\/uploads\/2024\/05\/GPTempDownload-24-1024x576.jpeg\" alt=\"\" class=\"wp-image-27638\" srcset=\"https:\/\/www.jimmy2.ch\/worldpress\/wp-content\/uploads\/2024\/05\/GPTempDownload-24-1024x576.jpeg 1024w, https:\/\/www.jimmy2.ch\/worldpress\/wp-content\/uploads\/2024\/05\/GPTempDownload-24-300x169.jpeg 300w, https:\/\/www.jimmy2.ch\/worldpress\/wp-content\/uploads\/2024\/05\/GPTempDownload-24-768x432.jpeg 768w, https:\/\/www.jimmy2.ch\/worldpress\/wp-content\/uploads\/2024\/05\/GPTempDownload-24-1536x864.jpeg 1536w, https:\/\/www.jimmy2.ch\/worldpress\/wp-content\/uploads\/2024\/05\/GPTempDownload-24-2048x1152.jpeg 2048w\" sizes=\"auto, (max-width: 1024px) 100vw, 1024px\" \/><\/figure>\n\n\n\n<p>Das Wetter bleibt wechselhaft. Ab und zu sch\u00fcttet es wie aus Eimern. <\/p>\n\n\n\n<figure class=\"wp-block-image size-large\"><img loading=\"lazy\" decoding=\"async\" width=\"1024\" height=\"576\" src=\"https:\/\/www.jimmy2.ch\/worldpress\/wp-content\/uploads\/2024\/05\/GPTempDownload-23-1024x576.jpeg\" alt=\"\" class=\"wp-image-27637\" srcset=\"https:\/\/www.jimmy2.ch\/worldpress\/wp-content\/uploads\/2024\/05\/GPTempDownload-23-1024x576.jpeg 1024w, https:\/\/www.jimmy2.ch\/worldpress\/wp-content\/uploads\/2024\/05\/GPTempDownload-23-300x169.jpeg 300w, https:\/\/www.jimmy2.ch\/worldpress\/wp-content\/uploads\/2024\/05\/GPTempDownload-23-768x432.jpeg 768w, https:\/\/www.jimmy2.ch\/worldpress\/wp-content\/uploads\/2024\/05\/GPTempDownload-23-1536x864.jpeg 1536w, https:\/\/www.jimmy2.ch\/worldpress\/wp-content\/uploads\/2024\/05\/GPTempDownload-23-2048x1152.jpeg 2048w\" sizes=\"auto, (max-width: 1024px) 100vw, 1024px\" \/><\/figure>\n\n\n\n<p>Beim Zoll in Delle werden wir gefragt ob wir Waren mitf\u00fchren. Ich verneine und wir werden durch gewunken. <\/p>\n\n\n\n<figure class=\"wp-block-image size-large\"><img loading=\"lazy\" decoding=\"async\" width=\"1024\" height=\"576\" src=\"https:\/\/www.jimmy2.ch\/worldpress\/wp-content\/uploads\/2024\/05\/GPTempDownload-21-1024x576.jpeg\" alt=\"\" class=\"wp-image-27632\" srcset=\"https:\/\/www.jimmy2.ch\/worldpress\/wp-content\/uploads\/2024\/05\/GPTempDownload-21-1024x576.jpeg 1024w, https:\/\/www.jimmy2.ch\/worldpress\/wp-content\/uploads\/2024\/05\/GPTempDownload-21-300x169.jpeg 300w, https:\/\/www.jimmy2.ch\/worldpress\/wp-content\/uploads\/2024\/05\/GPTempDownload-21-768x432.jpeg 768w, https:\/\/www.jimmy2.ch\/worldpress\/wp-content\/uploads\/2024\/05\/GPTempDownload-21-1536x864.jpeg 1536w, https:\/\/www.jimmy2.ch\/worldpress\/wp-content\/uploads\/2024\/05\/GPTempDownload-21-2048x1152.jpeg 2048w\" sizes=\"auto, (max-width: 1024px) 100vw, 1024px\" \/><\/figure>\n\n\n\n<p>Nun sind wir wieder \u201ezu Hause\u201c in der Schweiz <\/p>\n\n\n\n<figure class=\"wp-block-image size-large\"><img loading=\"lazy\" decoding=\"async\" width=\"1024\" height=\"576\" src=\"https:\/\/www.jimmy2.ch\/worldpress\/wp-content\/uploads\/2024\/05\/GPTempDownload-22-1024x576.jpeg\" alt=\"\" class=\"wp-image-27633\" srcset=\"https:\/\/www.jimmy2.ch\/worldpress\/wp-content\/uploads\/2024\/05\/GPTempDownload-22-1024x576.jpeg 1024w, https:\/\/www.jimmy2.ch\/worldpress\/wp-content\/uploads\/2024\/05\/GPTempDownload-22-300x169.jpeg 300w, https:\/\/www.jimmy2.ch\/worldpress\/wp-content\/uploads\/2024\/05\/GPTempDownload-22-768x432.jpeg 768w, https:\/\/www.jimmy2.ch\/worldpress\/wp-content\/uploads\/2024\/05\/GPTempDownload-22-1536x864.jpeg 1536w, https:\/\/www.jimmy2.ch\/worldpress\/wp-content\/uploads\/2024\/05\/GPTempDownload-22-2048x1152.jpeg 2048w\" sizes=\"auto, (max-width: 1024px) 100vw, 1024px\" \/><\/figure>\n\n\n\n<p>So geht unsere \u201eSkandinavien-Reise\u201c zu Ende. Es war eine tolle Tour, trotz Schnee, Eis, K\u00e4lte und Sturm. Wir und unser Morelo haben alle Wetterkapriolen gemeistert. Wir waren sicher nicht das letzte Mal in Skandinavien. Das n\u00e4chste Mal dann aber im Sommer. <\/p>\n\n\n\n<p><\/p>\n\n\n\n<figure class=\"wp-block-embed is-type-video is-provider-youtube wp-block-embed-youtube wp-embed-aspect-16-9 wp-has-aspect-ratio\"><div class=\"wp-block-embed__wrapper\">\n<iframe loading=\"lazy\" title=\"Mit dem Wohnmobil in Frankreich unterwegs    Charmes F - Schweiz CH\" width=\"960\" height=\"540\" src=\"https:\/\/www.youtube.com\/embed\/WHEDoXjwujc?feature=oembed\" frameborder=\"0\" allow=\"accelerometer; autoplay; clipboard-write; encrypted-media; gyroscope; picture-in-picture; web-share\" referrerpolicy=\"strict-origin-when-cross-origin\" allowfullscreen><\/iframe>\n<\/div><\/figure>\n\n\n\n<p><br><br>Nun schauen wir mal, wohin unsere n\u00e4chste Reise geht. Ende Juni wird es soweit sein. <br><\/p>\n","protected":false},"excerpt":{"rendered":"<p>Tag 942 Charmes-sur-Moselle F &#8211; zur\u00fcck in die Schweiz CH251 km 4 3\/4 Std. unterwegs Montag 6. Mai 2024Der Montag f\u00e4llt buchst\u00e4blich ins Wasser. Es regnet eigentlich nur einmal. So bleiben wir meistens im Wohnmobil. Darum gibt es auch keine &hellip; <a href=\"https:\/\/www.jimmy2.ch\/worldpress\/2024\/05\/07\/charmes-sur-moselle-f-schweiz-ch\/\">Continue reading <span class=\"meta-nav\">&rarr;<\/span><\/a><\/p>\n","protected":false},"author":1,"featured_media":0,"comment_status":"open","ping_status":"open","sticky":false,"template":"","format":"standard","meta":{"footnotes":""},"categories":[69,72],"tags":[1510,1513,94,767,1514,768,73,770],"class_list":["post-27627","post","type-post","status-publish","format-standard","hentry","category-frankreich","category-schweiz","tag-charmes-sur-moselle","tag-delle","tag-frankreich","tag-leben-im-wohnmobil","tag-porrentruy","tag-reisen-im-wohnmobil","tag-schweiz","tag-wohnen-im-wohnmobil"],"_links":{"self":[{"href":"https:\/\/www.jimmy2.ch\/worldpress\/wp-json\/wp\/v2\/posts\/27627","targetHints":{"allow":["GET"]}}],"collection":[{"href":"https:\/\/www.jimmy2.ch\/worldpress\/wp-json\/wp\/v2\/posts"}],"about":[{"href":"https:\/\/www.jimmy2.ch\/worldpress\/wp-json\/wp\/v2\/types\/post"}],"author":[{"embeddable":true,"href":"https:\/\/www.jimmy2.ch\/worldpress\/wp-json\/wp\/v2\/users\/1"}],"replies":[{"embeddable":true,"href":"https:\/\/www.jimmy2.ch\/worldpress\/wp-json\/wp\/v2\/comments?post=27627"}],"version-history":[{"count":7,"href":"https:\/\/www.jimmy2.ch\/worldpress\/wp-json\/wp\/v2\/posts\/27627\/revisions"}],"predecessor-version":[{"id":27642,"href":"https:\/\/www.jimmy2.ch\/worldpress\/wp-json\/wp\/v2\/posts\/27627\/revisions\/27642"}],"wp:attachment":[{"href":"https:\/\/www.jimmy2.ch\/worldpress\/wp-json\/wp\/v2\/media?parent=27627"}],"wp:term":[{"taxonomy":"category","embeddable":true,"href":"https:\/\/www.jimmy2.ch\/worldpress\/wp-json\/wp\/v2\/categories?post=27627"},{"taxonomy":"post_tag","embeddable":true,"href":"https:\/\/www.jimmy2.ch\/worldpress\/wp-json\/wp\/v2\/tags?post=27627"}],"curies":[{"name":"wp","href":"https:\/\/api.w.org\/{rel}","templated":true}]}}