{"id":26861,"date":"2024-03-24T21:52:00","date_gmt":"2024-03-24T20:52:00","guid":{"rendered":"https:\/\/www.jimmy2.ch\/worldpress\/?p=26861"},"modified":"2024-04-02T18:05:18","modified_gmt":"2024-04-02T17:05:18","slug":"kiel-d-2","status":"publish","type":"post","link":"https:\/\/www.jimmy2.ch\/worldpress\/2024\/03\/24\/kiel-d-2\/","title":{"rendered":"Kiel D"},"content":{"rendered":"\n<p>Tag 898<br>Kiel D<br>Wohnmobil Stellplatz Kiel F\u00f6rde und Kanalblick<br>22 Euro 1. Reihe ohne Strom =+5 Euro, V+E<br><br>54.3643546, 10.1456739<br><br>Sonntag 24. M\u00e4rz 2024 <br>bew\u00f6lkt 6\u00b0 ab und zu Regen <br><br><br>Ich habe den Stellplatz noch um ein paar Tage verl\u00e4ngert. <\/p>\n\n\n\n<p>Da das Wetter ist aber nicht so doll, so machen wir nicht viel. <\/p>\n\n\n\n<p>Kiel besuchen wir nicht mehr. Daf\u00fcr aber das nahe Einkaufszentrum.<br><br>Und nat\u00fcrlich schauen wir uns die riesigen K\u00e4hne an die vor unserer Frontscheibe vorbeiziehen.<\/p>\n\n\n\n<figure class=\"wp-block-image size-large\"><img loading=\"lazy\" decoding=\"async\" width=\"1024\" height=\"768\" src=\"https:\/\/www.jimmy2.ch\/worldpress\/wp-content\/uploads\/2024\/03\/IMG_0413-1024x768.jpeg\" alt=\"\" class=\"wp-image-26880\" srcset=\"https:\/\/www.jimmy2.ch\/worldpress\/wp-content\/uploads\/2024\/03\/IMG_0413-1024x768.jpeg 1024w, https:\/\/www.jimmy2.ch\/worldpress\/wp-content\/uploads\/2024\/03\/IMG_0413-300x225.jpeg 300w, https:\/\/www.jimmy2.ch\/worldpress\/wp-content\/uploads\/2024\/03\/IMG_0413-768x576.jpeg 768w, https:\/\/www.jimmy2.ch\/worldpress\/wp-content\/uploads\/2024\/03\/IMG_0413-1536x1152.jpeg 1536w, https:\/\/www.jimmy2.ch\/worldpress\/wp-content\/uploads\/2024\/03\/IMG_0413-2048x1536.jpeg 2048w\" sizes=\"auto, (max-width: 1024px) 100vw, 1024px\" \/><\/figure>\n\n\n\n<figure class=\"wp-block-image size-large is-resized\"><img loading=\"lazy\" decoding=\"async\" width=\"1024\" height=\"768\" src=\"https:\/\/www.jimmy2.ch\/worldpress\/wp-content\/uploads\/2024\/03\/IMG_0420-1024x768.jpeg\" alt=\"\" class=\"wp-image-26881\" style=\"width:840px;height:auto\" srcset=\"https:\/\/www.jimmy2.ch\/worldpress\/wp-content\/uploads\/2024\/03\/IMG_0420-1024x768.jpeg 1024w, https:\/\/www.jimmy2.ch\/worldpress\/wp-content\/uploads\/2024\/03\/IMG_0420-300x225.jpeg 300w, https:\/\/www.jimmy2.ch\/worldpress\/wp-content\/uploads\/2024\/03\/IMG_0420-768x576.jpeg 768w, https:\/\/www.jimmy2.ch\/worldpress\/wp-content\/uploads\/2024\/03\/IMG_0420-1536x1152.jpeg 1536w, https:\/\/www.jimmy2.ch\/worldpress\/wp-content\/uploads\/2024\/03\/IMG_0420-2048x1536.jpeg 2048w\" sizes=\"auto, (max-width: 1024px) 100vw, 1024px\" \/><\/figure>\n\n\n<div class=\"wp-block-image\">\n<figure class=\"aligncenter size-large\"><img loading=\"lazy\" decoding=\"async\" width=\"768\" height=\"1024\" src=\"https:\/\/www.jimmy2.ch\/worldpress\/wp-content\/uploads\/2024\/03\/IMG_0421-768x1024.jpeg\" alt=\"\" class=\"wp-image-26882\" srcset=\"https:\/\/www.jimmy2.ch\/worldpress\/wp-content\/uploads\/2024\/03\/IMG_0421-768x1024.jpeg 768w, https:\/\/www.jimmy2.ch\/worldpress\/wp-content\/uploads\/2024\/03\/IMG_0421-225x300.jpeg 225w, https:\/\/www.jimmy2.ch\/worldpress\/wp-content\/uploads\/2024\/03\/IMG_0421-1152x1536.jpeg 1152w, https:\/\/www.jimmy2.ch\/worldpress\/wp-content\/uploads\/2024\/03\/IMG_0421-1536x2048.jpeg 1536w, https:\/\/www.jimmy2.ch\/worldpress\/wp-content\/uploads\/2024\/03\/IMG_0421-scaled.jpeg 1920w\" sizes=\"auto, (max-width: 768px) 100vw, 768px\" \/><\/figure><\/div>\n\n\n<p>Kurz mal etwas \u201eGraupel-Schauer\u201c<\/p>\n\n\n<div class=\"wp-block-image\">\n<figure class=\"aligncenter size-large\"><img loading=\"lazy\" decoding=\"async\" width=\"768\" height=\"1024\" src=\"https:\/\/www.jimmy2.ch\/worldpress\/wp-content\/uploads\/2024\/03\/IMG_0422-768x1024.jpeg\" alt=\"\" class=\"wp-image-26883\" srcset=\"https:\/\/www.jimmy2.ch\/worldpress\/wp-content\/uploads\/2024\/03\/IMG_0422-768x1024.jpeg 768w, https:\/\/www.jimmy2.ch\/worldpress\/wp-content\/uploads\/2024\/03\/IMG_0422-225x300.jpeg 225w, https:\/\/www.jimmy2.ch\/worldpress\/wp-content\/uploads\/2024\/03\/IMG_0422-1152x1536.jpeg 1152w, https:\/\/www.jimmy2.ch\/worldpress\/wp-content\/uploads\/2024\/03\/IMG_0422-1536x2048.jpeg 1536w, https:\/\/www.jimmy2.ch\/worldpress\/wp-content\/uploads\/2024\/03\/IMG_0422-scaled.jpeg 1920w\" sizes=\"auto, (max-width: 768px) 100vw, 768px\" \/><\/figure><\/div>\n\n\n<figure class=\"wp-block-image size-large\"><img loading=\"lazy\" decoding=\"async\" width=\"1024\" height=\"768\" src=\"https:\/\/www.jimmy2.ch\/worldpress\/wp-content\/uploads\/2024\/03\/IMG_0425-1024x768.jpeg\" alt=\"\" class=\"wp-image-26884\" srcset=\"https:\/\/www.jimmy2.ch\/worldpress\/wp-content\/uploads\/2024\/03\/IMG_0425-1024x768.jpeg 1024w, https:\/\/www.jimmy2.ch\/worldpress\/wp-content\/uploads\/2024\/03\/IMG_0425-300x225.jpeg 300w, https:\/\/www.jimmy2.ch\/worldpress\/wp-content\/uploads\/2024\/03\/IMG_0425-768x576.jpeg 768w, https:\/\/www.jimmy2.ch\/worldpress\/wp-content\/uploads\/2024\/03\/IMG_0425-1536x1152.jpeg 1536w, https:\/\/www.jimmy2.ch\/worldpress\/wp-content\/uploads\/2024\/03\/IMG_0425-2048x1536.jpeg 2048w\" sizes=\"auto, (max-width: 1024px) 100vw, 1024px\" \/><\/figure>\n\n\n\n<p>Aber alles hat ein Ende, so auch unsere sch\u00f6ne Zeit hier. <\/p>\n\n\n\n<figure class=\"wp-block-image size-large\"><img loading=\"lazy\" decoding=\"async\" width=\"1024\" height=\"768\" src=\"https:\/\/www.jimmy2.ch\/worldpress\/wp-content\/uploads\/2024\/03\/IMG_0418-1024x768.jpeg\" alt=\"\" class=\"wp-image-26886\" srcset=\"https:\/\/www.jimmy2.ch\/worldpress\/wp-content\/uploads\/2024\/03\/IMG_0418-1024x768.jpeg 1024w, https:\/\/www.jimmy2.ch\/worldpress\/wp-content\/uploads\/2024\/03\/IMG_0418-300x225.jpeg 300w, https:\/\/www.jimmy2.ch\/worldpress\/wp-content\/uploads\/2024\/03\/IMG_0418-768x576.jpeg 768w, https:\/\/www.jimmy2.ch\/worldpress\/wp-content\/uploads\/2024\/03\/IMG_0418-1536x1152.jpeg 1536w, https:\/\/www.jimmy2.ch\/worldpress\/wp-content\/uploads\/2024\/03\/IMG_0418-2048x1536.jpeg 2048w\" sizes=\"auto, (max-width: 1024px) 100vw, 1024px\" \/><\/figure>\n\n\n<div class=\"wp-block-image\">\n<figure class=\"aligncenter size-large\"><img loading=\"lazy\" decoding=\"async\" width=\"768\" height=\"1024\" src=\"https:\/\/www.jimmy2.ch\/worldpress\/wp-content\/uploads\/2024\/03\/IMG_0426-768x1024.jpeg\" alt=\"\" class=\"wp-image-26885\" srcset=\"https:\/\/www.jimmy2.ch\/worldpress\/wp-content\/uploads\/2024\/03\/IMG_0426-768x1024.jpeg 768w, https:\/\/www.jimmy2.ch\/worldpress\/wp-content\/uploads\/2024\/03\/IMG_0426-225x300.jpeg 225w, https:\/\/www.jimmy2.ch\/worldpress\/wp-content\/uploads\/2024\/03\/IMG_0426-1152x1536.jpeg 1152w, https:\/\/www.jimmy2.ch\/worldpress\/wp-content\/uploads\/2024\/03\/IMG_0426-1536x2048.jpeg 1536w, https:\/\/www.jimmy2.ch\/worldpress\/wp-content\/uploads\/2024\/03\/IMG_0426-scaled.jpeg 1920w\" sizes=\"auto, (max-width: 768px) 100vw, 768px\" \/><\/figure><\/div>\n\n\n<p>Morgen geht unsere Reise weiter. <br><\/p>\n\n\n\n<figure class=\"wp-block-embed is-type-video is-provider-youtube wp-block-embed-youtube wp-embed-aspect-4-3 wp-has-aspect-ratio\"><div class=\"wp-block-embed__wrapper\">\n<iframe loading=\"lazy\" title=\"Mit dem Wohnmobil in Deutschland unterwegs      Kiel D\" width=\"960\" height=\"720\" src=\"https:\/\/www.youtube.com\/embed\/nvJGDHQ7QYM?feature=oembed\" frameborder=\"0\" allow=\"accelerometer; autoplay; clipboard-write; encrypted-media; gyroscope; picture-in-picture; web-share\" referrerpolicy=\"strict-origin-when-cross-origin\" allowfullscreen><\/iframe>\n<\/div><\/figure>\n\n\n\n<p><\/p>\n\n\n\n<p>Schiffe-Kucken<\/p>\n\n\n\n<figure class=\"wp-block-embed is-type-video is-provider-youtube wp-block-embed-youtube wp-embed-aspect-16-9 wp-has-aspect-ratio\"><div class=\"wp-block-embed__wrapper\">\n<iframe loading=\"lazy\" title=\"Mit dem Wohnmobil in Deutschland unterwegs      Kiel D\" width=\"960\" height=\"540\" src=\"https:\/\/www.youtube.com\/embed\/kJ24CVpgmCk?feature=oembed\" frameborder=\"0\" allow=\"accelerometer; autoplay; clipboard-write; encrypted-media; gyroscope; picture-in-picture; web-share\" referrerpolicy=\"strict-origin-when-cross-origin\" allowfullscreen><\/iframe>\n<\/div><\/figure>\n\n\n\n<p><\/p>\n\n\n\n<p><br><br><\/p>\n","protected":false},"excerpt":{"rendered":"<p>Tag 898Kiel DWohnmobil Stellplatz Kiel F\u00f6rde und Kanalblick22 Euro 1. Reihe ohne Strom =+5 Euro, V+E 54.3643546, 10.1456739 Sonntag 24. M\u00e4rz 2024 bew\u00f6lkt 6\u00b0 ab und zu Regen Ich habe den Stellplatz noch um ein paar Tage verl\u00e4ngert. Da das &hellip; <a href=\"https:\/\/www.jimmy2.ch\/worldpress\/2024\/03\/24\/kiel-d-2\/\">Continue reading <span class=\"meta-nav\">&rarr;<\/span><\/a><\/p>\n","protected":false},"author":1,"featured_media":0,"comment_status":"open","ping_status":"open","sticky":false,"template":"","format":"standard","meta":{"footnotes":""},"categories":[63],"tags":[66,1454,1455,767,851,768,1456,770],"class_list":["post-26861","post","type-post","status-publish","format-standard","hentry","category-deutschland","tag-deutschland","tag-kiel","tag-kieler-foerde","tag-leben-im-wohnmobil","tag-morelo","tag-reisen-im-wohnmobil","tag-stellplatz-kiel-foerde-und-kanalblick","tag-wohnen-im-wohnmobil"],"_links":{"self":[{"href":"https:\/\/www.jimmy2.ch\/worldpress\/wp-json\/wp\/v2\/posts\/26861","targetHints":{"allow":["GET"]}}],"collection":[{"href":"https:\/\/www.jimmy2.ch\/worldpress\/wp-json\/wp\/v2\/posts"}],"about":[{"href":"https:\/\/www.jimmy2.ch\/worldpress\/wp-json\/wp\/v2\/types\/post"}],"author":[{"embeddable":true,"href":"https:\/\/www.jimmy2.ch\/worldpress\/wp-json\/wp\/v2\/users\/1"}],"replies":[{"embeddable":true,"href":"https:\/\/www.jimmy2.ch\/worldpress\/wp-json\/wp\/v2\/comments?post=26861"}],"version-history":[{"count":6,"href":"https:\/\/www.jimmy2.ch\/worldpress\/wp-json\/wp\/v2\/posts\/26861\/revisions"}],"predecessor-version":[{"id":26912,"href":"https:\/\/www.jimmy2.ch\/worldpress\/wp-json\/wp\/v2\/posts\/26861\/revisions\/26912"}],"wp:attachment":[{"href":"https:\/\/www.jimmy2.ch\/worldpress\/wp-json\/wp\/v2\/media?parent=26861"}],"wp:term":[{"taxonomy":"category","embeddable":true,"href":"https:\/\/www.jimmy2.ch\/worldpress\/wp-json\/wp\/v2\/categories?post=26861"},{"taxonomy":"post_tag","embeddable":true,"href":"https:\/\/www.jimmy2.ch\/worldpress\/wp-json\/wp\/v2\/tags?post=26861"}],"curies":[{"name":"wp","href":"https:\/\/api.w.org\/{rel}","templated":true}]}}