{"id":2651,"date":"2018-02-08T22:30:38","date_gmt":"2018-02-08T21:30:38","guid":{"rendered":"http:\/\/www.jimmy2.ch\/worldpress\/?p=2651"},"modified":"2018-02-08T22:30:38","modified_gmt":"2018-02-08T21:30:38","slug":"area-malagabeach-6","status":"publish","type":"post","link":"https:\/\/www.jimmy2.ch\/worldpress\/2018\/02\/08\/area-malagabeach-6\/","title":{"rendered":"Area MalagaBeach"},"content":{"rendered":"<p><strong>Donnerstag 8. Februar 2018<\/strong><br \/>\nMijas &#8211; Area MalagaBeach, Rinc\u00f3n de la Victoria<br \/>\nWetter: bew\u00f6lkt, etwas Sonne, frisch, kurze Hose aber nur ganz kurz<br \/>\nKoordinaten: N 36\u202242\u201850\u201c W 4\u202219\u20181\u201c<br \/>\nKm und Reise-Zeit: 67 km 2 Stunden mit Umwegen und Gasflasche<br \/>\nSolar: 24 Ah 405 Wh 12.2 Volt &#8211; Kaffeemaschine und Akkusauger laden<br \/>\nInternet: beim Empfang gratis<\/p>\n<p>Leider ist es auch heute Morgen bew\u00f6lkt. Weit weg von einem strahlend sch\u00f6nen Sonnen-Tag.<\/p>\n<p><img loading=\"lazy\" decoding=\"async\" class=\"size-medium wp-image-2645 aligncenter\" src=\"https:\/\/www.jimmy2.ch\/worldpress\/wp-content\/uploads\/2018\/02\/2BDB068E-D2D1-49DB-81E8-958D2E81E757-300x211.jpeg\" alt=\"\" width=\"300\" height=\"211\" srcset=\"https:\/\/www.jimmy2.ch\/worldpress\/wp-content\/uploads\/2018\/02\/2BDB068E-D2D1-49DB-81E8-958D2E81E757-300x211.jpeg 300w, https:\/\/www.jimmy2.ch\/worldpress\/wp-content\/uploads\/2018\/02\/2BDB068E-D2D1-49DB-81E8-958D2E81E757-768x540.jpeg 768w, https:\/\/www.jimmy2.ch\/worldpress\/wp-content\/uploads\/2018\/02\/2BDB068E-D2D1-49DB-81E8-958D2E81E757-1024x720.jpeg 1024w\" sizes=\"auto, (max-width: 300px) 100vw, 300px\" \/><\/p>\n<p><img loading=\"lazy\" decoding=\"async\" class=\"aligncenter size-medium wp-image-2646\" src=\"https:\/\/www.jimmy2.ch\/worldpress\/wp-content\/uploads\/2018\/02\/628F79A4-AC5C-41AE-A402-1A93D1FC8750-300x220.jpeg\" alt=\"\" width=\"300\" height=\"220\" srcset=\"https:\/\/www.jimmy2.ch\/worldpress\/wp-content\/uploads\/2018\/02\/628F79A4-AC5C-41AE-A402-1A93D1FC8750-300x220.jpeg 300w, https:\/\/www.jimmy2.ch\/worldpress\/wp-content\/uploads\/2018\/02\/628F79A4-AC5C-41AE-A402-1A93D1FC8750-768x563.jpeg 768w, https:\/\/www.jimmy2.ch\/worldpress\/wp-content\/uploads\/2018\/02\/628F79A4-AC5C-41AE-A402-1A93D1FC8750-1024x750.jpeg 1024w\" sizes=\"auto, (max-width: 300px) 100vw, 300px\" \/><\/p>\n<p>Die Gas-Flasche ist nach 4 Tagen erneut aufgebraucht. Wegen dem kalten Wetter m\u00fcssen wir viel heizen. So entschliessen wir uns kurzerhand abzureisen. Bis wir durch die Ver- und Entsorgung durch sind vergeht einige Zeit.<\/p>\n<p><img loading=\"lazy\" decoding=\"async\" class=\"aligncenter size-medium wp-image-2647\" src=\"https:\/\/www.jimmy2.ch\/worldpress\/wp-content\/uploads\/2018\/02\/47D5637F-F8F4-454C-A368-CAA89227B80B-300x225.jpeg\" alt=\"\" width=\"300\" height=\"225\" srcset=\"https:\/\/www.jimmy2.ch\/worldpress\/wp-content\/uploads\/2018\/02\/47D5637F-F8F4-454C-A368-CAA89227B80B-300x225.jpeg 300w, https:\/\/www.jimmy2.ch\/worldpress\/wp-content\/uploads\/2018\/02\/47D5637F-F8F4-454C-A368-CAA89227B80B-768x576.jpeg 768w, https:\/\/www.jimmy2.ch\/worldpress\/wp-content\/uploads\/2018\/02\/47D5637F-F8F4-454C-A368-CAA89227B80B-1024x768.jpeg 1024w, https:\/\/www.jimmy2.ch\/worldpress\/wp-content\/uploads\/2018\/02\/47D5637F-F8F4-454C-A368-CAA89227B80B.jpeg 1844w\" sizes=\"auto, (max-width: 300px) 100vw, 300px\" \/><\/p>\n<p style=\"text-align: center;\">In dieses \u201eLoch\u201c entsorgen t\u00e4glich mehr als 60 Wohnmobile ihre F\u00e4kalien &#8211; der Traum eines jeden WoMo-Fahrers<\/p>\n<p>Kurz nach 11 Uhr rollen wir vom Platz. Auf der A-7 geht es z\u00fcgig Richtung M\u00e1laga. Unterwegs kaufen wir noch eine neue Propan-Gasflasche. Euro 13.00. Es war die letzte im Regal. Wir nehmen die Ausfahrt Torremolinos und suchen den Weg ans Meer hinunter. Leider ohne Erfolg. Wir sind zu weit oben und ohne Hilfe des Navi\u2019s nur schwer machbar. So steuern wir einen Stellplatz s\u00fcdlich von M\u00e1laga an. Ein grosser Teerplatz in einem Industriegebiet. Etwa 20 Wohnmobile stehen hier. Nicht unser Ding. Aber im Notfall f\u00fcr 1 Nacht eine M\u00f6glichkeit da in der N\u00e4he der A-7.<\/p>\n<p>Jetzt steuern wir unser eigentliches Ziel an: die AERA MalagaBech. Hier waren wir schon einige Tage bevor wir nach Gibraltar reisten. Wir kommen um 13 Uhr an und haben Gl\u00fcck. Unser neues Zuhause ist Platz No. 33.<\/p>\n<p><img loading=\"lazy\" decoding=\"async\" class=\"aligncenter size-medium wp-image-2649\" src=\"https:\/\/www.jimmy2.ch\/worldpress\/wp-content\/uploads\/2018\/02\/99E3A30E-F82A-4A34-984C-D0E32D4D3BF4-300x212.jpeg\" alt=\"\" width=\"300\" height=\"212\" srcset=\"https:\/\/www.jimmy2.ch\/worldpress\/wp-content\/uploads\/2018\/02\/99E3A30E-F82A-4A34-984C-D0E32D4D3BF4-300x212.jpeg 300w, https:\/\/www.jimmy2.ch\/worldpress\/wp-content\/uploads\/2018\/02\/99E3A30E-F82A-4A34-984C-D0E32D4D3BF4-768x542.jpeg 768w, https:\/\/www.jimmy2.ch\/worldpress\/wp-content\/uploads\/2018\/02\/99E3A30E-F82A-4A34-984C-D0E32D4D3BF4-1024x722.jpeg 1024w\" sizes=\"auto, (max-width: 300px) 100vw, 300px\" \/><\/p>\n<p>Wieder ohne Strom &#8211; ich hoffe auf Sonne. Die hat es hier. So k\u00f6nnen wir den Nachmittags-Kaffee draussen geniessen. Ich montiere schon mal die kurze Hose.<\/p>\n<p><img loading=\"lazy\" decoding=\"async\" class=\"aligncenter size-medium wp-image-2648\" src=\"https:\/\/www.jimmy2.ch\/worldpress\/wp-content\/uploads\/2018\/02\/40EA22B8-2EFC-424E-A0AA-A12E7D29743E-300x203.jpeg\" alt=\"\" width=\"300\" height=\"203\" srcset=\"https:\/\/www.jimmy2.ch\/worldpress\/wp-content\/uploads\/2018\/02\/40EA22B8-2EFC-424E-A0AA-A12E7D29743E-300x203.jpeg 300w, https:\/\/www.jimmy2.ch\/worldpress\/wp-content\/uploads\/2018\/02\/40EA22B8-2EFC-424E-A0AA-A12E7D29743E-768x520.jpeg 768w, https:\/\/www.jimmy2.ch\/worldpress\/wp-content\/uploads\/2018\/02\/40EA22B8-2EFC-424E-A0AA-A12E7D29743E-1024x694.jpeg 1024w\" sizes=\"auto, (max-width: 300px) 100vw, 300px\" \/><\/p>\n<p>Leider ist das Vergn\u00fcgen nur von kurzer Dauer. Der Wind frischt wieder auf und wir verziehen uns in\u2018s Wohnmobil.<\/p>\n","protected":false},"excerpt":{"rendered":"<p>Donnerstag 8. Februar 2018 Mijas &#8211; Area MalagaBeach, Rinc\u00f3n de la Victoria Wetter: bew\u00f6lkt, etwas Sonne, frisch, kurze Hose aber nur ganz kurz Koordinaten: N 36\u202242\u201850\u201c W 4\u202219\u20181\u201c Km und Reise-Zeit: 67 km 2 Stunden mit Umwegen und Gasflasche Solar: &hellip; <a href=\"https:\/\/www.jimmy2.ch\/worldpress\/2018\/02\/08\/area-malagabeach-6\/\">Continue reading <span class=\"meta-nav\">&rarr;<\/span><\/a><\/p>\n","protected":false},"author":1,"featured_media":0,"comment_status":"open","ping_status":"open","sticky":false,"template":"","format":"standard","meta":{"footnotes":""},"categories":[62,71],"tags":[205,117,216,101],"class_list":["post-2651","post","type-post","status-publish","format-standard","hentry","category-spanien","category-spanien2018","tag-area-malagabeach","tag-bewoelkt","tag-mijas","tag-spanien"],"_links":{"self":[{"href":"https:\/\/www.jimmy2.ch\/worldpress\/wp-json\/wp\/v2\/posts\/2651","targetHints":{"allow":["GET"]}}],"collection":[{"href":"https:\/\/www.jimmy2.ch\/worldpress\/wp-json\/wp\/v2\/posts"}],"about":[{"href":"https:\/\/www.jimmy2.ch\/worldpress\/wp-json\/wp\/v2\/types\/post"}],"author":[{"embeddable":true,"href":"https:\/\/www.jimmy2.ch\/worldpress\/wp-json\/wp\/v2\/users\/1"}],"replies":[{"embeddable":true,"href":"https:\/\/www.jimmy2.ch\/worldpress\/wp-json\/wp\/v2\/comments?post=2651"}],"version-history":[{"count":1,"href":"https:\/\/www.jimmy2.ch\/worldpress\/wp-json\/wp\/v2\/posts\/2651\/revisions"}],"predecessor-version":[{"id":2652,"href":"https:\/\/www.jimmy2.ch\/worldpress\/wp-json\/wp\/v2\/posts\/2651\/revisions\/2652"}],"wp:attachment":[{"href":"https:\/\/www.jimmy2.ch\/worldpress\/wp-json\/wp\/v2\/media?parent=2651"}],"wp:term":[{"taxonomy":"category","embeddable":true,"href":"https:\/\/www.jimmy2.ch\/worldpress\/wp-json\/wp\/v2\/categories?post=2651"},{"taxonomy":"post_tag","embeddable":true,"href":"https:\/\/www.jimmy2.ch\/worldpress\/wp-json\/wp\/v2\/tags?post=2651"}],"curies":[{"name":"wp","href":"https:\/\/api.w.org\/{rel}","templated":true}]}}