{"id":2613,"date":"2018-02-04T22:50:51","date_gmt":"2018-02-04T21:50:51","guid":{"rendered":"http:\/\/www.jimmy2.ch\/worldpress\/?p=2613"},"modified":"2018-02-05T22:55:38","modified_gmt":"2018-02-05T21:55:38","slug":"mijas","status":"publish","type":"post","link":"https:\/\/www.jimmy2.ch\/worldpress\/2018\/02\/04\/mijas\/","title":{"rendered":"Mijas"},"content":{"rendered":"<p><strong>Sonntag 4. Februar 2018<\/strong><br \/>\nTarifa &#8211; Cala de Mijas Stellplatz<br \/>\nWetter: Regen, bew\u00f6lkt, frisch<br \/>\nKoordinaten: N 36\u202230\u201822\u201c W 4\u202240\u201856\u201c<br \/>\nKm und Reise-Zeit: 151 km 3 1\/2 Std. inkl. Stellplatz in Fuengirola anschauen = voll<br \/>\nSolar: 39 Ah 647 Wh 13 Volt<br \/>\nInternet: keines \/ Simly-Card 472 MB<\/p>\n<p>Kurz nach 6 Uhr beginnt es zu regnen. Spanien wird von einer Schlechtwetterfront gestreift. Als wir um halb neun aus dem Fenster schauen ist draussen alles matschig.<\/p>\n<p><img loading=\"lazy\" decoding=\"async\" class=\"aligncenter size-medium wp-image-2608\" src=\"https:\/\/www.jimmy2.ch\/worldpress\/wp-content\/uploads\/2018\/02\/E63D0476-C732-4539-8C91-FF9B80079D9C-253x300.jpeg\" alt=\"\" width=\"253\" height=\"300\" srcset=\"https:\/\/www.jimmy2.ch\/worldpress\/wp-content\/uploads\/2018\/02\/E63D0476-C732-4539-8C91-FF9B80079D9C-253x300.jpeg 253w, https:\/\/www.jimmy2.ch\/worldpress\/wp-content\/uploads\/2018\/02\/E63D0476-C732-4539-8C91-FF9B80079D9C-768x912.jpeg 768w, https:\/\/www.jimmy2.ch\/worldpress\/wp-content\/uploads\/2018\/02\/E63D0476-C732-4539-8C91-FF9B80079D9C-862x1024.jpeg 862w\" sizes=\"auto, (max-width: 253px) 100vw, 253px\" \/><\/p>\n<p><img loading=\"lazy\" decoding=\"async\" class=\"aligncenter size-medium wp-image-2614\" src=\"https:\/\/www.jimmy2.ch\/worldpress\/wp-content\/uploads\/2018\/02\/75C30A2E-6701-4EE6-BCA9-6FC69E748DF4-300x195.jpeg\" alt=\"\" width=\"300\" height=\"195\" srcset=\"https:\/\/www.jimmy2.ch\/worldpress\/wp-content\/uploads\/2018\/02\/75C30A2E-6701-4EE6-BCA9-6FC69E748DF4-300x195.jpeg 300w, https:\/\/www.jimmy2.ch\/worldpress\/wp-content\/uploads\/2018\/02\/75C30A2E-6701-4EE6-BCA9-6FC69E748DF4-768x498.jpeg 768w, https:\/\/www.jimmy2.ch\/worldpress\/wp-content\/uploads\/2018\/02\/75C30A2E-6701-4EE6-BCA9-6FC69E748DF4-1024x664.jpeg 1024w\" sizes=\"auto, (max-width: 300px) 100vw, 300px\" \/><br \/>\nWir packen unsere 7 Sachen und stellen unser Wohnmobil neben den Platz auf die Strasse. Nun gibt es Fr\u00fchst\u00fcck.<\/p>\n<p>Dann fahren wir los Richtung Fuengirola. Dort hat es mitten in der Stadt einen Stellplatz. Es soll aber meist voll sein. Der Regen hat aufgeh\u00f6rt aber es ist keine Sonne in Sicht. Zuerst geht es hinauf auf 340 M\u00fcM. Der Aussichtspunkt bietet heute nicht wirklich eine Aussicht.<\/p>\n<p><img loading=\"lazy\" decoding=\"async\" class=\"aligncenter size-medium wp-image-2609\" src=\"https:\/\/www.jimmy2.ch\/worldpress\/wp-content\/uploads\/2018\/02\/696B6329-BADE-4FA5-98F0-59317C948851-300x275.jpeg\" alt=\"\" width=\"300\" height=\"275\" srcset=\"https:\/\/www.jimmy2.ch\/worldpress\/wp-content\/uploads\/2018\/02\/696B6329-BADE-4FA5-98F0-59317C948851-300x275.jpeg 300w, https:\/\/www.jimmy2.ch\/worldpress\/wp-content\/uploads\/2018\/02\/696B6329-BADE-4FA5-98F0-59317C948851-768x704.jpeg 768w, https:\/\/www.jimmy2.ch\/worldpress\/wp-content\/uploads\/2018\/02\/696B6329-BADE-4FA5-98F0-59317C948851-1024x938.jpeg 1024w\" sizes=\"auto, (max-width: 300px) 100vw, 300px\" \/><\/p>\n<p><img loading=\"lazy\" decoding=\"async\" class=\"aligncenter size-medium wp-image-2610\" src=\"https:\/\/www.jimmy2.ch\/worldpress\/wp-content\/uploads\/2018\/02\/D061D83A-DA84-40A3-AD2F-CECA186B2613-300x267.jpeg\" alt=\"\" width=\"300\" height=\"267\" srcset=\"https:\/\/www.jimmy2.ch\/worldpress\/wp-content\/uploads\/2018\/02\/D061D83A-DA84-40A3-AD2F-CECA186B2613-300x267.jpeg 300w, https:\/\/www.jimmy2.ch\/worldpress\/wp-content\/uploads\/2018\/02\/D061D83A-DA84-40A3-AD2F-CECA186B2613-768x683.jpeg 768w, https:\/\/www.jimmy2.ch\/worldpress\/wp-content\/uploads\/2018\/02\/D061D83A-DA84-40A3-AD2F-CECA186B2613-1024x910.jpeg 1024w\" sizes=\"auto, (max-width: 300px) 100vw, 300px\" \/><\/p>\n<p>Wir haben geh\u00f6rt dass der Hafen von Estepona sehr sch\u00f6n sein soll. Also Ausfahrt nehmen und zum Hafen runter fahren. Leider keine M\u00f6glichkeit einen Parkplatz f\u00fcr unser WoMo zu finden. So m\u00fcssen wir unverrichteter Dinge weiter fahren.<\/p>\n<p>Ich brauche noch eine neue Gasflasche. Die erste Repsol-Tankstelle hat nur Butano. Beim 2. Anlauf habe ich mehr Gl\u00fcck. F\u00fcr Euro 13.50 bekomme ich eine Propano.<\/p>\n<p>Als wir um halb ein Uhr in Fuengirola eintreffen ist der Platz mehr als voll. Keine Chance sich noch irgendwo dazwischen zu quetschen. Kurz vor Fuengirola haben wir einen Stellplatz gesehen. Wir fahren 10 km zur\u00fcck nach Mijas. Wir haben Gl\u00fcck und erwischen einen der letzten offiziellen Pl\u00e4tze.<\/p>\n<p><img loading=\"lazy\" decoding=\"async\" class=\"aligncenter size-medium wp-image-2612\" src=\"https:\/\/www.jimmy2.ch\/worldpress\/wp-content\/uploads\/2018\/02\/FCEB1010-61E7-4381-9EC3-1DD07EF1B7AD-300x111.jpeg\" alt=\"\" width=\"300\" height=\"111\" srcset=\"https:\/\/www.jimmy2.ch\/worldpress\/wp-content\/uploads\/2018\/02\/FCEB1010-61E7-4381-9EC3-1DD07EF1B7AD-300x111.jpeg 300w, https:\/\/www.jimmy2.ch\/worldpress\/wp-content\/uploads\/2018\/02\/FCEB1010-61E7-4381-9EC3-1DD07EF1B7AD-768x284.jpeg 768w, https:\/\/www.jimmy2.ch\/worldpress\/wp-content\/uploads\/2018\/02\/FCEB1010-61E7-4381-9EC3-1DD07EF1B7AD-1024x379.jpeg 1024w\" sizes=\"auto, (max-width: 300px) 100vw, 300px\" \/><\/p>\n<p>Es ist halb zwei und alle haben Hunger. Gerade als wir uns zu einer Besichtigung des St\u00e4dtchens aufmachen wollen beginnt es zu regnen. So machen wir halt eine Siesta.<\/p>\n<p>Um halb f\u00fcnf hat sich das Wetter beruhigt und wir k\u00f6nnen den Spaziergang unter die F\u00fcsse nehmen. Ans Meer runter und einige Meter der Promenade entlang laufen.<\/p>\n<p><img loading=\"lazy\" decoding=\"async\" class=\"aligncenter size-medium wp-image-2611\" src=\"https:\/\/www.jimmy2.ch\/worldpress\/wp-content\/uploads\/2018\/02\/25EC19EF-8FBF-4844-ACFB-BFC1D9F6E16E-300x133.jpeg\" alt=\"\" width=\"300\" height=\"133\" srcset=\"https:\/\/www.jimmy2.ch\/worldpress\/wp-content\/uploads\/2018\/02\/25EC19EF-8FBF-4844-ACFB-BFC1D9F6E16E-300x133.jpeg 300w, https:\/\/www.jimmy2.ch\/worldpress\/wp-content\/uploads\/2018\/02\/25EC19EF-8FBF-4844-ACFB-BFC1D9F6E16E-768x340.jpeg 768w, https:\/\/www.jimmy2.ch\/worldpress\/wp-content\/uploads\/2018\/02\/25EC19EF-8FBF-4844-ACFB-BFC1D9F6E16E-1024x453.jpeg 1024w\" sizes=\"auto, (max-width: 300px) 100vw, 300px\" \/><\/p>\n<p>Dann wieder zur\u00fcck. Es ist recht kalt. Den Abend verbringen wir im warmen Wohnmobil. Sonntag ist Tatort Tag.<\/p>\n","protected":false},"excerpt":{"rendered":"<p>Sonntag 4. Februar 2018 Tarifa &#8211; Cala de Mijas Stellplatz Wetter: Regen, bew\u00f6lkt, frisch Koordinaten: N 36\u202230\u201822\u201c W 4\u202240\u201856\u201c Km und Reise-Zeit: 151 km 3 1\/2 Std. inkl. Stellplatz in Fuengirola anschauen = voll Solar: 39 Ah 647 Wh 13 &hellip; <a href=\"https:\/\/www.jimmy2.ch\/worldpress\/2018\/02\/04\/mijas\/\">Continue reading <span class=\"meta-nav\">&rarr;<\/span><\/a><\/p>\n","protected":false},"author":1,"featured_media":0,"comment_status":"open","ping_status":"open","sticky":false,"template":"","format":"standard","meta":{"footnotes":""},"categories":[62,71],"tags":[174,216,111,101,213],"class_list":["post-2613","post","type-post","status-publish","format-standard","hentry","category-spanien","category-spanien2018","tag-kalt","tag-mijas","tag-regen","tag-spanien","tag-tarifa"],"_links":{"self":[{"href":"https:\/\/www.jimmy2.ch\/worldpress\/wp-json\/wp\/v2\/posts\/2613","targetHints":{"allow":["GET"]}}],"collection":[{"href":"https:\/\/www.jimmy2.ch\/worldpress\/wp-json\/wp\/v2\/posts"}],"about":[{"href":"https:\/\/www.jimmy2.ch\/worldpress\/wp-json\/wp\/v2\/types\/post"}],"author":[{"embeddable":true,"href":"https:\/\/www.jimmy2.ch\/worldpress\/wp-json\/wp\/v2\/users\/1"}],"replies":[{"embeddable":true,"href":"https:\/\/www.jimmy2.ch\/worldpress\/wp-json\/wp\/v2\/comments?post=2613"}],"version-history":[{"count":1,"href":"https:\/\/www.jimmy2.ch\/worldpress\/wp-json\/wp\/v2\/posts\/2613\/revisions"}],"predecessor-version":[{"id":2615,"href":"https:\/\/www.jimmy2.ch\/worldpress\/wp-json\/wp\/v2\/posts\/2613\/revisions\/2615"}],"wp:attachment":[{"href":"https:\/\/www.jimmy2.ch\/worldpress\/wp-json\/wp\/v2\/media?parent=2613"}],"wp:term":[{"taxonomy":"category","embeddable":true,"href":"https:\/\/www.jimmy2.ch\/worldpress\/wp-json\/wp\/v2\/categories?post=2613"},{"taxonomy":"post_tag","embeddable":true,"href":"https:\/\/www.jimmy2.ch\/worldpress\/wp-json\/wp\/v2\/tags?post=2613"}],"curies":[{"name":"wp","href":"https:\/\/api.w.org\/{rel}","templated":true}]}}