{"id":2293,"date":"2018-01-17T22:01:24","date_gmt":"2018-01-17T21:01:24","guid":{"rendered":"http:\/\/www.jimmy2.ch\/worldpress\/?p=2293"},"modified":"2018-01-18T22:07:25","modified_gmt":"2018-01-18T21:07:25","slug":"richtung-alicante","status":"publish","type":"post","link":"https:\/\/www.jimmy2.ch\/worldpress\/2018\/01\/17\/richtung-alicante\/","title":{"rendered":"Richtung Alicante"},"content":{"rendered":"<p><strong>Mittwoch 17. Januar 2018<\/strong><br \/>\nSp\u00e4tzle Fritz &#8211; Alicante Area autocaravanas Playa de San Juan<br \/>\nWetter: ein traumhaft sch\u00f6ner sonniger und warmer Tag<br \/>\nKm und Reise-Zeit: 335 km 6 Std.<br \/>\nSolar: 25 Ah 415 Wh 12.8 Volt<\/p>\n<p>Um halb drei geht Christa mit Jimmy raus. Wenn wir nachts auf die Toilette gehen wird er munter und m\u00f6chte auch raus. In der Nacht beginnt es dann noch zu st\u00fcrmen. Und das nicht zu knapp. Das Wohnmobil schaukelt wieder ganz sch\u00f6n. Aber das kennen wir ja bereits. Man k\u00f6nnte ja die St\u00fctzen runter lassen.<\/p>\n<p>Gegen 8 Uhr stehe ich auf. Und mit mir auch die Sonne. Es sieht wieder nach einem traumhaft sch\u00f6nen Tag aus. Es st\u00fcrmt noch immer. Der Sturm trifft auf unser Heck. Wenn ich nach draussen gehe muss ich die T\u00fcre richtig gut festhalten damit sie mir nicht aus der Hand gerissen wird. Jimmy hinkt nicht mehr. Daf\u00fcr hat er nun ein Problem mit dem Sturm. Er hat nicht gerne Wind.<\/p>\n<p><img loading=\"lazy\" decoding=\"async\" class=\"aligncenter size-medium wp-image-2316\" src=\"https:\/\/www.jimmy2.ch\/worldpress\/wp-content\/uploads\/2018\/01\/8D795BAE-8FEF-432A-A66D-9430B47C1AE5-300x133.jpeg\" alt=\"\" width=\"300\" height=\"133\" srcset=\"https:\/\/www.jimmy2.ch\/worldpress\/wp-content\/uploads\/2018\/01\/8D795BAE-8FEF-432A-A66D-9430B47C1AE5-300x133.jpeg 300w, https:\/\/www.jimmy2.ch\/worldpress\/wp-content\/uploads\/2018\/01\/8D795BAE-8FEF-432A-A66D-9430B47C1AE5-768x339.jpeg 768w, https:\/\/www.jimmy2.ch\/worldpress\/wp-content\/uploads\/2018\/01\/8D795BAE-8FEF-432A-A66D-9430B47C1AE5-1024x453.jpeg 1024w\" sizes=\"auto, (max-width: 300px) 100vw, 300px\" \/><\/p>\n<p><img loading=\"lazy\" decoding=\"async\" class=\"aligncenter size-medium wp-image-2298\" src=\"https:\/\/www.jimmy2.ch\/worldpress\/wp-content\/uploads\/2018\/01\/74C17325-977D-4990-A8BA-8C5DCF2F1D5F-300x111.jpeg\" alt=\"\" width=\"300\" height=\"111\" srcset=\"https:\/\/www.jimmy2.ch\/worldpress\/wp-content\/uploads\/2018\/01\/74C17325-977D-4990-A8BA-8C5DCF2F1D5F-300x111.jpeg 300w, https:\/\/www.jimmy2.ch\/worldpress\/wp-content\/uploads\/2018\/01\/74C17325-977D-4990-A8BA-8C5DCF2F1D5F-768x284.jpeg 768w, https:\/\/www.jimmy2.ch\/worldpress\/wp-content\/uploads\/2018\/01\/74C17325-977D-4990-A8BA-8C5DCF2F1D5F-1024x379.jpeg 1024w\" sizes=\"auto, (max-width: 300px) 100vw, 300px\" \/><\/p>\n<p>Viele sind schon auf und davon. Wie hier die V + E funktioniert entzieht sich meiner Kenntnis. Und scheinbar auch anderen Wohnmobilfahrern. Die V + E ist abgesperrt. Der Zugang zum Chemie-WC ist jedoch offen.<\/p>\n<p>Um halb zehn sind wir bereit zum Abfahren. Also los. Heute ist Autobahnfahren angesagt. Wir wollen rasch m\u00f6glichst nach Alicante das heisst nach El Campello einem Vorort von Alicante. Mal schauen ob auf dem Stellplatz Campello Beach ein Pl\u00e4tzchen f\u00fcr uns frei ist.<\/p>\n<p><img loading=\"lazy\" decoding=\"async\" class=\"aligncenter size-medium wp-image-2299\" src=\"https:\/\/www.jimmy2.ch\/worldpress\/wp-content\/uploads\/2018\/01\/DCB26F07-E309-43D2-96A2-F97644192522-300x127.jpeg\" alt=\"\" width=\"300\" height=\"127\" srcset=\"https:\/\/www.jimmy2.ch\/worldpress\/wp-content\/uploads\/2018\/01\/DCB26F07-E309-43D2-96A2-F97644192522-300x127.jpeg 300w, https:\/\/www.jimmy2.ch\/worldpress\/wp-content\/uploads\/2018\/01\/DCB26F07-E309-43D2-96A2-F97644192522-768x325.jpeg 768w, https:\/\/www.jimmy2.ch\/worldpress\/wp-content\/uploads\/2018\/01\/DCB26F07-E309-43D2-96A2-F97644192522-1024x433.jpeg 1024w\" sizes=\"auto, (max-width: 300px) 100vw, 300px\" \/><\/p>\n<p><img loading=\"lazy\" decoding=\"async\" class=\"aligncenter size-medium wp-image-2300\" src=\"https:\/\/www.jimmy2.ch\/worldpress\/wp-content\/uploads\/2018\/01\/535E3BBE-607F-4297-A585-5A9A50170717-300x190.jpeg\" alt=\"\" width=\"300\" height=\"190\" srcset=\"https:\/\/www.jimmy2.ch\/worldpress\/wp-content\/uploads\/2018\/01\/535E3BBE-607F-4297-A585-5A9A50170717-300x190.jpeg 300w, https:\/\/www.jimmy2.ch\/worldpress\/wp-content\/uploads\/2018\/01\/535E3BBE-607F-4297-A585-5A9A50170717-768x485.jpeg 768w, https:\/\/www.jimmy2.ch\/worldpress\/wp-content\/uploads\/2018\/01\/535E3BBE-607F-4297-A585-5A9A50170717-1024x647.jpeg 1024w\" sizes=\"auto, (max-width: 300px) 100vw, 300px\" \/><\/p>\n<p><img loading=\"lazy\" decoding=\"async\" class=\"aligncenter size-medium wp-image-2301\" src=\"https:\/\/www.jimmy2.ch\/worldpress\/wp-content\/uploads\/2018\/01\/52A99C1D-ABD7-4813-B213-E86599B5288C-300x211.jpeg\" alt=\"\" width=\"300\" height=\"211\" srcset=\"https:\/\/www.jimmy2.ch\/worldpress\/wp-content\/uploads\/2018\/01\/52A99C1D-ABD7-4813-B213-E86599B5288C-300x211.jpeg 300w, https:\/\/www.jimmy2.ch\/worldpress\/wp-content\/uploads\/2018\/01\/52A99C1D-ABD7-4813-B213-E86599B5288C-768x540.jpeg 768w, https:\/\/www.jimmy2.ch\/worldpress\/wp-content\/uploads\/2018\/01\/52A99C1D-ABD7-4813-B213-E86599B5288C-1024x720.jpeg 1024w\" sizes=\"auto, (max-width: 300px) 100vw, 300px\" \/><\/p>\n<p>Unterwegs tanken wir noch Diesel.<\/p>\n<p><img loading=\"lazy\" decoding=\"async\" class=\"aligncenter size-medium wp-image-2317\" src=\"https:\/\/www.jimmy2.ch\/worldpress\/wp-content\/uploads\/2018\/01\/DB6E1B06-441E-4EA1-89BC-AF96343F12DB-300x225.jpeg\" alt=\"\" width=\"300\" height=\"225\" srcset=\"https:\/\/www.jimmy2.ch\/worldpress\/wp-content\/uploads\/2018\/01\/DB6E1B06-441E-4EA1-89BC-AF96343F12DB-300x225.jpeg 300w, https:\/\/www.jimmy2.ch\/worldpress\/wp-content\/uploads\/2018\/01\/DB6E1B06-441E-4EA1-89BC-AF96343F12DB-768x576.jpeg 768w, https:\/\/www.jimmy2.ch\/worldpress\/wp-content\/uploads\/2018\/01\/DB6E1B06-441E-4EA1-89BC-AF96343F12DB-1024x768.jpeg 1024w\" sizes=\"auto, (max-width: 300px) 100vw, 300px\" \/><\/p>\n<p>Von Valencia sehen wir nichts. Umfahrung dank Autobahn.<\/p>\n<p><img loading=\"lazy\" decoding=\"async\" class=\"aligncenter size-medium wp-image-2305\" src=\"https:\/\/www.jimmy2.ch\/worldpress\/wp-content\/uploads\/2018\/01\/8F73F415-42E1-4091-A8FA-30A0B1E14EBD-300x95.jpeg\" alt=\"\" width=\"300\" height=\"95\" srcset=\"https:\/\/www.jimmy2.ch\/worldpress\/wp-content\/uploads\/2018\/01\/8F73F415-42E1-4091-A8FA-30A0B1E14EBD-300x95.jpeg 300w, https:\/\/www.jimmy2.ch\/worldpress\/wp-content\/uploads\/2018\/01\/8F73F415-42E1-4091-A8FA-30A0B1E14EBD-768x243.jpeg 768w, https:\/\/www.jimmy2.ch\/worldpress\/wp-content\/uploads\/2018\/01\/8F73F415-42E1-4091-A8FA-30A0B1E14EBD-1024x324.jpeg 1024w\" sizes=\"auto, (max-width: 300px) 100vw, 300px\" \/><\/p>\n<p style=\"text-align: center;\">Cullera &#8211; da standen wir letztes Jahr f\u00fcr eine Nacht.<\/p>\n<p><img loading=\"lazy\" decoding=\"async\" class=\"aligncenter size-medium wp-image-2302\" src=\"https:\/\/www.jimmy2.ch\/worldpress\/wp-content\/uploads\/2018\/01\/8A2C211F-CAFA-4BBE-BE46-DF6D26CE3148-300x133.jpeg\" alt=\"\" width=\"300\" height=\"133\" srcset=\"https:\/\/www.jimmy2.ch\/worldpress\/wp-content\/uploads\/2018\/01\/8A2C211F-CAFA-4BBE-BE46-DF6D26CE3148-300x133.jpeg 300w, https:\/\/www.jimmy2.ch\/worldpress\/wp-content\/uploads\/2018\/01\/8A2C211F-CAFA-4BBE-BE46-DF6D26CE3148-768x340.jpeg 768w, https:\/\/www.jimmy2.ch\/worldpress\/wp-content\/uploads\/2018\/01\/8A2C211F-CAFA-4BBE-BE46-DF6D26CE3148-1024x453.jpeg 1024w, https:\/\/www.jimmy2.ch\/worldpress\/wp-content\/uploads\/2018\/01\/8A2C211F-CAFA-4BBE-BE46-DF6D26CE3148.jpeg 1630w\" sizes=\"auto, (max-width: 300px) 100vw, 300px\" \/><\/p>\n<p><img loading=\"lazy\" decoding=\"async\" class=\"aligncenter size-medium wp-image-2303\" src=\"https:\/\/www.jimmy2.ch\/worldpress\/wp-content\/uploads\/2018\/01\/E9E605B0-9D65-42C4-AD05-9A2300DA8A22-300x100.jpeg\" alt=\"\" width=\"300\" height=\"100\" srcset=\"https:\/\/www.jimmy2.ch\/worldpress\/wp-content\/uploads\/2018\/01\/E9E605B0-9D65-42C4-AD05-9A2300DA8A22-300x100.jpeg 300w, https:\/\/www.jimmy2.ch\/worldpress\/wp-content\/uploads\/2018\/01\/E9E605B0-9D65-42C4-AD05-9A2300DA8A22-768x257.jpeg 768w, https:\/\/www.jimmy2.ch\/worldpress\/wp-content\/uploads\/2018\/01\/E9E605B0-9D65-42C4-AD05-9A2300DA8A22-1024x343.jpeg 1024w, https:\/\/www.jimmy2.ch\/worldpress\/wp-content\/uploads\/2018\/01\/E9E605B0-9D65-42C4-AD05-9A2300DA8A22.jpeg 1520w\" sizes=\"auto, (max-width: 300px) 100vw, 300px\" \/><\/p>\n<p style=\"text-align: center;\">Benidorm aus der Ferne. Eine gewaltige Kullisse.<\/p>\n<p>Bei Benidorm Poniente verlassen wir die Autobahn AP-7 Kostenpunkt f\u00fcr 280 km 32 Euro.<\/p>\n<p><img loading=\"lazy\" decoding=\"async\" class=\"aligncenter size-medium wp-image-2307\" src=\"https:\/\/www.jimmy2.ch\/worldpress\/wp-content\/uploads\/2018\/01\/0545F643-810A-4264-99B2-E4CD44444928-300x225.jpeg\" alt=\"\" width=\"300\" height=\"225\" srcset=\"https:\/\/www.jimmy2.ch\/worldpress\/wp-content\/uploads\/2018\/01\/0545F643-810A-4264-99B2-E4CD44444928-300x225.jpeg 300w, https:\/\/www.jimmy2.ch\/worldpress\/wp-content\/uploads\/2018\/01\/0545F643-810A-4264-99B2-E4CD44444928-768x576.jpeg 768w, https:\/\/www.jimmy2.ch\/worldpress\/wp-content\/uploads\/2018\/01\/0545F643-810A-4264-99B2-E4CD44444928-1024x768.jpeg 1024w, https:\/\/www.jimmy2.ch\/worldpress\/wp-content\/uploads\/2018\/01\/0545F643-810A-4264-99B2-E4CD44444928.jpeg 1674w\" sizes=\"auto, (max-width: 300px) 100vw, 300px\" \/><\/p>\n<p><img loading=\"lazy\" decoding=\"async\" class=\"aligncenter size-medium wp-image-2308\" src=\"https:\/\/www.jimmy2.ch\/worldpress\/wp-content\/uploads\/2018\/01\/69B838C3-2F83-4108-832F-87B1B2EE8E68-244x300.jpeg\" alt=\"\" width=\"244\" height=\"300\" srcset=\"https:\/\/www.jimmy2.ch\/worldpress\/wp-content\/uploads\/2018\/01\/69B838C3-2F83-4108-832F-87B1B2EE8E68-244x300.jpeg 244w, https:\/\/www.jimmy2.ch\/worldpress\/wp-content\/uploads\/2018\/01\/69B838C3-2F83-4108-832F-87B1B2EE8E68-768x944.jpeg 768w, https:\/\/www.jimmy2.ch\/worldpress\/wp-content\/uploads\/2018\/01\/69B838C3-2F83-4108-832F-87B1B2EE8E68-833x1024.jpeg 833w, https:\/\/www.jimmy2.ch\/worldpress\/wp-content\/uploads\/2018\/01\/69B838C3-2F83-4108-832F-87B1B2EE8E68.jpeg 1098w\" sizes=\"auto, (max-width: 244px) 100vw, 244px\" \/><\/p>\n<p>Dann geht es Richtung El Campello. Der angefahrene Stellplatz Campello Beacht ist proppenvoll.<\/p>\n<p><img loading=\"lazy\" decoding=\"async\" class=\"aligncenter size-medium wp-image-2313\" src=\"https:\/\/www.jimmy2.ch\/worldpress\/wp-content\/uploads\/2018\/01\/704222DC-44B0-4244-BFEF-C2784A0FD911-182x300.jpeg\" alt=\"\" width=\"182\" height=\"300\" srcset=\"https:\/\/www.jimmy2.ch\/worldpress\/wp-content\/uploads\/2018\/01\/704222DC-44B0-4244-BFEF-C2784A0FD911-182x300.jpeg 182w, https:\/\/www.jimmy2.ch\/worldpress\/wp-content\/uploads\/2018\/01\/704222DC-44B0-4244-BFEF-C2784A0FD911-768x1266.jpeg 768w, https:\/\/www.jimmy2.ch\/worldpress\/wp-content\/uploads\/2018\/01\/704222DC-44B0-4244-BFEF-C2784A0FD911-621x1024.jpeg 621w, https:\/\/www.jimmy2.ch\/worldpress\/wp-content\/uploads\/2018\/01\/704222DC-44B0-4244-BFEF-C2784A0FD911.jpeg 1233w\" sizes=\"auto, (max-width: 182px) 100vw, 182px\" \/><\/p>\n<p>Also Plan B. Der neue Stellplatz Area autocaravanas Playa de San Juan. Er\u00f6ffnet am 1. November 2017. Der Platz ist nur zu 1\/3 belegt. Aber laut Bewertungen im Campercontact sei der Zugang via Automat m\u00fchsam. Das stimmt. Das Display kann ich nicht lesen und somit auch nichts gescheites dr\u00fccken.<\/p>\n<p>Christa bittet einen auf dem Platz anwesenden Camper um Hilfe. Ein Wohnmobilist aus Schweden. Ein sehr netter und hilfsbereiter Mann der nat\u00fcrlich nur englisch spricht. Seine Frau kommt noch mit einem Regenschirm zu Hilfe. Durch die \u201eBeschattung\u201c wird der Bildschirm nun etwas klarer. Ich kann meine Daten eingeben. Die Schranke \u00f6ffnet sich. Schnell ins WoMo und durchfahren.<\/p>\n<p><img loading=\"lazy\" decoding=\"async\" class=\"aligncenter size-medium wp-image-2309\" src=\"https:\/\/www.jimmy2.ch\/worldpress\/wp-content\/uploads\/2018\/01\/1E8FA938-701A-424E-8889-3A7D332652D5-300x211.jpeg\" alt=\"\" width=\"300\" height=\"211\" srcset=\"https:\/\/www.jimmy2.ch\/worldpress\/wp-content\/uploads\/2018\/01\/1E8FA938-701A-424E-8889-3A7D332652D5-300x211.jpeg 300w, https:\/\/www.jimmy2.ch\/worldpress\/wp-content\/uploads\/2018\/01\/1E8FA938-701A-424E-8889-3A7D332652D5-768x541.jpeg 768w, https:\/\/www.jimmy2.ch\/worldpress\/wp-content\/uploads\/2018\/01\/1E8FA938-701A-424E-8889-3A7D332652D5-1024x721.jpeg 1024w\" sizes=\"auto, (max-width: 300px) 100vw, 300px\" \/><\/p>\n<p>Ich habe nun ein Tickes f\u00fcr einen Aufenthalt von 20 Minuten???<\/p>\n<p>Das ist mir im Moment egal. Ich stelle mein Wohnmobil auf Platz No. 33. Gem\u00e4ss Aushang ist jeweils von 16 &#8211; 20 Uhr jemand anwesend. Ich werde mich dann melden gehen.<\/p>\n<p><img loading=\"lazy\" decoding=\"async\" class=\"aligncenter size-medium wp-image-2310\" src=\"https:\/\/www.jimmy2.ch\/worldpress\/wp-content\/uploads\/2018\/01\/4507BE73-DCB2-4EED-A564-A8312AB931A0-300x177.jpeg\" alt=\"\" width=\"300\" height=\"177\" srcset=\"https:\/\/www.jimmy2.ch\/worldpress\/wp-content\/uploads\/2018\/01\/4507BE73-DCB2-4EED-A564-A8312AB931A0-300x177.jpeg 300w, https:\/\/www.jimmy2.ch\/worldpress\/wp-content\/uploads\/2018\/01\/4507BE73-DCB2-4EED-A564-A8312AB931A0-768x452.jpeg 768w, https:\/\/www.jimmy2.ch\/worldpress\/wp-content\/uploads\/2018\/01\/4507BE73-DCB2-4EED-A564-A8312AB931A0-1024x603.jpeg 1024w\" sizes=\"auto, (max-width: 300px) 100vw, 300px\" \/><\/p>\n<p>Es ist richtig heiss hier. Fast alle Camper haben kurze Hosen an und einige sitzen sogar mit blossem Oberk\u00f6rper draussen. Also auch f\u00fcr uns Tenue Sommer montieren. Dann gibt Kaffee und etwas S\u00fcsses.<\/p>\n<p>Mittlerweile ist 16 Uhr vorbei. In Spanien ticken die Uhren halt anders. Es ist noch niemand da. Und so gehen wir erst mal Duschen. Dann mit Jimmy spazieren. Ans Meer das nur wenige Schritte entfernt ist. Eine sch\u00f6ne Promenade. Und ein noch sch\u00f6nerer Sandstrand. 3 km lang!<\/p>\n<p><img loading=\"lazy\" decoding=\"async\" class=\"aligncenter size-medium wp-image-2311\" src=\"https:\/\/www.jimmy2.ch\/worldpress\/wp-content\/uploads\/2018\/01\/8EF51526-7639-4A09-B63E-C78FF94BE472-300x111.jpeg\" alt=\"\" width=\"300\" height=\"111\" srcset=\"https:\/\/www.jimmy2.ch\/worldpress\/wp-content\/uploads\/2018\/01\/8EF51526-7639-4A09-B63E-C78FF94BE472-300x111.jpeg 300w, https:\/\/www.jimmy2.ch\/worldpress\/wp-content\/uploads\/2018\/01\/8EF51526-7639-4A09-B63E-C78FF94BE472-768x284.jpeg 768w, https:\/\/www.jimmy2.ch\/worldpress\/wp-content\/uploads\/2018\/01\/8EF51526-7639-4A09-B63E-C78FF94BE472-1024x379.jpeg 1024w\" sizes=\"auto, (max-width: 300px) 100vw, 300px\" \/><\/p>\n<p><img loading=\"lazy\" decoding=\"async\" class=\"aligncenter size-medium wp-image-2312\" src=\"https:\/\/www.jimmy2.ch\/worldpress\/wp-content\/uploads\/2018\/01\/E51926FF-4C01-4F32-8FB1-E0712BE2B1DA-300x174.jpeg\" alt=\"\" width=\"300\" height=\"174\" srcset=\"https:\/\/www.jimmy2.ch\/worldpress\/wp-content\/uploads\/2018\/01\/E51926FF-4C01-4F32-8FB1-E0712BE2B1DA-300x174.jpeg 300w, https:\/\/www.jimmy2.ch\/worldpress\/wp-content\/uploads\/2018\/01\/E51926FF-4C01-4F32-8FB1-E0712BE2B1DA-768x446.jpeg 768w, https:\/\/www.jimmy2.ch\/worldpress\/wp-content\/uploads\/2018\/01\/E51926FF-4C01-4F32-8FB1-E0712BE2B1DA-1024x595.jpeg 1024w\" sizes=\"auto, (max-width: 300px) 100vw, 300px\" \/><\/p>\n<p>In der Zwischenzeit sind weitere Wohnmobile eingetroffen. Mein Nachbar fragt mich wie es mit dem Strom funktioniere. Ich teile ihm mit, dass es hier noch keinen Strom gibt. So steht es jedenfalls in den Bewertungen von Campercontact.<\/p>\n<p>Mittlerweile ist halb sieben. Vom Platzwart noch keine Spur. Wir machen das Nachtessen parat. Ein anderer Wohnmobilist f\u00fcllt seinen Frischwassertank mit Gieskannen. Das Wasser daf\u00fcr holt er in der Dusche. Scheinbar funktioniert auch die Frischwasser-Anlage nicht.<\/p>\n<p>Um halb neun sieht Christa draussen jemanden rum laufen. Das ist der Platzwart. Er hatte heute seinen freien Tag. Ein sehr netter Kerl. Der Nachbar der Strom w\u00fcnscht kommt auch raus. Mit einem Gemisch aus Spanisch, Franz\u00f6sisch und Englisch l\u00f6sen wir unsere Probleme. Strom gibt es keinen da die Gemeinde den Anschluss ans Netz noch nicht gemacht hat. Der Platz ist ja auch erst seit 2 1\/2 Monaten offen!?!?. Wegen dem Frischwasser wird morgen geschaut.<\/p>\n<p>Dann komme ich dran. Wir gehen zum Automaten und l\u00f6sen ein Ticket. 8 Euro\/Nacht V+E extra auch Toilette entsorgen extra. Bei Dunkelheit ist das Display einwandfrei lesbar.<\/p>\n","protected":false},"excerpt":{"rendered":"<p>Mittwoch 17. Januar 2018 Sp\u00e4tzle Fritz &#8211; Alicante Area autocaravanas Playa de San Juan Wetter: ein traumhaft sch\u00f6ner sonniger und warmer Tag Km und Reise-Zeit: 335 km 6 Std. Solar: 25 Ah 415 Wh 12.8 Volt Um halb drei geht &hellip; <a href=\"https:\/\/www.jimmy2.ch\/worldpress\/2018\/01\/17\/richtung-alicante\/\">Continue reading <span class=\"meta-nav\">&rarr;<\/span><\/a><\/p>\n","protected":false},"author":1,"featured_media":0,"comment_status":"open","ping_status":"open","sticky":false,"template":"","format":"standard","meta":{"footnotes":""},"categories":[62,71],"tags":[191,193,192,194,113,101,188,189],"class_list":["post-2293","post","type-post","status-publish","format-standard","hentry","category-spanien","category-spanien2018","tag-alicante","tag-ap-7","tag-area-autocaravanas-san-juan","tag-el-campello","tag-sonne","tag-spanien","tag-spaetzle-fritz","tag-traumhaftes-wetter"],"_links":{"self":[{"href":"https:\/\/www.jimmy2.ch\/worldpress\/wp-json\/wp\/v2\/posts\/2293","targetHints":{"allow":["GET"]}}],"collection":[{"href":"https:\/\/www.jimmy2.ch\/worldpress\/wp-json\/wp\/v2\/posts"}],"about":[{"href":"https:\/\/www.jimmy2.ch\/worldpress\/wp-json\/wp\/v2\/types\/post"}],"author":[{"embeddable":true,"href":"https:\/\/www.jimmy2.ch\/worldpress\/wp-json\/wp\/v2\/users\/1"}],"replies":[{"embeddable":true,"href":"https:\/\/www.jimmy2.ch\/worldpress\/wp-json\/wp\/v2\/comments?post=2293"}],"version-history":[{"count":3,"href":"https:\/\/www.jimmy2.ch\/worldpress\/wp-json\/wp\/v2\/posts\/2293\/revisions"}],"predecessor-version":[{"id":2319,"href":"https:\/\/www.jimmy2.ch\/worldpress\/wp-json\/wp\/v2\/posts\/2293\/revisions\/2319"}],"wp:attachment":[{"href":"https:\/\/www.jimmy2.ch\/worldpress\/wp-json\/wp\/v2\/media?parent=2293"}],"wp:term":[{"taxonomy":"category","embeddable":true,"href":"https:\/\/www.jimmy2.ch\/worldpress\/wp-json\/wp\/v2\/categories?post=2293"},{"taxonomy":"post_tag","embeddable":true,"href":"https:\/\/www.jimmy2.ch\/worldpress\/wp-json\/wp\/v2\/tags?post=2293"}],"curies":[{"name":"wp","href":"https:\/\/api.w.org\/{rel}","templated":true}]}}