{"id":22614,"date":"2023-09-12T20:24:00","date_gmt":"2023-09-12T19:24:00","guid":{"rendered":"https:\/\/www.jimmy2.ch\/worldpress\/?p=22614"},"modified":"2023-09-14T15:49:53","modified_gmt":"2023-09-14T14:49:53","slug":"preveza-tsoukalades-lefkada-gr","status":"publish","type":"post","link":"https:\/\/www.jimmy2.ch\/worldpress\/2023\/09\/12\/preveza-tsoukalades-lefkada-gr\/","title":{"rendered":"Preveza &#8211; Tsoukalades \/ Lefkada GR"},"content":{"rendered":"\n<p>#logbuchjimmy3ch Tag 704<br>Preveza &#8211; Tsoukalades \/ Lefkada GR<br>52 km 2 1\/2 Std. unterwegs mit einkaufen im Lidl<br>Camper Stop Lefkas <br>20 \u20ac\/Nacht inkl. Strom, Sonderpreise im September inkl. V+E <br><br>38.8239052, 20.6695488<br><br>Dienstag 12. September 2023<br>Wieder Sonne und auf zu einem neuen Etappenziel.<br><br>Eine sehr warme Nacht. Kurz nach sieben donnern die ersten Kieslaster \u00fcber die schlechte Strasse. St\u00f6rt uns aber nicht gross. Wir sehen, dass in der Nacht noch 2 Wohnmobile gekommen sind.<br><br>Es wird wieder ein warmer Tag werden. Bereits um 9 Uhr haben wir 24\u00b0. <\/p>\n\n\n\n<figure class=\"wp-block-image size-large\"><img loading=\"lazy\" decoding=\"async\" width=\"1024\" height=\"768\" src=\"https:\/\/www.jimmy2.ch\/worldpress\/wp-content\/uploads\/2023\/09\/IMG_6474-1024x768.jpeg\" alt=\"\" class=\"wp-image-22638\" srcset=\"https:\/\/www.jimmy2.ch\/worldpress\/wp-content\/uploads\/2023\/09\/IMG_6474-1024x768.jpeg 1024w, https:\/\/www.jimmy2.ch\/worldpress\/wp-content\/uploads\/2023\/09\/IMG_6474-300x225.jpeg 300w, https:\/\/www.jimmy2.ch\/worldpress\/wp-content\/uploads\/2023\/09\/IMG_6474-768x576.jpeg 768w, https:\/\/www.jimmy2.ch\/worldpress\/wp-content\/uploads\/2023\/09\/IMG_6474-1536x1152.jpeg 1536w, https:\/\/www.jimmy2.ch\/worldpress\/wp-content\/uploads\/2023\/09\/IMG_6474-2048x1536.jpeg 2048w\" sizes=\"auto, (max-width: 1024px) 100vw, 1024px\" \/><\/figure>\n\n\n\n<p>Um halb zw\u00f6lf verlassen wir den Parkplatz am Hafen. Ich habe die Navi\u2018s programmiert und auf Goggle Maps geschaut wie wir ohne grosse Probleme auf die Hauptstrasse kommen. <br><br>Aber erstens kommt es anders und zweitens als man denkt. <br><br>Entgegen dem Rat von Christa biege ich dem Wunsch unserer Navi\u2018s folgend links ab. Es hat ja auch einen blauen Wegweiser der in diese Richtung zeigt. Es geht zum Spital. Bald kratzen \u00c4ste auf der rechten Seite dem Wohnmobil entlang. Die Strasse wird immer enger und dann steht da wieder ein griechisches Auto links am Strassenrand. Rechts hat es einen Busch der tief in die Strasse h\u00e4ngt. Kein Vorbeikommen. Christa schimpft mit mir. <br><br>Die Dame des Autos kommt und erkl\u00e4rt mir auf griechisch, dass sie das Auto wegfahren wird. In der Zwischenzeit ist Christa schon ausgestiegen und ich habe den R\u00fcckw\u00e4rts-Gang eingelegt. So kommen wir einigermassen heil wieder raus und auf die Hauptstrasse. <br><br>Nun fahren wir zum Unterwasser-Tunnel. Und wieder erwische ich im Kreisel die falsche Ausfahrt. Aber hier hat es wenigstens genug Platz zum wenden. <br><br>Apropos Kreisel &#8211; hier gibt es Kreisel, da hat man im Kreisel drin keinen Vortritt sondern derjenige der in den Kreisel einbiegt. Also immer vorsichtig fahren und auf die Schilder achten.<br><br>Im 2. Anlauf klappt es und wir fahren in den Underwater Tunnel. <\/p>\n\n\n\n<figure class=\"wp-block-image size-large\"><img loading=\"lazy\" decoding=\"async\" width=\"1024\" height=\"576\" src=\"https:\/\/www.jimmy2.ch\/worldpress\/wp-content\/uploads\/2023\/09\/GPTempDownload-9-1024x576.jpeg\" alt=\"\" class=\"wp-image-22649\" srcset=\"https:\/\/www.jimmy2.ch\/worldpress\/wp-content\/uploads\/2023\/09\/GPTempDownload-9-1024x576.jpeg 1024w, https:\/\/www.jimmy2.ch\/worldpress\/wp-content\/uploads\/2023\/09\/GPTempDownload-9-300x169.jpeg 300w, https:\/\/www.jimmy2.ch\/worldpress\/wp-content\/uploads\/2023\/09\/GPTempDownload-9-768x432.jpeg 768w, https:\/\/www.jimmy2.ch\/worldpress\/wp-content\/uploads\/2023\/09\/GPTempDownload-9-1536x864.jpeg 1536w, https:\/\/www.jimmy2.ch\/worldpress\/wp-content\/uploads\/2023\/09\/GPTempDownload-9-2048x1152.jpeg 2048w\" sizes=\"auto, (max-width: 1024px) 100vw, 1024px\" \/><\/figure>\n\n\n\n<figure class=\"wp-block-image size-large\"><img loading=\"lazy\" decoding=\"async\" width=\"1024\" height=\"576\" src=\"https:\/\/www.jimmy2.ch\/worldpress\/wp-content\/uploads\/2023\/09\/GPTempDownload-10-1024x576.jpeg\" alt=\"\" class=\"wp-image-22650\" srcset=\"https:\/\/www.jimmy2.ch\/worldpress\/wp-content\/uploads\/2023\/09\/GPTempDownload-10-1024x576.jpeg 1024w, https:\/\/www.jimmy2.ch\/worldpress\/wp-content\/uploads\/2023\/09\/GPTempDownload-10-300x169.jpeg 300w, https:\/\/www.jimmy2.ch\/worldpress\/wp-content\/uploads\/2023\/09\/GPTempDownload-10-768x432.jpeg 768w, https:\/\/www.jimmy2.ch\/worldpress\/wp-content\/uploads\/2023\/09\/GPTempDownload-10-1536x864.jpeg 1536w, https:\/\/www.jimmy2.ch\/worldpress\/wp-content\/uploads\/2023\/09\/GPTempDownload-10-2048x1152.jpeg 2048w\" sizes=\"auto, (max-width: 1024px) 100vw, 1024px\" \/><\/figure>\n\n\n\n<figure class=\"wp-block-image size-large\"><img loading=\"lazy\" decoding=\"async\" width=\"1024\" height=\"576\" src=\"https:\/\/www.jimmy2.ch\/worldpress\/wp-content\/uploads\/2023\/09\/GPTempDownload-7-1024x576.jpeg\" alt=\"\" class=\"wp-image-22647\" srcset=\"https:\/\/www.jimmy2.ch\/worldpress\/wp-content\/uploads\/2023\/09\/GPTempDownload-7-1024x576.jpeg 1024w, https:\/\/www.jimmy2.ch\/worldpress\/wp-content\/uploads\/2023\/09\/GPTempDownload-7-300x169.jpeg 300w, https:\/\/www.jimmy2.ch\/worldpress\/wp-content\/uploads\/2023\/09\/GPTempDownload-7-768x432.jpeg 768w, https:\/\/www.jimmy2.ch\/worldpress\/wp-content\/uploads\/2023\/09\/GPTempDownload-7-1536x864.jpeg 1536w, https:\/\/www.jimmy2.ch\/worldpress\/wp-content\/uploads\/2023\/09\/GPTempDownload-7-2048x1152.jpeg 2048w\" sizes=\"auto, (max-width: 1024px) 100vw, 1024px\" \/><\/figure>\n\n\n\n<p>Nicht so spektakul\u00e4r wie derjenige vom Nordkap. <\/p>\n\n\n\n<figure class=\"wp-block-image size-large is-resized\"><img loading=\"lazy\" decoding=\"async\" src=\"https:\/\/www.jimmy2.ch\/worldpress\/wp-content\/uploads\/2023\/09\/GPTempDownload-8-1024x576.jpeg\" alt=\"\" class=\"wp-image-22648\" style=\"width:727px;height:409px\" width=\"727\" height=\"409\" srcset=\"https:\/\/www.jimmy2.ch\/worldpress\/wp-content\/uploads\/2023\/09\/GPTempDownload-8-1024x576.jpeg 1024w, https:\/\/www.jimmy2.ch\/worldpress\/wp-content\/uploads\/2023\/09\/GPTempDownload-8-300x169.jpeg 300w, https:\/\/www.jimmy2.ch\/worldpress\/wp-content\/uploads\/2023\/09\/GPTempDownload-8-768x432.jpeg 768w, https:\/\/www.jimmy2.ch\/worldpress\/wp-content\/uploads\/2023\/09\/GPTempDownload-8-1536x864.jpeg 1536w, https:\/\/www.jimmy2.ch\/worldpress\/wp-content\/uploads\/2023\/09\/GPTempDownload-8-2048x1152.jpeg 2048w\" sizes=\"auto, (max-width: 727px) 100vw, 727px\" \/><\/figure>\n\n\n\n<p>Wieder am Tageslicht folgt die Zahlstelle. 7.50 Euro. <br><br>Wir fahren weiter auf der einfachen E952 um die Landepiste des Flughafens herum auf die sch\u00f6ne 4-spurige E55. Ein wundersch\u00f6ner Blick auf die Landschaft mit den Seen. Nach einer Weile biegen wir rechts ab Richtung Lefkada. Die Strasse Nr. 42 ist wieder enger und schlechter. Hier gibt es g\u00fcnstigen Diesel. 1.749 der Liter mit Bedienung. Da f\u00fcllen wir noch unseren Tank. Wieder sch\u00f6ne Landschaft. Aber viele Baustellen. Die Strasse wird verbreitert. Dazu muss viel Stein abgebaut werden. <br><br>Wir erreichen die \u201eSchiffbr\u00fccke\u201c \u201eAgia Marva\u201c. Ein heiden L\u00e4rm bei der \u00dcberfahrt. <\/p>\n\n\n\n<figure class=\"wp-block-image size-large\"><img loading=\"lazy\" decoding=\"async\" width=\"1024\" height=\"768\" src=\"https:\/\/www.jimmy2.ch\/worldpress\/wp-content\/uploads\/2023\/09\/IMG_8242-1024x768.jpeg\" alt=\"\" class=\"wp-image-22652\" srcset=\"https:\/\/www.jimmy2.ch\/worldpress\/wp-content\/uploads\/2023\/09\/IMG_8242-1024x768.jpeg 1024w, https:\/\/www.jimmy2.ch\/worldpress\/wp-content\/uploads\/2023\/09\/IMG_8242-300x225.jpeg 300w, https:\/\/www.jimmy2.ch\/worldpress\/wp-content\/uploads\/2023\/09\/IMG_8242-768x576.jpeg 768w, https:\/\/www.jimmy2.ch\/worldpress\/wp-content\/uploads\/2023\/09\/IMG_8242-1536x1152.jpeg 1536w, https:\/\/www.jimmy2.ch\/worldpress\/wp-content\/uploads\/2023\/09\/IMG_8242-2048x1536.jpeg 2048w\" sizes=\"auto, (max-width: 1024px) 100vw, 1024px\" \/><\/figure>\n\n\n\n<figure class=\"wp-block-image size-large\"><img loading=\"lazy\" decoding=\"async\" width=\"1024\" height=\"564\" src=\"https:\/\/www.jimmy2.ch\/worldpress\/wp-content\/uploads\/2023\/09\/IMG_1045-1024x564.jpeg\" alt=\"\" class=\"wp-image-22653\" srcset=\"https:\/\/www.jimmy2.ch\/worldpress\/wp-content\/uploads\/2023\/09\/IMG_1045-1024x564.jpeg 1024w, https:\/\/www.jimmy2.ch\/worldpress\/wp-content\/uploads\/2023\/09\/IMG_1045-300x165.jpeg 300w, https:\/\/www.jimmy2.ch\/worldpress\/wp-content\/uploads\/2023\/09\/IMG_1045-768x423.jpeg 768w, https:\/\/www.jimmy2.ch\/worldpress\/wp-content\/uploads\/2023\/09\/IMG_1045-1536x846.jpeg 1536w, https:\/\/www.jimmy2.ch\/worldpress\/wp-content\/uploads\/2023\/09\/IMG_1045-2048x1129.jpeg 2048w\" sizes=\"auto, (max-width: 1024px) 100vw, 1024px\" \/><\/figure>\n\n\n\n<p>Eigentlich m\u00f6chte ich links abbiegen. Aber das Schild sagt, dass alles \u00fcber 5 to rechts um die Stadt herumfahren soll. <\/p>\n\n\n\n<figure class=\"wp-block-image size-large\"><img loading=\"lazy\" decoding=\"async\" width=\"1024\" height=\"565\" src=\"https:\/\/www.jimmy2.ch\/worldpress\/wp-content\/uploads\/2023\/09\/IMG_1046-1024x565.jpeg\" alt=\"\" class=\"wp-image-22654\" srcset=\"https:\/\/www.jimmy2.ch\/worldpress\/wp-content\/uploads\/2023\/09\/IMG_1046-1024x565.jpeg 1024w, https:\/\/www.jimmy2.ch\/worldpress\/wp-content\/uploads\/2023\/09\/IMG_1046-300x166.jpeg 300w, https:\/\/www.jimmy2.ch\/worldpress\/wp-content\/uploads\/2023\/09\/IMG_1046-768x424.jpeg 768w, https:\/\/www.jimmy2.ch\/worldpress\/wp-content\/uploads\/2023\/09\/IMG_1046-1536x848.jpeg 1536w, https:\/\/www.jimmy2.ch\/worldpress\/wp-content\/uploads\/2023\/09\/IMG_1046-2048x1130.jpeg 2048w\" sizes=\"auto, (max-width: 1024px) 100vw, 1024px\" \/><\/figure>\n\n\n\n<p>Im R\u00fcckspiegel sehe ich dann, dass ich scheinbar der Einzige bin, der sich daran h\u00e4lt. Aber was soll\u2019s. <\/p>\n\n\n\n<figure class=\"wp-block-image size-large\"><img loading=\"lazy\" decoding=\"async\" width=\"1024\" height=\"768\" src=\"https:\/\/www.jimmy2.ch\/worldpress\/wp-content\/uploads\/2023\/09\/IMG_8243-1024x768.jpeg\" alt=\"\" class=\"wp-image-22651\" srcset=\"https:\/\/www.jimmy2.ch\/worldpress\/wp-content\/uploads\/2023\/09\/IMG_8243-1024x768.jpeg 1024w, https:\/\/www.jimmy2.ch\/worldpress\/wp-content\/uploads\/2023\/09\/IMG_8243-300x225.jpeg 300w, https:\/\/www.jimmy2.ch\/worldpress\/wp-content\/uploads\/2023\/09\/IMG_8243-768x576.jpeg 768w, https:\/\/www.jimmy2.ch\/worldpress\/wp-content\/uploads\/2023\/09\/IMG_8243-1536x1152.jpeg 1536w, https:\/\/www.jimmy2.ch\/worldpress\/wp-content\/uploads\/2023\/09\/IMG_8243-2048x1536.jpeg 2048w\" sizes=\"auto, (max-width: 1024px) 100vw, 1024px\" \/><\/figure>\n\n\n\n<figure class=\"wp-block-image size-large\"><img loading=\"lazy\" decoding=\"async\" width=\"1024\" height=\"563\" src=\"https:\/\/www.jimmy2.ch\/worldpress\/wp-content\/uploads\/2023\/09\/IMG_1047-1024x563.jpeg\" alt=\"\" class=\"wp-image-22655\" srcset=\"https:\/\/www.jimmy2.ch\/worldpress\/wp-content\/uploads\/2023\/09\/IMG_1047-1024x563.jpeg 1024w, https:\/\/www.jimmy2.ch\/worldpress\/wp-content\/uploads\/2023\/09\/IMG_1047-300x165.jpeg 300w, https:\/\/www.jimmy2.ch\/worldpress\/wp-content\/uploads\/2023\/09\/IMG_1047-768x422.jpeg 768w, https:\/\/www.jimmy2.ch\/worldpress\/wp-content\/uploads\/2023\/09\/IMG_1047-1536x845.jpeg 1536w, https:\/\/www.jimmy2.ch\/worldpress\/wp-content\/uploads\/2023\/09\/IMG_1047-2048x1126.jpeg 2048w\" sizes=\"auto, (max-width: 1024px) 100vw, 1024px\" \/><\/figure>\n\n\n\n<p>So sehen wir auch diese Seite von Lefkada. <br><br>Auf engen und schmalen Strassen fahren wir zum Lidl. Wie auf Google Maps geschaut hat es einen grossen Parkplatz wo wir unser Wohnmobil problemlos abstellen k\u00f6nnen. <\/p>\n\n\n\n<figure class=\"wp-block-image size-large\"><img loading=\"lazy\" decoding=\"async\" width=\"1024\" height=\"768\" src=\"https:\/\/www.jimmy2.ch\/worldpress\/wp-content\/uploads\/2023\/09\/IMG_6477-1024x768.jpeg\" alt=\"\" class=\"wp-image-22639\" srcset=\"https:\/\/www.jimmy2.ch\/worldpress\/wp-content\/uploads\/2023\/09\/IMG_6477-1024x768.jpeg 1024w, https:\/\/www.jimmy2.ch\/worldpress\/wp-content\/uploads\/2023\/09\/IMG_6477-300x225.jpeg 300w, https:\/\/www.jimmy2.ch\/worldpress\/wp-content\/uploads\/2023\/09\/IMG_6477-768x576.jpeg 768w, https:\/\/www.jimmy2.ch\/worldpress\/wp-content\/uploads\/2023\/09\/IMG_6477-1536x1152.jpeg 1536w, https:\/\/www.jimmy2.ch\/worldpress\/wp-content\/uploads\/2023\/09\/IMG_6477-2048x1536.jpeg 2048w\" sizes=\"auto, (max-width: 1024px) 100vw, 1024px\" \/><\/figure>\n\n\n\n<p>In der Hauptsaison wird das wohl nicht gehen. Es ist das erste Mal, dass wir mit dem Morelo so einkaufen gehen. Und auch, dass wir beide in den Laden gehen. Das machen wir sonst nie. Der Lidl ist wie der Lidl ist &#8211; nur ist alles auf griechisch angeschrieben und man versteht nichts.<br><br>Nachdem der Einkauf verstaut ist, nehmen wir noch die letzten ca. 8 km zum Camper Stop Lefkas unter die R\u00e4der. Es geht den Berg hinauf. Auf 230 Meter \u00fcber Meer. <\/p>\n\n\n\n<figure class=\"wp-block-image size-large\"><img loading=\"lazy\" decoding=\"async\" width=\"952\" height=\"1024\" src=\"https:\/\/www.jimmy2.ch\/worldpress\/wp-content\/uploads\/2023\/09\/IMG_1025-952x1024.jpeg\" alt=\"\" class=\"wp-image-22644\" srcset=\"https:\/\/www.jimmy2.ch\/worldpress\/wp-content\/uploads\/2023\/09\/IMG_1025-952x1024.jpeg 952w, https:\/\/www.jimmy2.ch\/worldpress\/wp-content\/uploads\/2023\/09\/IMG_1025-279x300.jpeg 279w, https:\/\/www.jimmy2.ch\/worldpress\/wp-content\/uploads\/2023\/09\/IMG_1025-768x826.jpeg 768w, https:\/\/www.jimmy2.ch\/worldpress\/wp-content\/uploads\/2023\/09\/IMG_1025-1428x1536.jpeg 1428w, https:\/\/www.jimmy2.ch\/worldpress\/wp-content\/uploads\/2023\/09\/IMG_1025.jpeg 1903w\" sizes=\"auto, (max-width: 952px) 100vw, 952px\" \/><\/figure>\n\n\n\n<p>Die Abfahrt ab der Hauptstrasse liegt in einer Kurve, und ist, wenn man von unten kommt etwas un\u00fcbersichtlich. Zumal die Griechen relativ rasant den Berg runter fahren. Zudem ist sie eng. Nur ein Fahrzeug hat Platz und wie so oft h\u00e4ngen B\u00fcsche in die Strasse. Es kratzt wieder einmal.<br><br>Dann stehen wir vor dem \u201eTor\u201c. <\/p>\n\n\n\n<figure class=\"wp-block-image size-large\"><img loading=\"lazy\" decoding=\"async\" width=\"1024\" height=\"576\" src=\"https:\/\/www.jimmy2.ch\/worldpress\/wp-content\/uploads\/2023\/09\/GPTempDownload-5-1024x576.jpeg\" alt=\"\" class=\"wp-image-22645\" srcset=\"https:\/\/www.jimmy2.ch\/worldpress\/wp-content\/uploads\/2023\/09\/GPTempDownload-5-1024x576.jpeg 1024w, https:\/\/www.jimmy2.ch\/worldpress\/wp-content\/uploads\/2023\/09\/GPTempDownload-5-300x169.jpeg 300w, https:\/\/www.jimmy2.ch\/worldpress\/wp-content\/uploads\/2023\/09\/GPTempDownload-5-768x432.jpeg 768w, https:\/\/www.jimmy2.ch\/worldpress\/wp-content\/uploads\/2023\/09\/GPTempDownload-5-1536x864.jpeg 1536w, https:\/\/www.jimmy2.ch\/worldpress\/wp-content\/uploads\/2023\/09\/GPTempDownload-5-2048x1152.jpeg 2048w\" sizes=\"auto, (max-width: 1024px) 100vw, 1024px\" \/><\/figure>\n\n\n\n<p>W\u00e4re sch\u00f6n wenn die \u00d6ffnung etwas gr\u00f6sser w\u00e4re. <\/p>\n\n\n\n<figure class=\"wp-block-image size-large\"><img loading=\"lazy\" decoding=\"async\" width=\"1024\" height=\"576\" src=\"https:\/\/www.jimmy2.ch\/worldpress\/wp-content\/uploads\/2023\/09\/GPTempDownload-6-1024x576.jpeg\" alt=\"\" class=\"wp-image-22646\" srcset=\"https:\/\/www.jimmy2.ch\/worldpress\/wp-content\/uploads\/2023\/09\/GPTempDownload-6-1024x576.jpeg 1024w, https:\/\/www.jimmy2.ch\/worldpress\/wp-content\/uploads\/2023\/09\/GPTempDownload-6-300x169.jpeg 300w, https:\/\/www.jimmy2.ch\/worldpress\/wp-content\/uploads\/2023\/09\/GPTempDownload-6-768x432.jpeg 768w, https:\/\/www.jimmy2.ch\/worldpress\/wp-content\/uploads\/2023\/09\/GPTempDownload-6-1536x864.jpeg 1536w, https:\/\/www.jimmy2.ch\/worldpress\/wp-content\/uploads\/2023\/09\/GPTempDownload-6-2048x1152.jpeg 2048w\" sizes=\"auto, (max-width: 1024px) 100vw, 1024px\" \/><\/figure>\n\n\n\n<p>Christa steigt aus und lotst mit durch den schmalen Eingang. Mit unseren 9 Metern sind wir einfach etwas lang. Aber wir schaffen es auch diesmal, werden freundlich begr\u00fcsst und bekommen einen sch\u00f6nen Eck-Platz. Neben uns steht ein Van mit ZH-Kontrollschild und die Herrschaften kommen aus Gossau ZH. Ja die Welt ist klein. Wir begr\u00fcssen uns und quatschen kurz miteinander. Dann installieren wir uns. Wir wollen einige Tage hier bleiben.  <br><\/p>\n\n\n\n<figure class=\"wp-block-image size-large\"><img loading=\"lazy\" decoding=\"async\" width=\"1024\" height=\"768\" src=\"https:\/\/www.jimmy2.ch\/worldpress\/wp-content\/uploads\/2023\/09\/IMG_6478-1024x768.jpeg\" alt=\"\" class=\"wp-image-22640\" srcset=\"https:\/\/www.jimmy2.ch\/worldpress\/wp-content\/uploads\/2023\/09\/IMG_6478-1024x768.jpeg 1024w, https:\/\/www.jimmy2.ch\/worldpress\/wp-content\/uploads\/2023\/09\/IMG_6478-300x225.jpeg 300w, https:\/\/www.jimmy2.ch\/worldpress\/wp-content\/uploads\/2023\/09\/IMG_6478-768x576.jpeg 768w, https:\/\/www.jimmy2.ch\/worldpress\/wp-content\/uploads\/2023\/09\/IMG_6478-1536x1152.jpeg 1536w, https:\/\/www.jimmy2.ch\/worldpress\/wp-content\/uploads\/2023\/09\/IMG_6478-2048x1536.jpeg 2048w\" sizes=\"auto, (max-width: 1024px) 100vw, 1024px\" \/><\/figure>\n\n\n\n<figure class=\"wp-block-image size-large\"><img loading=\"lazy\" decoding=\"async\" width=\"1024\" height=\"768\" src=\"https:\/\/www.jimmy2.ch\/worldpress\/wp-content\/uploads\/2023\/09\/IMG_6479-1024x768.jpeg\" alt=\"\" class=\"wp-image-22641\" srcset=\"https:\/\/www.jimmy2.ch\/worldpress\/wp-content\/uploads\/2023\/09\/IMG_6479-1024x768.jpeg 1024w, https:\/\/www.jimmy2.ch\/worldpress\/wp-content\/uploads\/2023\/09\/IMG_6479-300x225.jpeg 300w, https:\/\/www.jimmy2.ch\/worldpress\/wp-content\/uploads\/2023\/09\/IMG_6479-768x576.jpeg 768w, https:\/\/www.jimmy2.ch\/worldpress\/wp-content\/uploads\/2023\/09\/IMG_6479-1536x1152.jpeg 1536w, https:\/\/www.jimmy2.ch\/worldpress\/wp-content\/uploads\/2023\/09\/IMG_6479-2048x1536.jpeg 2048w\" sizes=\"auto, (max-width: 1024px) 100vw, 1024px\" \/><\/figure>\n\n\n\n<figure class=\"wp-block-image size-large\"><img loading=\"lazy\" decoding=\"async\" width=\"1024\" height=\"768\" src=\"https:\/\/www.jimmy2.ch\/worldpress\/wp-content\/uploads\/2023\/09\/IMG_6482-1024x768.jpeg\" alt=\"\" class=\"wp-image-22643\" srcset=\"https:\/\/www.jimmy2.ch\/worldpress\/wp-content\/uploads\/2023\/09\/IMG_6482-1024x768.jpeg 1024w, https:\/\/www.jimmy2.ch\/worldpress\/wp-content\/uploads\/2023\/09\/IMG_6482-300x225.jpeg 300w, https:\/\/www.jimmy2.ch\/worldpress\/wp-content\/uploads\/2023\/09\/IMG_6482-768x576.jpeg 768w, https:\/\/www.jimmy2.ch\/worldpress\/wp-content\/uploads\/2023\/09\/IMG_6482-1536x1152.jpeg 1536w, https:\/\/www.jimmy2.ch\/worldpress\/wp-content\/uploads\/2023\/09\/IMG_6482-2048x1536.jpeg 2048w\" sizes=\"auto, (max-width: 1024px) 100vw, 1024px\" \/><\/figure>\n\n\n\n<p><\/p>\n\n\n\n<p><\/p>\n","protected":false},"excerpt":{"rendered":"<p>#logbuchjimmy3ch Tag 704Preveza &#8211; Tsoukalades \/ Lefkada GR52 km 2 1\/2 Std. unterwegs mit einkaufen im LidlCamper Stop Lefkas 20 \u20ac\/Nacht inkl. Strom, Sonderpreise im September inkl. V+E 38.8239052, 20.6695488 Dienstag 12. September 2023Wieder Sonne und auf zu einem neuen &hellip; <a href=\"https:\/\/www.jimmy2.ch\/worldpress\/2023\/09\/12\/preveza-tsoukalades-lefkada-gr\/\">Continue reading <span class=\"meta-nav\">&rarr;<\/span><\/a><\/p>\n","protected":false},"author":1,"featured_media":0,"comment_status":"open","ping_status":"open","sticky":false,"template":"","format":"standard","meta":{"footnotes":""},"categories":[1241],"tags":[1252,1242,767,1251,393,1250,768,770],"class_list":["post-22614","post","type-post","status-publish","format-standard","hentry","category-griechenland","tag-camper-stop-lefkas","tag-griechenland","tag-leben-im-wohnmobil","tag-lefkada","tag-mittelmeer","tag-preveza","tag-reisen-im-wohnmobil","tag-wohnen-im-wohnmobil"],"_links":{"self":[{"href":"https:\/\/www.jimmy2.ch\/worldpress\/wp-json\/wp\/v2\/posts\/22614","targetHints":{"allow":["GET"]}}],"collection":[{"href":"https:\/\/www.jimmy2.ch\/worldpress\/wp-json\/wp\/v2\/posts"}],"about":[{"href":"https:\/\/www.jimmy2.ch\/worldpress\/wp-json\/wp\/v2\/types\/post"}],"author":[{"embeddable":true,"href":"https:\/\/www.jimmy2.ch\/worldpress\/wp-json\/wp\/v2\/users\/1"}],"replies":[{"embeddable":true,"href":"https:\/\/www.jimmy2.ch\/worldpress\/wp-json\/wp\/v2\/comments?post=22614"}],"version-history":[{"count":3,"href":"https:\/\/www.jimmy2.ch\/worldpress\/wp-json\/wp\/v2\/posts\/22614\/revisions"}],"predecessor-version":[{"id":22657,"href":"https:\/\/www.jimmy2.ch\/worldpress\/wp-json\/wp\/v2\/posts\/22614\/revisions\/22657"}],"wp:attachment":[{"href":"https:\/\/www.jimmy2.ch\/worldpress\/wp-json\/wp\/v2\/media?parent=22614"}],"wp:term":[{"taxonomy":"category","embeddable":true,"href":"https:\/\/www.jimmy2.ch\/worldpress\/wp-json\/wp\/v2\/categories?post=22614"},{"taxonomy":"post_tag","embeddable":true,"href":"https:\/\/www.jimmy2.ch\/worldpress\/wp-json\/wp\/v2\/tags?post=22614"}],"curies":[{"name":"wp","href":"https:\/\/api.w.org\/{rel}","templated":true}]}}