{"id":22503,"date":"2023-09-06T21:55:00","date_gmt":"2023-09-06T20:55:00","guid":{"rendered":"https:\/\/www.jimmy2.ch\/worldpress\/?p=22503"},"modified":"2023-09-09T18:59:54","modified_gmt":"2023-09-09T17:59:54","slug":"parga-gr","status":"publish","type":"post","link":"https:\/\/www.jimmy2.ch\/worldpress\/2023\/09\/06\/parga-gr\/","title":{"rendered":"Parga GR"},"content":{"rendered":"\n<p>#logbuchjimmy3ch Tag 698<br>Parga GR<br>Parkplatz Valtos Parga <br>15 \u20ac \/ Nacht inkl. Wasser <br><br>39.2860970, 20.3882130<br><br>Mittwoch 6. September 2023<br>Ein weiterer Tag mit etwas Regen. <br><br>Gegen 8 Uhr regnet es. Sp\u00e4ter l\u00e4sst der Regen nach aber es zieht ein kr\u00e4ftiger Wind auf. Das bei warmen 24\u00b0. <br><br>Wir spazieren bei uns an den Strand hinunter. Ich halte mal meine F\u00fcsse ins Wasser. Sehr angenehm die Wasser-Temperatur.<\/p>\n\n\n<div class=\"wp-block-image\">\n<figure class=\"aligncenter size-large\"><img loading=\"lazy\" decoding=\"async\" width=\"768\" height=\"1024\" src=\"https:\/\/www.jimmy2.ch\/worldpress\/wp-content\/uploads\/2023\/09\/IMG_6392-768x1024.jpeg\" alt=\"\" class=\"wp-image-22529\" srcset=\"https:\/\/www.jimmy2.ch\/worldpress\/wp-content\/uploads\/2023\/09\/IMG_6392-768x1024.jpeg 768w, https:\/\/www.jimmy2.ch\/worldpress\/wp-content\/uploads\/2023\/09\/IMG_6392-225x300.jpeg 225w, https:\/\/www.jimmy2.ch\/worldpress\/wp-content\/uploads\/2023\/09\/IMG_6392-1152x1536.jpeg 1152w, https:\/\/www.jimmy2.ch\/worldpress\/wp-content\/uploads\/2023\/09\/IMG_6392-1536x2048.jpeg 1536w, https:\/\/www.jimmy2.ch\/worldpress\/wp-content\/uploads\/2023\/09\/IMG_6392-scaled.jpeg 1920w\" sizes=\"auto, (max-width: 768px) 100vw, 768px\" \/><\/figure><\/div>\n\n\n<p>Viel ist nicht los. Zu fr\u00fch und das Wetter zu unbest\u00e4ndig. <\/p>\n\n\n\n<figure class=\"wp-block-image size-large is-resized\"><img loading=\"lazy\" decoding=\"async\" src=\"https:\/\/www.jimmy2.ch\/worldpress\/wp-content\/uploads\/2023\/09\/IMG_6393-1024x768.jpeg\" alt=\"\" class=\"wp-image-22530\" style=\"width:848px;height:636px\" width=\"848\" height=\"636\" srcset=\"https:\/\/www.jimmy2.ch\/worldpress\/wp-content\/uploads\/2023\/09\/IMG_6393-1024x768.jpeg 1024w, https:\/\/www.jimmy2.ch\/worldpress\/wp-content\/uploads\/2023\/09\/IMG_6393-300x225.jpeg 300w, https:\/\/www.jimmy2.ch\/worldpress\/wp-content\/uploads\/2023\/09\/IMG_6393-768x576.jpeg 768w, https:\/\/www.jimmy2.ch\/worldpress\/wp-content\/uploads\/2023\/09\/IMG_6393-1536x1152.jpeg 1536w, https:\/\/www.jimmy2.ch\/worldpress\/wp-content\/uploads\/2023\/09\/IMG_6393-2048x1536.jpeg 2048w\" sizes=\"auto, (max-width: 848px) 100vw, 848px\" \/><\/figure>\n\n\n\n<p>Am Nachmittag wird das Wetter besser, die Temperatur steigt auf 28\u00b0. Wir packen unsere Sachen und gehen auf die andere Seite an den \u00f6ffentlichen Strand. Kaum angekommen beginnt es zu nieseln. Viele packen zusammen. Wir gehen ins angenehm warme Wasser und erfrischen uns. <br><br>Leider nimmt das Nieseln an Intensit\u00e4t zu und auch wir machen uns wieder auf den Heimweg. <\/p>\n\n\n\n<figure class=\"wp-block-image size-large\"><img loading=\"lazy\" decoding=\"async\" width=\"1024\" height=\"768\" src=\"https:\/\/www.jimmy2.ch\/worldpress\/wp-content\/uploads\/2023\/09\/IMG_6395-1024x768.jpeg\" alt=\"\" class=\"wp-image-22531\" srcset=\"https:\/\/www.jimmy2.ch\/worldpress\/wp-content\/uploads\/2023\/09\/IMG_6395-1024x768.jpeg 1024w, https:\/\/www.jimmy2.ch\/worldpress\/wp-content\/uploads\/2023\/09\/IMG_6395-300x225.jpeg 300w, https:\/\/www.jimmy2.ch\/worldpress\/wp-content\/uploads\/2023\/09\/IMG_6395-768x576.jpeg 768w, https:\/\/www.jimmy2.ch\/worldpress\/wp-content\/uploads\/2023\/09\/IMG_6395-1536x1152.jpeg 1536w, https:\/\/www.jimmy2.ch\/worldpress\/wp-content\/uploads\/2023\/09\/IMG_6395-2048x1536.jpeg 2048w\" sizes=\"auto, (max-width: 1024px) 100vw, 1024px\" \/><\/figure>\n\n\n\n<p><br>Die Nachrichten informieren uns \u00fcber die schweren Unwetter in Mittelgriechenland. Unvorstellbar was da f\u00fcr Wasser vom Himmel f\u00e4llt. Und immer an der gleichen Stelle. Die armen Griechen. Zuerst die katastrophalen Waldbr\u00e4nde und nun diese Sintflut. <br><br>F\u00fcr Morgen ist bessere Wetter angesagt und ich m\u00f6chte weiter ziehen. Aber Christa dr\u00e4ngt mich, noch einen Tag zu warten und zu schauen, wie sich das Wetter wirklich entwickelt.<br><br>Und so werden wir es machen. <br><\/p>\n","protected":false},"excerpt":{"rendered":"<p>#logbuchjimmy3ch Tag 698Parga GRParkplatz Valtos Parga 15 \u20ac \/ Nacht inkl. Wasser 39.2860970, 20.3882130 Mittwoch 6. September 2023Ein weiterer Tag mit etwas Regen. Gegen 8 Uhr regnet es. Sp\u00e4ter l\u00e4sst der Regen nach aber es zieht ein kr\u00e4ftiger Wind auf. &hellip; <a href=\"https:\/\/www.jimmy2.ch\/worldpress\/2023\/09\/06\/parga-gr\/\">Continue reading <span class=\"meta-nav\">&rarr;<\/span><\/a><\/p>\n","protected":false},"author":1,"featured_media":0,"comment_status":"open","ping_status":"open","sticky":false,"template":"","format":"standard","meta":{"footnotes":""},"categories":[1241],"tags":[1242,767,393,851,1245,768,770],"class_list":["post-22503","post","type-post","status-publish","format-standard","hentry","category-griechenland","tag-griechenland","tag-leben-im-wohnmobil","tag-mittelmeer","tag-morelo","tag-parga","tag-reisen-im-wohnmobil","tag-wohnen-im-wohnmobil"],"_links":{"self":[{"href":"https:\/\/www.jimmy2.ch\/worldpress\/wp-json\/wp\/v2\/posts\/22503","targetHints":{"allow":["GET"]}}],"collection":[{"href":"https:\/\/www.jimmy2.ch\/worldpress\/wp-json\/wp\/v2\/posts"}],"about":[{"href":"https:\/\/www.jimmy2.ch\/worldpress\/wp-json\/wp\/v2\/types\/post"}],"author":[{"embeddable":true,"href":"https:\/\/www.jimmy2.ch\/worldpress\/wp-json\/wp\/v2\/users\/1"}],"replies":[{"embeddable":true,"href":"https:\/\/www.jimmy2.ch\/worldpress\/wp-json\/wp\/v2\/comments?post=22503"}],"version-history":[{"count":3,"href":"https:\/\/www.jimmy2.ch\/worldpress\/wp-json\/wp\/v2\/posts\/22503\/revisions"}],"predecessor-version":[{"id":22533,"href":"https:\/\/www.jimmy2.ch\/worldpress\/wp-json\/wp\/v2\/posts\/22503\/revisions\/22533"}],"wp:attachment":[{"href":"https:\/\/www.jimmy2.ch\/worldpress\/wp-json\/wp\/v2\/media?parent=22503"}],"wp:term":[{"taxonomy":"category","embeddable":true,"href":"https:\/\/www.jimmy2.ch\/worldpress\/wp-json\/wp\/v2\/categories?post=22503"},{"taxonomy":"post_tag","embeddable":true,"href":"https:\/\/www.jimmy2.ch\/worldpress\/wp-json\/wp\/v2\/tags?post=22503"}],"curies":[{"name":"wp","href":"https:\/\/api.w.org\/{rel}","templated":true}]}}