{"id":2223,"date":"2018-01-14T22:57:01","date_gmt":"2018-01-14T21:57:01","guid":{"rendered":"http:\/\/www.jimmy2.ch\/worldpress\/?p=2223"},"modified":"2018-01-17T20:22:33","modified_gmt":"2018-01-17T19:22:33","slug":"weiter-nach-spanien","status":"publish","type":"post","link":"https:\/\/www.jimmy2.ch\/worldpress\/2018\/01\/14\/weiter-nach-spanien\/","title":{"rendered":"weiter nach Spanien"},"content":{"rendered":"<p><b>Sonntag 14. Januar 2018<\/b><br \/>\nGruissan Stellplatz des 4 vents &#8211; Blanes Camping Blanes<br \/>\nWetter: am morgen bedeckt 8\u00b0C \/ unterwegs freundlich \/ in Blanes bedeckt 12\u00b0C<br \/>\nKm und Reise-Zeit: 252 km 5 1\/2 Std. \u00dcber Land inkl. Pausen<\/p>\n<p>Eine unruhige Nacht. Es regnet und wegen dem Wind pfeift hinter uns ein Mast eines Segelschiffes. Um 3 Uhr wird es Jimmy schlecht. Christa \u00fcbernimmt das Rausgehen. Um 4 Uhr muss Jimmy nochmals raus. Wieder \u00fcbernimmt Christa. Christa hat Gl\u00fcck. Kaum ist sie wieder im Wohnmobil beginnt es kr\u00e4ftig zu regnen. Aber nur kurze Zeit dann ist pl\u00f6tzlich Still &#8211; kein Wind kein Regen. Und so geniessen wir noch eine ruhige und entspannte 2. Nachth\u00e4lfte.<\/p>\n<p>Um halb neu stehen wir auf. Draussen ist es bew\u00f6lkt aber es regnet und windet nicht.<\/p>\n<p><img loading=\"lazy\" decoding=\"async\" class=\"aligncenter size-medium wp-image-2236\" src=\"https:\/\/www.jimmy2.ch\/worldpress\/wp-content\/uploads\/2018\/01\/0D776DEB-E948-473A-A18C-39F8DF7C37CE-300x105.jpeg\" alt=\"\" width=\"300\" height=\"105\" srcset=\"https:\/\/www.jimmy2.ch\/worldpress\/wp-content\/uploads\/2018\/01\/0D776DEB-E948-473A-A18C-39F8DF7C37CE-300x105.jpeg 300w, https:\/\/www.jimmy2.ch\/worldpress\/wp-content\/uploads\/2018\/01\/0D776DEB-E948-473A-A18C-39F8DF7C37CE-768x269.jpeg 768w, https:\/\/www.jimmy2.ch\/worldpress\/wp-content\/uploads\/2018\/01\/0D776DEB-E948-473A-A18C-39F8DF7C37CE-1024x359.jpeg 1024w\" sizes=\"auto, (max-width: 300px) 100vw, 300px\" \/><\/p>\n<p><img loading=\"lazy\" decoding=\"async\" class=\"aligncenter size-medium wp-image-2237\" src=\"https:\/\/www.jimmy2.ch\/worldpress\/wp-content\/uploads\/2018\/01\/3BE171C2-7ED3-46B1-ACF9-407054D42C28-300x168.jpeg\" alt=\"\" width=\"300\" height=\"168\" srcset=\"https:\/\/www.jimmy2.ch\/worldpress\/wp-content\/uploads\/2018\/01\/3BE171C2-7ED3-46B1-ACF9-407054D42C28-300x168.jpeg 300w, https:\/\/www.jimmy2.ch\/worldpress\/wp-content\/uploads\/2018\/01\/3BE171C2-7ED3-46B1-ACF9-407054D42C28-768x431.jpeg 768w, https:\/\/www.jimmy2.ch\/worldpress\/wp-content\/uploads\/2018\/01\/3BE171C2-7ED3-46B1-ACF9-407054D42C28-1024x574.jpeg 1024w\" sizes=\"auto, (max-width: 300px) 100vw, 300px\" \/><\/p>\n<p><img loading=\"lazy\" decoding=\"async\" class=\"aligncenter size-medium wp-image-2238\" src=\"https:\/\/www.jimmy2.ch\/worldpress\/wp-content\/uploads\/2018\/01\/4CF44BE2-6D08-456A-BC18-6CBD31824F76-300x225.jpeg\" alt=\"\" width=\"300\" height=\"225\" srcset=\"https:\/\/www.jimmy2.ch\/worldpress\/wp-content\/uploads\/2018\/01\/4CF44BE2-6D08-456A-BC18-6CBD31824F76-300x225.jpeg 300w, https:\/\/www.jimmy2.ch\/worldpress\/wp-content\/uploads\/2018\/01\/4CF44BE2-6D08-456A-BC18-6CBD31824F76-768x576.jpeg 768w, https:\/\/www.jimmy2.ch\/worldpress\/wp-content\/uploads\/2018\/01\/4CF44BE2-6D08-456A-BC18-6CBD31824F76-1024x768.jpeg 1024w\" sizes=\"auto, (max-width: 300px) 100vw, 300px\" \/><\/p>\n<p style=\"text-align: center;\">Ja auch solche Wohnmobile stehen hier.<\/p>\n<p><img loading=\"lazy\" decoding=\"async\" class=\"aligncenter size-medium wp-image-2239\" src=\"https:\/\/www.jimmy2.ch\/worldpress\/wp-content\/uploads\/2018\/01\/12A5E177-0327-4D61-90C6-60481EB8E783-300x100.jpeg\" alt=\"\" width=\"300\" height=\"100\" srcset=\"https:\/\/www.jimmy2.ch\/worldpress\/wp-content\/uploads\/2018\/01\/12A5E177-0327-4D61-90C6-60481EB8E783-300x100.jpeg 300w, https:\/\/www.jimmy2.ch\/worldpress\/wp-content\/uploads\/2018\/01\/12A5E177-0327-4D61-90C6-60481EB8E783-768x256.jpeg 768w, https:\/\/www.jimmy2.ch\/worldpress\/wp-content\/uploads\/2018\/01\/12A5E177-0327-4D61-90C6-60481EB8E783-1024x341.jpeg 1024w\" sizes=\"auto, (max-width: 300px) 100vw, 300px\" \/><\/p>\n<p>Nach der Ver- und Entsorgung geht es kurz nach 10 Uhr weiter. Heute werden wir keine Autobahnen benutzen. Wir kommen trotzdem z\u00fcgig voran. Trotz vielen Kreiseln und Bodenschwellen. Wir kennen die Strecke teilweise vom letzten Jahr her.<\/p>\n<p>Das Wetter zeigt sich von seiner freundlichen Seite.<\/p>\n<p><img loading=\"lazy\" decoding=\"async\" class=\"aligncenter size-medium wp-image-2240\" src=\"https:\/\/www.jimmy2.ch\/worldpress\/wp-content\/uploads\/2018\/01\/04600689-D6B9-43D1-BB96-241D26A28806-133x300.jpeg\" alt=\"\" width=\"133\" height=\"300\" srcset=\"https:\/\/www.jimmy2.ch\/worldpress\/wp-content\/uploads\/2018\/01\/04600689-D6B9-43D1-BB96-241D26A28806-133x300.jpeg 133w, https:\/\/www.jimmy2.ch\/worldpress\/wp-content\/uploads\/2018\/01\/04600689-D6B9-43D1-BB96-241D26A28806-768x1736.jpeg 768w, https:\/\/www.jimmy2.ch\/worldpress\/wp-content\/uploads\/2018\/01\/04600689-D6B9-43D1-BB96-241D26A28806-453x1024.jpeg 453w, https:\/\/www.jimmy2.ch\/worldpress\/wp-content\/uploads\/2018\/01\/04600689-D6B9-43D1-BB96-241D26A28806.jpeg 1738w\" sizes=\"auto, (max-width: 133px) 100vw, 133px\" \/><\/p>\n<p>Uns kommen zahlreiche Wohnmobile entgegen. Man gr\u00fcsst sich.<\/p>\n<p>Kurz nach 12 Uhr fahren wir in Le Perthus \u00fcber die spanische Grenze. In la Jonquera gibt es eine Repsol-Tankstelle. Hier tanke ich Diesel, tausche f\u00fcr 13 Euro meine leere Proban-Gasflasche gegen eine volle und kaufe f\u00fcr 79 Cents ein Baguette.<\/p>\n<p>Einige Zeit sp\u00e4ter gibt es Mittagspause.<\/p>\n<p><img loading=\"lazy\" decoding=\"async\" class=\"aligncenter size-medium wp-image-2241\" src=\"https:\/\/www.jimmy2.ch\/worldpress\/wp-content\/uploads\/2018\/01\/AB641141-32B0-4361-8F9F-58E102366F65-300x111.jpeg\" alt=\"\" width=\"300\" height=\"111\" srcset=\"https:\/\/www.jimmy2.ch\/worldpress\/wp-content\/uploads\/2018\/01\/AB641141-32B0-4361-8F9F-58E102366F65-300x111.jpeg 300w, https:\/\/www.jimmy2.ch\/worldpress\/wp-content\/uploads\/2018\/01\/AB641141-32B0-4361-8F9F-58E102366F65-768x284.jpeg 768w, https:\/\/www.jimmy2.ch\/worldpress\/wp-content\/uploads\/2018\/01\/AB641141-32B0-4361-8F9F-58E102366F65-1024x379.jpeg 1024w\" sizes=\"auto, (max-width: 300px) 100vw, 300px\" \/><\/p>\n<p><img loading=\"lazy\" decoding=\"async\" class=\"aligncenter size-medium wp-image-2242\" src=\"https:\/\/www.jimmy2.ch\/worldpress\/wp-content\/uploads\/2018\/01\/08DB97C1-1744-43D5-AA67-59AC1AD65C7D-300x225.jpeg\" alt=\"\" width=\"300\" height=\"225\" srcset=\"https:\/\/www.jimmy2.ch\/worldpress\/wp-content\/uploads\/2018\/01\/08DB97C1-1744-43D5-AA67-59AC1AD65C7D-300x225.jpeg 300w, https:\/\/www.jimmy2.ch\/worldpress\/wp-content\/uploads\/2018\/01\/08DB97C1-1744-43D5-AA67-59AC1AD65C7D-768x576.jpeg 768w, https:\/\/www.jimmy2.ch\/worldpress\/wp-content\/uploads\/2018\/01\/08DB97C1-1744-43D5-AA67-59AC1AD65C7D-1024x768.jpeg 1024w\" sizes=\"auto, (max-width: 300px) 100vw, 300px\" \/><\/p>\n<p>Dann nehmen wir die letzten Kilometer unter die R\u00e4der.<\/p>\n<p><img loading=\"lazy\" decoding=\"async\" class=\"aligncenter size-medium wp-image-2243\" src=\"https:\/\/www.jimmy2.ch\/worldpress\/wp-content\/uploads\/2018\/01\/6867BEA8-AE9C-4DD8-83C1-5A743DA1F8F6-169x300.jpeg\" alt=\"\" width=\"169\" height=\"300\" srcset=\"https:\/\/www.jimmy2.ch\/worldpress\/wp-content\/uploads\/2018\/01\/6867BEA8-AE9C-4DD8-83C1-5A743DA1F8F6-169x300.jpeg 169w, https:\/\/www.jimmy2.ch\/worldpress\/wp-content\/uploads\/2018\/01\/6867BEA8-AE9C-4DD8-83C1-5A743DA1F8F6-768x1365.jpeg 768w, https:\/\/www.jimmy2.ch\/worldpress\/wp-content\/uploads\/2018\/01\/6867BEA8-AE9C-4DD8-83C1-5A743DA1F8F6-576x1024.jpeg 576w, https:\/\/www.jimmy2.ch\/worldpress\/wp-content\/uploads\/2018\/01\/6867BEA8-AE9C-4DD8-83C1-5A743DA1F8F6.jpeg 1450w\" sizes=\"auto, (max-width: 169px) 100vw, 169px\" \/><\/p>\n<p><img loading=\"lazy\" decoding=\"async\" class=\"aligncenter size-medium wp-image-2244\" src=\"https:\/\/www.jimmy2.ch\/worldpress\/wp-content\/uploads\/2018\/01\/FEE089CD-1BFA-493E-8E3B-DA29F4C691BF-225x300.jpeg\" alt=\"\" width=\"225\" height=\"300\" srcset=\"https:\/\/www.jimmy2.ch\/worldpress\/wp-content\/uploads\/2018\/01\/FEE089CD-1BFA-493E-8E3B-DA29F4C691BF-225x300.jpeg 225w, https:\/\/www.jimmy2.ch\/worldpress\/wp-content\/uploads\/2018\/01\/FEE089CD-1BFA-493E-8E3B-DA29F4C691BF-768x1024.jpeg 768w, https:\/\/www.jimmy2.ch\/worldpress\/wp-content\/uploads\/2018\/01\/FEE089CD-1BFA-493E-8E3B-DA29F4C691BF.jpeg 805w\" sizes=\"auto, (max-width: 225px) 100vw, 225px\" \/><\/p>\n<p>&nbsp;<\/p>\n<p><img loading=\"lazy\" decoding=\"async\" class=\"aligncenter size-medium wp-image-2245\" src=\"https:\/\/www.jimmy2.ch\/worldpress\/wp-content\/uploads\/2018\/01\/1CA6FD14-9C5A-4AB3-879E-A96AAB7D184B-300x227.jpeg\" alt=\"\" width=\"300\" height=\"227\" srcset=\"https:\/\/www.jimmy2.ch\/worldpress\/wp-content\/uploads\/2018\/01\/1CA6FD14-9C5A-4AB3-879E-A96AAB7D184B-300x227.jpeg 300w, https:\/\/www.jimmy2.ch\/worldpress\/wp-content\/uploads\/2018\/01\/1CA6FD14-9C5A-4AB3-879E-A96AAB7D184B-768x582.jpeg 768w, https:\/\/www.jimmy2.ch\/worldpress\/wp-content\/uploads\/2018\/01\/1CA6FD14-9C5A-4AB3-879E-A96AAB7D184B-1024x776.jpeg 1024w, https:\/\/www.jimmy2.ch\/worldpress\/wp-content\/uploads\/2018\/01\/1CA6FD14-9C5A-4AB3-879E-A96AAB7D184B.jpeg 1588w\" sizes=\"auto, (max-width: 300px) 100vw, 300px\" \/><\/p>\n<p>Gegen halb vier treffen wir auf dem Camping Blanes in Blanes ein.<\/p>\n<p><img loading=\"lazy\" decoding=\"async\" class=\"aligncenter size-medium wp-image-2248\" src=\"https:\/\/www.jimmy2.ch\/worldpress\/wp-content\/uploads\/2018\/01\/5A8E5006-FAD7-4500-B5AD-9A928CCD170B-180x300.jpeg\" alt=\"\" width=\"180\" height=\"300\" srcset=\"https:\/\/www.jimmy2.ch\/worldpress\/wp-content\/uploads\/2018\/01\/5A8E5006-FAD7-4500-B5AD-9A928CCD170B-180x300.jpeg 180w, https:\/\/www.jimmy2.ch\/worldpress\/wp-content\/uploads\/2018\/01\/5A8E5006-FAD7-4500-B5AD-9A928CCD170B-768x1276.jpeg 768w, https:\/\/www.jimmy2.ch\/worldpress\/wp-content\/uploads\/2018\/01\/5A8E5006-FAD7-4500-B5AD-9A928CCD170B-616x1024.jpeg 616w, https:\/\/www.jimmy2.ch\/worldpress\/wp-content\/uploads\/2018\/01\/5A8E5006-FAD7-4500-B5AD-9A928CCD170B.jpeg 1231w\" sizes=\"auto, (max-width: 180px) 100vw, 180px\" \/><\/p>\n<p>Die Reception ist nicht besetzt und so suchen wir uns einen Platz aus. Eine niederl\u00e4ndische Reisegruppe mit Wohnwagen ist gerade im \u201eAnmarsch\u201c. Es hat eine gewisse Hektik auf dem Platz. Aber das st\u00f6rt uns nicht. Wir haben uns bereits eingerichtet. Dann kommt auch schon der Platzwart. Ein freundlicher Mensch mit schwarzer Hautfarbe. Wir verstehen uns kaum &#8211; aber es klappt alles bestens. Wir bezahlen 34 Euro f\u00fcr 2 N\u00e4chte inkl. Strom und Wasser. Ein WLAN-Abo f\u00fcr 2 Tage kostet 6 Euro &#8211; das kommt auch noch dazu.<\/p>\n<p>Dann machen wir einen Spaziergang der Promenade entlang. Sehr sch\u00f6n. Wenn noch die Sonnen scheinen w\u00fcrde w\u00e4re es perfekt.<\/p>\n<p><img loading=\"lazy\" decoding=\"async\" class=\"aligncenter size-medium wp-image-2246\" src=\"https:\/\/www.jimmy2.ch\/worldpress\/wp-content\/uploads\/2018\/01\/21A57E00-EFDB-4CDC-B300-3E9CB5E88CDF-300x111.jpeg\" alt=\"\" width=\"300\" height=\"111\" srcset=\"https:\/\/www.jimmy2.ch\/worldpress\/wp-content\/uploads\/2018\/01\/21A57E00-EFDB-4CDC-B300-3E9CB5E88CDF-300x111.jpeg 300w, https:\/\/www.jimmy2.ch\/worldpress\/wp-content\/uploads\/2018\/01\/21A57E00-EFDB-4CDC-B300-3E9CB5E88CDF-768x284.jpeg 768w, https:\/\/www.jimmy2.ch\/worldpress\/wp-content\/uploads\/2018\/01\/21A57E00-EFDB-4CDC-B300-3E9CB5E88CDF-1024x379.jpeg 1024w\" sizes=\"auto, (max-width: 300px) 100vw, 300px\" \/><\/p>\n<p><img loading=\"lazy\" decoding=\"async\" class=\"aligncenter size-medium wp-image-2247\" src=\"https:\/\/www.jimmy2.ch\/worldpress\/wp-content\/uploads\/2018\/01\/B2C5A194-99FF-419D-8E7B-5E5C555714E5-300x225.jpeg\" alt=\"\" width=\"300\" height=\"225\" srcset=\"https:\/\/www.jimmy2.ch\/worldpress\/wp-content\/uploads\/2018\/01\/B2C5A194-99FF-419D-8E7B-5E5C555714E5-300x225.jpeg 300w, https:\/\/www.jimmy2.ch\/worldpress\/wp-content\/uploads\/2018\/01\/B2C5A194-99FF-419D-8E7B-5E5C555714E5-768x576.jpeg 768w, https:\/\/www.jimmy2.ch\/worldpress\/wp-content\/uploads\/2018\/01\/B2C5A194-99FF-419D-8E7B-5E5C555714E5-1024x768.jpeg 1024w\" sizes=\"auto, (max-width: 300px) 100vw, 300px\" \/><\/p>\n<p>Zur\u00fcck auf dem Campingplatz schauen wir die Sanit\u00e4r-Anlagen an. Nichts berauschendes. Wir werden die Dusche im Wohnmobil benutzen. Toilette sowieso. Ich tausche noch die CH-Gasflasche gegen die E-Gasflasche. Da wir hier Landstrom haben sollte diese aber nicht zum Einsatz kommen.<\/p>\n<p>Wir machen es uns im Wohnmobil gem\u00fctlich und freuen uns auf einen reisefreien Tag morgen.<\/p>\n<p>Dem Abend verbringen wir mit Tatort schauen und Blog schreiben.<\/p>\n<p>Vor dem schlafen gehen noch mit Jimmy raus. Ich sehe Sterne am Himmel.<\/p>\n<p><img loading=\"lazy\" decoding=\"async\" class=\"aligncenter size-medium wp-image-2249\" src=\"https:\/\/www.jimmy2.ch\/worldpress\/wp-content\/uploads\/2018\/01\/D6C53C44-4188-48C8-870D-F60C7EC57559-300x207.jpeg\" alt=\"\" width=\"300\" height=\"207\" srcset=\"https:\/\/www.jimmy2.ch\/worldpress\/wp-content\/uploads\/2018\/01\/D6C53C44-4188-48C8-870D-F60C7EC57559-300x207.jpeg 300w, https:\/\/www.jimmy2.ch\/worldpress\/wp-content\/uploads\/2018\/01\/D6C53C44-4188-48C8-870D-F60C7EC57559-768x531.jpeg 768w, https:\/\/www.jimmy2.ch\/worldpress\/wp-content\/uploads\/2018\/01\/D6C53C44-4188-48C8-870D-F60C7EC57559-1024x708.jpeg 1024w\" sizes=\"auto, (max-width: 300px) 100vw, 300px\" \/><\/p>\n<p>&nbsp;<\/p>\n<p><img loading=\"lazy\" decoding=\"async\" class=\"aligncenter size-medium wp-image-2250\" src=\"https:\/\/www.jimmy2.ch\/worldpress\/wp-content\/uploads\/2018\/01\/13C46A75-DC24-43F3-B3FD-C4F7556CCFA3-300x129.jpeg\" alt=\"\" width=\"300\" height=\"129\" srcset=\"https:\/\/www.jimmy2.ch\/worldpress\/wp-content\/uploads\/2018\/01\/13C46A75-DC24-43F3-B3FD-C4F7556CCFA3-300x129.jpeg 300w, https:\/\/www.jimmy2.ch\/worldpress\/wp-content\/uploads\/2018\/01\/13C46A75-DC24-43F3-B3FD-C4F7556CCFA3-768x329.jpeg 768w, https:\/\/www.jimmy2.ch\/worldpress\/wp-content\/uploads\/2018\/01\/13C46A75-DC24-43F3-B3FD-C4F7556CCFA3-1024x439.jpeg 1024w\" sizes=\"auto, (max-width: 300px) 100vw, 300px\" \/><\/p>\n<p>Hoffnung keimt auf, dass es morgen etwas Sonne geben wird. Laut wetter.com 5,7 Stunden. Wir werden sehen und dar\u00fcber berichten.<\/p>\n","protected":false},"excerpt":{"rendered":"<p>Sonntag 14. Januar 2018 Gruissan Stellplatz des 4 vents &#8211; Blanes Camping Blanes Wetter: am morgen bedeckt 8\u00b0C \/ unterwegs freundlich \/ in Blanes bedeckt 12\u00b0C Km und Reise-Zeit: 252 km 5 1\/2 Std. \u00dcber Land inkl. Pausen Eine unruhige &hellip; <a href=\"https:\/\/www.jimmy2.ch\/worldpress\/2018\/01\/14\/weiter-nach-spanien\/\">Continue reading <span class=\"meta-nav\">&rarr;<\/span><\/a><\/p>\n","protected":false},"author":1,"featured_media":0,"comment_status":"open","ping_status":"open","sticky":false,"template":"","format":"standard","meta":{"footnotes":""},"categories":[69,62,71],"tags":[117,186,187,45,185],"class_list":["post-2223","post","type-post","status-publish","format-standard","hentry","category-frankreich","category-spanien","category-spanien2018","tag-bewoelkt","tag-blanes","tag-camping-blanes","tag-gruissan","tag-stellplatz-des-4-vents"],"_links":{"self":[{"href":"https:\/\/www.jimmy2.ch\/worldpress\/wp-json\/wp\/v2\/posts\/2223","targetHints":{"allow":["GET"]}}],"collection":[{"href":"https:\/\/www.jimmy2.ch\/worldpress\/wp-json\/wp\/v2\/posts"}],"about":[{"href":"https:\/\/www.jimmy2.ch\/worldpress\/wp-json\/wp\/v2\/types\/post"}],"author":[{"embeddable":true,"href":"https:\/\/www.jimmy2.ch\/worldpress\/wp-json\/wp\/v2\/users\/1"}],"replies":[{"embeddable":true,"href":"https:\/\/www.jimmy2.ch\/worldpress\/wp-json\/wp\/v2\/comments?post=2223"}],"version-history":[{"count":2,"href":"https:\/\/www.jimmy2.ch\/worldpress\/wp-json\/wp\/v2\/posts\/2223\/revisions"}],"predecessor-version":[{"id":2253,"href":"https:\/\/www.jimmy2.ch\/worldpress\/wp-json\/wp\/v2\/posts\/2223\/revisions\/2253"}],"wp:attachment":[{"href":"https:\/\/www.jimmy2.ch\/worldpress\/wp-json\/wp\/v2\/media?parent=2223"}],"wp:term":[{"taxonomy":"category","embeddable":true,"href":"https:\/\/www.jimmy2.ch\/worldpress\/wp-json\/wp\/v2\/categories?post=2223"},{"taxonomy":"post_tag","embeddable":true,"href":"https:\/\/www.jimmy2.ch\/worldpress\/wp-json\/wp\/v2\/tags?post=2223"}],"curies":[{"name":"wp","href":"https:\/\/api.w.org\/{rel}","templated":true}]}}