{"id":22141,"date":"2023-08-07T20:49:34","date_gmt":"2023-08-07T19:49:34","guid":{"rendered":"http:\/\/www.jimmy2.ch\/worldpress\/?p=22141"},"modified":"2023-08-10T21:14:43","modified_gmt":"2023-08-10T20:14:43","slug":"saumur-chenonceau-montrichard-val-de-cher-f","status":"publish","type":"post","link":"https:\/\/www.jimmy2.ch\/worldpress\/2023\/08\/07\/saumur-chenonceau-montrichard-val-de-cher-f\/","title":{"rendered":"Saumur  &#8211; Chenonceau &#8211; Montrichard Val de Cher F"},"content":{"rendered":"\n<p>#logbuchjimmy3ch Tag 668<br>Saumur  &#8211; Chenonceau &#8211; Montrichard Val de Cher F  <br>112 km 4 Std. unterwegs mit Zwischenhalt in Chenonceau <br>Aire de camping car Pass\u2018etapes<br>14.00 \u20ac \/ 24 h inkl. V+E + Strom + WLAN <br><br>47.337326, 1.171450   60 m<br><br>Montag 7. August 2023 <br>Wieder Start mit blauem Himmel und Sonne, aber frisch 14\u00b0, im Laufe des Tages dann Wechselhaft mit Sonne und Wolken <br><br>Nach 3 angenehmen N\u00e4chten in Saumur geht unsere Reise heute weiter. Wir m\u00fcssen uns etwas gedulden bis die Ver- und Entsorgung frei wird. <br><br>Dann fahren wir die 100 km bis zum Schloss Chenonceau in einem Zug durch. <\/p>\n\n\n\n<figure class=\"wp-block-image size-large\"><img loading=\"lazy\" decoding=\"async\" width=\"955\" height=\"1024\" src=\"https:\/\/www.jimmy2.ch\/worldpress\/wp-content\/uploads\/2023\/08\/IMG_1008-955x1024.jpeg\" alt=\"\" class=\"wp-image-22161\" srcset=\"https:\/\/www.jimmy2.ch\/worldpress\/wp-content\/uploads\/2023\/08\/IMG_1008-955x1024.jpeg 955w, https:\/\/www.jimmy2.ch\/worldpress\/wp-content\/uploads\/2023\/08\/IMG_1008-280x300.jpeg 280w, https:\/\/www.jimmy2.ch\/worldpress\/wp-content\/uploads\/2023\/08\/IMG_1008-768x824.jpeg 768w, https:\/\/www.jimmy2.ch\/worldpress\/wp-content\/uploads\/2023\/08\/IMG_1008-1432x1536.jpeg 1432w, https:\/\/www.jimmy2.ch\/worldpress\/wp-content\/uploads\/2023\/08\/IMG_1008.jpeg 1909w\" sizes=\"auto, (max-width: 955px) 100vw, 955px\" \/><\/figure>\n\n\n\n<p>Ein Parkplatz ist schnell gefunden. <\/p>\n\n\n\n<figure class=\"wp-block-image size-large\"><img loading=\"lazy\" decoding=\"async\" width=\"1024\" height=\"768\" src=\"https:\/\/www.jimmy2.ch\/worldpress\/wp-content\/uploads\/2023\/08\/IMG_5947-1024x768.jpeg\" alt=\"\" class=\"wp-image-22155\" srcset=\"https:\/\/www.jimmy2.ch\/worldpress\/wp-content\/uploads\/2023\/08\/IMG_5947-1024x768.jpeg 1024w, https:\/\/www.jimmy2.ch\/worldpress\/wp-content\/uploads\/2023\/08\/IMG_5947-300x225.jpeg 300w, https:\/\/www.jimmy2.ch\/worldpress\/wp-content\/uploads\/2023\/08\/IMG_5947-768x576.jpeg 768w, https:\/\/www.jimmy2.ch\/worldpress\/wp-content\/uploads\/2023\/08\/IMG_5947-1536x1152.jpeg 1536w, https:\/\/www.jimmy2.ch\/worldpress\/wp-content\/uploads\/2023\/08\/IMG_5947-2048x1536.jpeg 2048w\" sizes=\"auto, (max-width: 1024px) 100vw, 1024px\" \/><\/figure>\n\n\n\n<p>Es ist 13.15 Uhr und wir machen erstmal Mittagspause. Ich frage eine Angestellte vom Park ob man hier \u00fcbernachten darf. Nein &#8211; darf man nicht. Da oben ist der Stellplatz &#8211; dort darf man. Leider komme ich mit meiner Landyacht nicht auf den Stellplatz. Der Weg ist zu schmal und dann w\u00e4ren wir zu lang.<\/p>\n\n\n\n<figure class=\"wp-block-image size-large\"><img loading=\"lazy\" decoding=\"async\" width=\"1024\" height=\"768\" src=\"https:\/\/www.jimmy2.ch\/worldpress\/wp-content\/uploads\/2023\/08\/IMG_5949-1024x768.jpeg\" alt=\"\" class=\"wp-image-22157\" srcset=\"https:\/\/www.jimmy2.ch\/worldpress\/wp-content\/uploads\/2023\/08\/IMG_5949-1024x768.jpeg 1024w, https:\/\/www.jimmy2.ch\/worldpress\/wp-content\/uploads\/2023\/08\/IMG_5949-300x225.jpeg 300w, https:\/\/www.jimmy2.ch\/worldpress\/wp-content\/uploads\/2023\/08\/IMG_5949-768x576.jpeg 768w, https:\/\/www.jimmy2.ch\/worldpress\/wp-content\/uploads\/2023\/08\/IMG_5949-1536x1152.jpeg 1536w, https:\/\/www.jimmy2.ch\/worldpress\/wp-content\/uploads\/2023\/08\/IMG_5949-2048x1536.jpeg 2048w\" sizes=\"auto, (max-width: 1024px) 100vw, 1024px\" \/><\/figure>\n\n\n\n<figure class=\"wp-block-image size-large is-resized\"><img loading=\"lazy\" decoding=\"async\" src=\"https:\/\/www.jimmy2.ch\/worldpress\/wp-content\/uploads\/2023\/08\/IMG_5950-1024x768.jpeg\" alt=\"\" class=\"wp-image-22158\" width=\"836\" height=\"627\" srcset=\"https:\/\/www.jimmy2.ch\/worldpress\/wp-content\/uploads\/2023\/08\/IMG_5950-1024x768.jpeg 1024w, https:\/\/www.jimmy2.ch\/worldpress\/wp-content\/uploads\/2023\/08\/IMG_5950-300x225.jpeg 300w, https:\/\/www.jimmy2.ch\/worldpress\/wp-content\/uploads\/2023\/08\/IMG_5950-768x576.jpeg 768w, https:\/\/www.jimmy2.ch\/worldpress\/wp-content\/uploads\/2023\/08\/IMG_5950-1536x1152.jpeg 1536w, https:\/\/www.jimmy2.ch\/worldpress\/wp-content\/uploads\/2023\/08\/IMG_5950-2048x1536.jpeg 2048w\" sizes=\"auto, (max-width: 836px) 100vw, 836px\" \/><\/figure>\n\n\n\n<p>Aber wir schauen dann wo wir \u00fcbernachten, wenn es soweit ist. <br><br>Kurz nach 14 Uhr stehen wir beim elektronischen Schalter f\u00fcr die Tickets f\u00fcr das Schloss. Und wir m\u00fcssen feststellen, das f\u00fcr heute alles ausgebucht ist. <\/p>\n\n\n\n<figure class=\"wp-block-image size-large\"><img loading=\"lazy\" decoding=\"async\" width=\"1024\" height=\"768\" src=\"https:\/\/www.jimmy2.ch\/worldpress\/wp-content\/uploads\/2023\/08\/IMG_5948-1024x768.jpeg\" alt=\"\" class=\"wp-image-22156\" srcset=\"https:\/\/www.jimmy2.ch\/worldpress\/wp-content\/uploads\/2023\/08\/IMG_5948-1024x768.jpeg 1024w, https:\/\/www.jimmy2.ch\/worldpress\/wp-content\/uploads\/2023\/08\/IMG_5948-300x225.jpeg 300w, https:\/\/www.jimmy2.ch\/worldpress\/wp-content\/uploads\/2023\/08\/IMG_5948-768x576.jpeg 768w, https:\/\/www.jimmy2.ch\/worldpress\/wp-content\/uploads\/2023\/08\/IMG_5948-1536x1152.jpeg 1536w, https:\/\/www.jimmy2.ch\/worldpress\/wp-content\/uploads\/2023\/08\/IMG_5948-2048x1536.jpeg 2048w\" sizes=\"auto, (max-width: 1024px) 100vw, 1024px\" \/><\/figure>\n\n\n\n<p>Erst um 17.45 Uhr gibt es wieder einen Slot f\u00fcr die Besichtigung des Schlosses und das schliesst um 19 Uhr. Das ist uns zu stressig. <br><br>So kaufen wir f\u00fcr morgen Dienstag Tickets. Der fr\u00fcheste Slot f\u00fcr das Schoss bekommen wir um 11.45 Uhr. Das ist super f\u00fcr uns. <br><br>Kurz P4N fragen wo wir \u00fcbernachten k\u00f6nnen. Habe ich nat\u00fcrlich schon gestern gemacht. Als Plan B sozusagen. <br><br>Und so fahren wir nach Montrichard im Val de Cher.<\/p>\n\n\n\n<figure class=\"wp-block-image size-large is-resized\"><img loading=\"lazy\" decoding=\"async\" src=\"https:\/\/www.jimmy2.ch\/worldpress\/wp-content\/uploads\/2023\/08\/IMG_5952-1024x768.jpeg\" alt=\"\" class=\"wp-image-22162\" width=\"841\" height=\"631\" srcset=\"https:\/\/www.jimmy2.ch\/worldpress\/wp-content\/uploads\/2023\/08\/IMG_5952-1024x768.jpeg 1024w, https:\/\/www.jimmy2.ch\/worldpress\/wp-content\/uploads\/2023\/08\/IMG_5952-300x225.jpeg 300w, https:\/\/www.jimmy2.ch\/worldpress\/wp-content\/uploads\/2023\/08\/IMG_5952-768x576.jpeg 768w, https:\/\/www.jimmy2.ch\/worldpress\/wp-content\/uploads\/2023\/08\/IMG_5952-1536x1152.jpeg 1536w, https:\/\/www.jimmy2.ch\/worldpress\/wp-content\/uploads\/2023\/08\/IMG_5952-2048x1536.jpeg 2048w\" sizes=\"auto, (max-width: 841px) 100vw, 841px\" \/><\/figure>\n\n\n\n<p>Die Einfahrt ist zwar etwas eng f\u00fcr uns aber wir schaffen es und bekommen einen sch\u00f6nen Platz im Gr\u00fcnen. Nach langer Zeit k\u00f6nnen wir wieder einmal draussen an der Sonne sitzen. <\/p>\n\n\n\n<figure class=\"wp-block-image size-large\"><img loading=\"lazy\" decoding=\"async\" width=\"1024\" height=\"768\" src=\"https:\/\/www.jimmy2.ch\/worldpress\/wp-content\/uploads\/2023\/08\/IMG_5951-1024x768.jpeg\" alt=\"\" class=\"wp-image-22159\" srcset=\"https:\/\/www.jimmy2.ch\/worldpress\/wp-content\/uploads\/2023\/08\/IMG_5951-1024x768.jpeg 1024w, https:\/\/www.jimmy2.ch\/worldpress\/wp-content\/uploads\/2023\/08\/IMG_5951-300x225.jpeg 300w, https:\/\/www.jimmy2.ch\/worldpress\/wp-content\/uploads\/2023\/08\/IMG_5951-768x576.jpeg 768w, https:\/\/www.jimmy2.ch\/worldpress\/wp-content\/uploads\/2023\/08\/IMG_5951-1536x1152.jpeg 1536w, https:\/\/www.jimmy2.ch\/worldpress\/wp-content\/uploads\/2023\/08\/IMG_5951-2048x1536.jpeg 2048w\" sizes=\"auto, (max-width: 1024px) 100vw, 1024px\" \/><\/figure>\n\n\n\n<p>Dann spazieren wir noch in St\u00e4dtchen hinauf. Hier hat es einen Super U und wir kaufen ein. <br><\/p>\n\n\n\n<p>Zur\u00fcck beim Wohnmobil werfen wir noch die Waschmaschine an. Die Wetterprognosen f\u00fcr morgen sind gut und wir k\u00f6nnen hier ver- und entsorgen.<br><br>Nach dem Nachtessen nehme ich den Roller aus der Garage. Der kommt morgen zum Einsatz.<br><\/p>\n","protected":false},"excerpt":{"rendered":"<p>#logbuchjimmy3ch Tag 668Saumur &#8211; Chenonceau &#8211; Montrichard Val de Cher F 112 km 4 Std. unterwegs mit Zwischenhalt in Chenonceau Aire de camping car Pass\u2018etapes14.00 \u20ac \/ 24 h inkl. V+E + Strom + WLAN 47.337326, 1.171450 60 m Montag &hellip; <a href=\"https:\/\/www.jimmy2.ch\/worldpress\/2023\/08\/07\/saumur-chenonceau-montrichard-val-de-cher-f\/\">Continue reading <span class=\"meta-nav\">&rarr;<\/span><\/a><\/p>\n","protected":false},"author":1,"featured_media":0,"comment_status":"open","ping_status":"open","sticky":false,"template":"","format":"standard","meta":{"footnotes":""},"categories":[69],"tags":[94,767,1232,851,768,770],"class_list":["post-22141","post","type-post","status-publish","format-standard","hentry","category-frankreich","tag-frankreich","tag-leben-im-wohnmobil","tag-montrichard","tag-morelo","tag-reisen-im-wohnmobil","tag-wohnen-im-wohnmobil"],"_links":{"self":[{"href":"https:\/\/www.jimmy2.ch\/worldpress\/wp-json\/wp\/v2\/posts\/22141","targetHints":{"allow":["GET"]}}],"collection":[{"href":"https:\/\/www.jimmy2.ch\/worldpress\/wp-json\/wp\/v2\/posts"}],"about":[{"href":"https:\/\/www.jimmy2.ch\/worldpress\/wp-json\/wp\/v2\/types\/post"}],"author":[{"embeddable":true,"href":"https:\/\/www.jimmy2.ch\/worldpress\/wp-json\/wp\/v2\/users\/1"}],"replies":[{"embeddable":true,"href":"https:\/\/www.jimmy2.ch\/worldpress\/wp-json\/wp\/v2\/comments?post=22141"}],"version-history":[{"count":5,"href":"https:\/\/www.jimmy2.ch\/worldpress\/wp-json\/wp\/v2\/posts\/22141\/revisions"}],"predecessor-version":[{"id":22165,"href":"https:\/\/www.jimmy2.ch\/worldpress\/wp-json\/wp\/v2\/posts\/22141\/revisions\/22165"}],"wp:attachment":[{"href":"https:\/\/www.jimmy2.ch\/worldpress\/wp-json\/wp\/v2\/media?parent=22141"}],"wp:term":[{"taxonomy":"category","embeddable":true,"href":"https:\/\/www.jimmy2.ch\/worldpress\/wp-json\/wp\/v2\/categories?post=22141"},{"taxonomy":"post_tag","embeddable":true,"href":"https:\/\/www.jimmy2.ch\/worldpress\/wp-json\/wp\/v2\/tags?post=22141"}],"curies":[{"name":"wp","href":"https:\/\/api.w.org\/{rel}","templated":true}]}}