{"id":21918,"date":"2023-07-28T21:26:00","date_gmt":"2023-07-28T20:26:00","guid":{"rendered":"http:\/\/www.jimmy2.ch\/worldpress\/?p=21918"},"modified":"2023-08-01T08:36:00","modified_gmt":"2023-08-01T07:36:00","slug":"agon-coutainville-saint-malo-f","status":"publish","type":"post","link":"https:\/\/www.jimmy2.ch\/worldpress\/2023\/07\/28\/agon-coutainville-saint-malo-f\/","title":{"rendered":"Agon-Coutainville &#8211; Saint-Malo F"},"content":{"rendered":"\n<p>#logbuchjimmy3ch Tag 658<br>Agon-Coutainville &#8211; Saint-Malo F  <br>130 km \/ 3 1\/2 Stunden unterwegs inkl. kurzer Kaffeepause <br>Parking Paul Feval P14 \/ gemischter Parkplatz <br>7.50 \u20ac \/ V+E vis-a-vis \u00f6ffentlich <br><br>48.644036, -1.993528   8 m<br><br>Freitag 28. Juli 2023<br>Eine angenehme Nacht. Bew\u00f6lkt 19\u00b0. <br>Ein warmer Tag, fast keine Sonne daf\u00fcr Wolken. Am Mittag und gegen Abend wird es angenehm, schon fast \u201eheiss\u201c. <br><br><br>Gegen halb zehn hubt der B\u00e4cker. Wir brauchen nichts. Ich mache die V+E mit Giesskanne und Eimer. Viel ist es ja nicht. Aber sicher ist sicher. Wir wissen nicht was uns in Saint-Malo erwartet.<br><br>Kurz vor 11Uhr verlassen wir den Platz. <\/p>\n\n\n\n<figure class=\"wp-block-image size-large\"><img loading=\"lazy\" decoding=\"async\" width=\"1024\" height=\"768\" src=\"https:\/\/www.jimmy2.ch\/worldpress\/wp-content\/uploads\/2023\/07\/IMG_5668-1024x768.jpeg\" alt=\"\" class=\"wp-image-21923\" srcset=\"https:\/\/www.jimmy2.ch\/worldpress\/wp-content\/uploads\/2023\/07\/IMG_5668-1024x768.jpeg 1024w, https:\/\/www.jimmy2.ch\/worldpress\/wp-content\/uploads\/2023\/07\/IMG_5668-300x225.jpeg 300w, https:\/\/www.jimmy2.ch\/worldpress\/wp-content\/uploads\/2023\/07\/IMG_5668-768x576.jpeg 768w, https:\/\/www.jimmy2.ch\/worldpress\/wp-content\/uploads\/2023\/07\/IMG_5668-1536x1152.jpeg 1536w, https:\/\/www.jimmy2.ch\/worldpress\/wp-content\/uploads\/2023\/07\/IMG_5668-2048x1536.jpeg 2048w\" sizes=\"auto, (max-width: 1024px) 100vw, 1024px\" \/><\/figure>\n\n\n\n<p>Heute ist Christa unser Pilot. Zuerst ist die D44 noch etwas eng. Vor allem in den Ortschaften. <\/p>\n\n\n\n<figure class=\"wp-block-image size-large\"><img loading=\"lazy\" decoding=\"async\" width=\"1024\" height=\"768\" src=\"https:\/\/www.jimmy2.ch\/worldpress\/wp-content\/uploads\/2023\/07\/IMG_5670-1024x768.jpeg\" alt=\"\" class=\"wp-image-21924\" srcset=\"https:\/\/www.jimmy2.ch\/worldpress\/wp-content\/uploads\/2023\/07\/IMG_5670-1024x768.jpeg 1024w, https:\/\/www.jimmy2.ch\/worldpress\/wp-content\/uploads\/2023\/07\/IMG_5670-300x225.jpeg 300w, https:\/\/www.jimmy2.ch\/worldpress\/wp-content\/uploads\/2023\/07\/IMG_5670-768x576.jpeg 768w, https:\/\/www.jimmy2.ch\/worldpress\/wp-content\/uploads\/2023\/07\/IMG_5670-1536x1152.jpeg 1536w, https:\/\/www.jimmy2.ch\/worldpress\/wp-content\/uploads\/2023\/07\/IMG_5670-2048x1536.jpeg 2048w\" sizes=\"auto, (max-width: 1024px) 100vw, 1024px\" \/><\/figure>\n\n\n\n<figure class=\"wp-block-image size-large\"><img loading=\"lazy\" decoding=\"async\" width=\"1024\" height=\"768\" src=\"https:\/\/www.jimmy2.ch\/worldpress\/wp-content\/uploads\/2023\/07\/IMG_5675-1024x768.jpeg\" alt=\"\" class=\"wp-image-21926\" srcset=\"https:\/\/www.jimmy2.ch\/worldpress\/wp-content\/uploads\/2023\/07\/IMG_5675-1024x768.jpeg 1024w, https:\/\/www.jimmy2.ch\/worldpress\/wp-content\/uploads\/2023\/07\/IMG_5675-300x225.jpeg 300w, https:\/\/www.jimmy2.ch\/worldpress\/wp-content\/uploads\/2023\/07\/IMG_5675-768x576.jpeg 768w, https:\/\/www.jimmy2.ch\/worldpress\/wp-content\/uploads\/2023\/07\/IMG_5675-1536x1152.jpeg 1536w, https:\/\/www.jimmy2.ch\/worldpress\/wp-content\/uploads\/2023\/07\/IMG_5675-2048x1536.jpeg 2048w\" sizes=\"auto, (max-width: 1024px) 100vw, 1024px\" \/><\/figure>\n\n\n\n<figure class=\"wp-block-image size-full\"><img decoding=\"async\" src=\"https:\/\/www.jimmy2.ch\/worldpress\/wp-content\/uploads\/2023\/07\/IMG_5677.jpeg\" alt=\"\" class=\"wp-image-21928\"\/><\/figure>\n\n\n\n<p><br>Ab Cortances fahren wir auf der D971. Die ist zum teil 4-spurig und sch\u00f6n zu fahren. Granville umfahren wir und kommen auf die D973. Wobei die Schilder an der Strasse jeweils andere Nummern haben als im Navi und auf der Karte. <br><br>Ab Avranches befahren wir die N175 \/ N176. Fast h\u00e4tten wir uns noch verfahren und w\u00e4ren auf die A84 nach Rennes gekommen. Aber im letzten Augenblick kriegen wir noch die Kurve. <\/p>\n\n\n\n<p>Von weitem sehen wir den Le Mont-St-Michel. Den wollen wir n\u00e4chste Woche besuchen.<\/p>\n\n\n\n<figure class=\"wp-block-image size-large\"><img loading=\"lazy\" decoding=\"async\" width=\"1024\" height=\"768\" src=\"https:\/\/www.jimmy2.ch\/worldpress\/wp-content\/uploads\/2023\/07\/IMG_5679-1024x768.jpeg\" alt=\"\" class=\"wp-image-21929\" srcset=\"https:\/\/www.jimmy2.ch\/worldpress\/wp-content\/uploads\/2023\/07\/IMG_5679-1024x768.jpeg 1024w, https:\/\/www.jimmy2.ch\/worldpress\/wp-content\/uploads\/2023\/07\/IMG_5679-300x225.jpeg 300w, https:\/\/www.jimmy2.ch\/worldpress\/wp-content\/uploads\/2023\/07\/IMG_5679-768x576.jpeg 768w, https:\/\/www.jimmy2.ch\/worldpress\/wp-content\/uploads\/2023\/07\/IMG_5679-1536x1152.jpeg 1536w, https:\/\/www.jimmy2.ch\/worldpress\/wp-content\/uploads\/2023\/07\/IMG_5679-2048x1536.jpeg 2048w\" sizes=\"auto, (max-width: 1024px) 100vw, 1024px\" \/><\/figure>\n\n\n\n<figure class=\"wp-block-image size-large\"><img loading=\"lazy\" decoding=\"async\" width=\"1024\" height=\"768\" src=\"https:\/\/www.jimmy2.ch\/worldpress\/wp-content\/uploads\/2023\/07\/IMG_5680-1024x768.jpeg\" alt=\"\" class=\"wp-image-21930\" srcset=\"https:\/\/www.jimmy2.ch\/worldpress\/wp-content\/uploads\/2023\/07\/IMG_5680-1024x768.jpeg 1024w, https:\/\/www.jimmy2.ch\/worldpress\/wp-content\/uploads\/2023\/07\/IMG_5680-300x225.jpeg 300w, https:\/\/www.jimmy2.ch\/worldpress\/wp-content\/uploads\/2023\/07\/IMG_5680-768x576.jpeg 768w, https:\/\/www.jimmy2.ch\/worldpress\/wp-content\/uploads\/2023\/07\/IMG_5680-1536x1152.jpeg 1536w, https:\/\/www.jimmy2.ch\/worldpress\/wp-content\/uploads\/2023\/07\/IMG_5680-2048x1536.jpeg 2048w\" sizes=\"auto, (max-width: 1024px) 100vw, 1024px\" \/><\/figure>\n\n\n\n<p><\/p>\n\n\n\n<p>In Saint-Malo ist alles gut ausgeschildert und so stellen wir unseren Jimmy3 gegen viertel vor zwei auf dem gemischten Parkplatz ab. Es stehen einige Wohnmobile hier. <\/p>\n\n\n\n<figure class=\"wp-block-image size-large\"><img loading=\"lazy\" decoding=\"async\" width=\"955\" height=\"1024\" src=\"https:\/\/www.jimmy2.ch\/worldpress\/wp-content\/uploads\/2023\/07\/IMG_1001-955x1024.jpeg\" alt=\"\" class=\"wp-image-21931\" srcset=\"https:\/\/www.jimmy2.ch\/worldpress\/wp-content\/uploads\/2023\/07\/IMG_1001-955x1024.jpeg 955w, https:\/\/www.jimmy2.ch\/worldpress\/wp-content\/uploads\/2023\/07\/IMG_1001-280x300.jpeg 280w, https:\/\/www.jimmy2.ch\/worldpress\/wp-content\/uploads\/2023\/07\/IMG_1001-768x824.jpeg 768w, https:\/\/www.jimmy2.ch\/worldpress\/wp-content\/uploads\/2023\/07\/IMG_1001-1432x1536.jpeg 1432w, https:\/\/www.jimmy2.ch\/worldpress\/wp-content\/uploads\/2023\/07\/IMG_1001.jpeg 1909w\" sizes=\"auto, (max-width: 955px) 100vw, 955px\" \/><\/figure>\n\n\n\n<p><br><br>Gestern bei Regen haben wir festgestellt, dass sich unter unserem Wohnmobil so farbige Dieselspuren bilden. Dem will ich jetzt auf den Grund gehen. Ich lokalisiere das Problem bei der Ebersb\u00e4cher-Dieselheizung. Beim Schalld\u00e4mpfer vom Auspuff hat es Diesel-Tropfen. Ich starte die Heizung. Dichter Qualm kommt aus dem Auspuff und auch an der Heizung selber bildet sich dichter Qualm. Also abstellen. Ich versuche es sp\u00e4ter nochmals mit dem gleichen Ergebnis. <br><br>Ich konsultiere die Betriebsanleitung. Die ist aber, wie heute so oft, in etwa 20 Sprachen und nur ganz einfach und endet mit der Information wo die gesamte Anleitung heruntergeladen werden kann. Da ich seit 15 Uhr keine schnelle Internetverbindung mehr habe, gelingt mir das nicht. Und so rufe ich bei Lexa an. Da bin ich richtig wobei der zust\u00e4ndige Herr gerade besetzt ist und mich zur\u00fcckrufen wird. Kein Problem. Wir werden auch ohne Diesel-Heizung \u00fcberleben und im Moment tropft es auch nicht mehr.<br><br>Nun gibt es erstmal einen kleinen Snack. <br><br>Gegen 17 Uhr fahren wir mit dem Bus in die Stadt hinunter. Das Wetter ist gut und wir spazieren auf der Stadt-Mauer rund um die Stadt. Machen dabei unz\u00e4hlige Fotos. <br><br>Gegen 18 Uhr ruft Lexa zur\u00fcck. Aber ich bin gerade dabei ein Foto zu machen und dr\u00fccke auf die falsche Taste und dr\u00fccke den Anruf weg. Wie bereit gesagt ist es kein Problem. Ich werde n\u00e4chste Woche nochmals nachfragen.<br><br>Bevor es mit dem Bus wieder nach Hause geht, g\u00f6nnen wir uns noch eine Pizza. Gegen 20 Uhr sind wir wieder zur\u00fcck beim Wohnmobil. Mit 20\u00b0 ist es immer noch sehr warm. <br><br><br><br><br><\/p>\n","protected":false},"excerpt":{"rendered":"<p>#logbuchjimmy3ch Tag 658Agon-Coutainville &#8211; Saint-Malo F 130 km \/ 3 1\/2 Stunden unterwegs inkl. kurzer Kaffeepause Parking Paul Feval P14 \/ gemischter Parkplatz 7.50 \u20ac \/ V+E vis-a-vis \u00f6ffentlich 48.644036, -1.993528 8 m Freitag 28. Juli 2023Eine angenehme Nacht. Bew\u00f6lkt &hellip; <a href=\"https:\/\/www.jimmy2.ch\/worldpress\/2023\/07\/28\/agon-coutainville-saint-malo-f\/\">Continue reading <span class=\"meta-nav\">&rarr;<\/span><\/a><\/p>\n","protected":false},"author":1,"featured_media":0,"comment_status":"open","ping_status":"open","sticky":false,"template":"","format":"standard","meta":{"footnotes":""},"categories":[69],"tags":[1221,94,767,851,768,1223,770],"class_list":["post-21918","post","type-post","status-publish","format-standard","hentry","category-frankreich","tag-agon-coutainville","tag-frankreich","tag-leben-im-wohnmobil","tag-morelo","tag-reisen-im-wohnmobil","tag-saint-malo","tag-wohnen-im-wohnmobil"],"_links":{"self":[{"href":"https:\/\/www.jimmy2.ch\/worldpress\/wp-json\/wp\/v2\/posts\/21918","targetHints":{"allow":["GET"]}}],"collection":[{"href":"https:\/\/www.jimmy2.ch\/worldpress\/wp-json\/wp\/v2\/posts"}],"about":[{"href":"https:\/\/www.jimmy2.ch\/worldpress\/wp-json\/wp\/v2\/types\/post"}],"author":[{"embeddable":true,"href":"https:\/\/www.jimmy2.ch\/worldpress\/wp-json\/wp\/v2\/users\/1"}],"replies":[{"embeddable":true,"href":"https:\/\/www.jimmy2.ch\/worldpress\/wp-json\/wp\/v2\/comments?post=21918"}],"version-history":[{"count":2,"href":"https:\/\/www.jimmy2.ch\/worldpress\/wp-json\/wp\/v2\/posts\/21918\/revisions"}],"predecessor-version":[{"id":21932,"href":"https:\/\/www.jimmy2.ch\/worldpress\/wp-json\/wp\/v2\/posts\/21918\/revisions\/21932"}],"wp:attachment":[{"href":"https:\/\/www.jimmy2.ch\/worldpress\/wp-json\/wp\/v2\/media?parent=21918"}],"wp:term":[{"taxonomy":"category","embeddable":true,"href":"https:\/\/www.jimmy2.ch\/worldpress\/wp-json\/wp\/v2\/categories?post=21918"},{"taxonomy":"post_tag","embeddable":true,"href":"https:\/\/www.jimmy2.ch\/worldpress\/wp-json\/wp\/v2\/tags?post=21918"}],"curies":[{"name":"wp","href":"https:\/\/api.w.org\/{rel}","templated":true}]}}