{"id":2189,"date":"2018-01-12T22:06:40","date_gmt":"2018-01-12T21:06:40","guid":{"rendered":"http:\/\/www.jimmy2.ch\/worldpress\/?p=2189"},"modified":"2018-01-13T21:19:42","modified_gmt":"2018-01-13T20:19:42","slug":"unsere-spanien-reise-geht-los","status":"publish","type":"post","link":"https:\/\/www.jimmy2.ch\/worldpress\/2018\/01\/12\/unsere-spanien-reise-geht-los\/","title":{"rendered":"Unsere Spanien-Reise geht los"},"content":{"rendered":"<p><b>Freitag 12. Januar 2018<\/b><br \/>\nBr\u00fcttisellen &#8211; Autobahnrastst\u00e4tte Rolle<br \/>\nWetter: den ganzen Tag Hochnebel ca. 5\u00b0C<br \/>\nKoordinaten:<br \/>\nKm und Zeit: 254 km 3 Stunden<\/p>\n<p>Wie am 1. Januar bereits berichtet hatte ich Probleme mit der Leistung des 3-Liter Motors unseres Wohnmobils. Schon am Donnerstag 4. Januar nachmittags konnte ich das Wohnmobil in die Garage zur Kontrolle bringen. Noch am gleichen Nachmittag erhielt ich den Bescheid dass der Drosselklappenk\u00f6rper ausgewechselt werden m\u00fcsse da er stark verschmutzt ist. So kann die Klappe nicht mehr korrekt arbeiten und es kommt zu einem Leistungsabfall des Motors. Dann leuchtet die Kontrolllampe auf und eine Fehlermeldung erscheint. Also muss dieses Teil ersetzt werden. Kostenpunkt Fr. 800.00. Bereits am Freitag Mittag k\u00f6nnen wir unser Wohnmobil wieder abholen.<\/p>\n<p>Nun k\u00f6nnen wir mit den Vorbereitungen f\u00fcr unsere Spanien Reise beginnen. Am Samstag fahren wir zum Campingprofi nach Urdorf. Wir brauchen noch eine zus\u00e4tzliche \u201eNachttisch-Lampe\u201c f\u00fcr Christa und ein 2. Gasventil f\u00fcr spanische Gasflaschen.<\/p>\n<p>Die letzten Tage haben wir nun Kleider, Lebensmittel usw. eingeladen. Die neue Lampe montiert. 2 neue Gasflaschen angeschlossen. Auch brauchten die Reifen noch etwas Luft.<\/p>\n<p><img loading=\"lazy\" decoding=\"async\" class=\"aligncenter size-medium wp-image-2216\" src=\"https:\/\/www.jimmy2.ch\/worldpress\/wp-content\/uploads\/2018\/01\/AE60AA89-FEC0-4A89-A555-EFF27553492C-300x205.jpeg\" alt=\"\" width=\"300\" height=\"205\" srcset=\"https:\/\/www.jimmy2.ch\/worldpress\/wp-content\/uploads\/2018\/01\/AE60AA89-FEC0-4A89-A555-EFF27553492C-300x205.jpeg 300w, https:\/\/www.jimmy2.ch\/worldpress\/wp-content\/uploads\/2018\/01\/AE60AA89-FEC0-4A89-A555-EFF27553492C-768x524.jpeg 768w, https:\/\/www.jimmy2.ch\/worldpress\/wp-content\/uploads\/2018\/01\/AE60AA89-FEC0-4A89-A555-EFF27553492C-1024x699.jpeg 1024w\" sizes=\"auto, (max-width: 300px) 100vw, 300px\" \/><\/p>\n<p style=\"text-align: center;\">Nahrung f\u00fcr Jimmy.<br \/>\n78 B\u00fcchsen \/ etwas mehr als 30 kg<\/p>\n<p><img loading=\"lazy\" decoding=\"async\" class=\"aligncenter size-medium wp-image-2217\" src=\"https:\/\/www.jimmy2.ch\/worldpress\/wp-content\/uploads\/2018\/01\/E0B48483-376C-4FC2-9509-B4AC7ABFCFE0-247x300.jpeg\" alt=\"\" width=\"247\" height=\"300\" srcset=\"https:\/\/www.jimmy2.ch\/worldpress\/wp-content\/uploads\/2018\/01\/E0B48483-376C-4FC2-9509-B4AC7ABFCFE0-247x300.jpeg 247w, https:\/\/www.jimmy2.ch\/worldpress\/wp-content\/uploads\/2018\/01\/E0B48483-376C-4FC2-9509-B4AC7ABFCFE0-768x932.jpeg 768w, https:\/\/www.jimmy2.ch\/worldpress\/wp-content\/uploads\/2018\/01\/E0B48483-376C-4FC2-9509-B4AC7ABFCFE0-844x1024.jpeg 844w\" sizes=\"auto, (max-width: 247px) 100vw, 247px\" \/><\/p>\n<p style=\"text-align: center;\">Wird im Doppel-Boden verstaut.<\/p>\n<p><img loading=\"lazy\" decoding=\"async\" class=\"aligncenter size-medium wp-image-2220\" src=\"https:\/\/www.jimmy2.ch\/worldpress\/wp-content\/uploads\/2018\/01\/073E9FD5-02E0-4668-A185-7C8E3EE63E37-300x227.jpeg\" alt=\"\" width=\"300\" height=\"227\" srcset=\"https:\/\/www.jimmy2.ch\/worldpress\/wp-content\/uploads\/2018\/01\/073E9FD5-02E0-4668-A185-7C8E3EE63E37-300x227.jpeg 300w, https:\/\/www.jimmy2.ch\/worldpress\/wp-content\/uploads\/2018\/01\/073E9FD5-02E0-4668-A185-7C8E3EE63E37-768x582.jpeg 768w, https:\/\/www.jimmy2.ch\/worldpress\/wp-content\/uploads\/2018\/01\/073E9FD5-02E0-4668-A185-7C8E3EE63E37-1024x776.jpeg 1024w\" sizes=\"auto, (max-width: 300px) 100vw, 300px\" \/><\/p>\n<p style=\"text-align: center;\">Nahrung f\u00fcr den Fahrer.<br \/>\nBleibt auf Mann.<\/p>\n<p>Gegen\u00fcber dem letzten Jahr ist das Wetter viel besser &#8211; kein Schnee, keine Minustemperaturen.<\/p>\n<p>Nun ist es soweit. Heute Morgen noch kurz eine Arbeit ausw\u00e4rts erledigen. \u00a0Dann kommen noch die letzten B\u00fcroarbeiten dran. Das zieht sich irgendwie in die L\u00e4nge. Erst gegen halb eins kann ich den PC ausschalten.<\/p>\n<p>Schnell etwas essen und noch die restlichen Sachen einr\u00e4umen.<\/p>\n<p>Um zwei Uhr mache ich mich auf den Weg um das Wohnmobil zu waschen. Ich habe Gl\u00fcck und finde eine freie Box. Dann gehts weiter Diesel tanken. Schlussendlich geht es noch auf die Waage.<\/p>\n<p>Das Gesamtgewicht ist 4.5 Tonnen &#8211; also im gr\u00fcnen Bereich. Mehr Sorgen macht mir die Last auf der Hinterachse. Hier werden 2,66 Tonnen angezeigt &#8211; zul\u00e4ssig sind 2,4 Tonnen.<\/p>\n<p>Was k\u00f6nnen wir ausladen um 260 kg leichter zu werden? Nichts!<\/p>\n<p>Ich frage Christa. Die Fahrr\u00e4der stehen zur Diskussion. Wir w\u00e4gen ab und geben uns noch einem Moment Bedenkzeit. Christa macht das Wohnmobil abfahrt bereit. Ich ziehe mich noch um.<\/p>\n<p>Dann einen kurzen zackigen Entscheid &#8211; die Fahrr\u00e4der bleiben zu Hause. Daf\u00fcr muss der Roller mehr in Betrieb kommen.<\/p>\n<p style=\"text-align: center;\"><b>Um 16 Uhr fahren wir los. <\/b><\/p>\n<p><img loading=\"lazy\" decoding=\"async\" class=\"aligncenter size-medium wp-image-2214\" src=\"https:\/\/www.jimmy2.ch\/worldpress\/wp-content\/uploads\/2018\/01\/40182C6E-4B63-456E-9E0F-E49F6B39539E-300x222.jpeg\" alt=\"\" width=\"300\" height=\"222\" srcset=\"https:\/\/www.jimmy2.ch\/worldpress\/wp-content\/uploads\/2018\/01\/40182C6E-4B63-456E-9E0F-E49F6B39539E-300x222.jpeg 300w, https:\/\/www.jimmy2.ch\/worldpress\/wp-content\/uploads\/2018\/01\/40182C6E-4B63-456E-9E0F-E49F6B39539E-768x568.jpeg 768w, https:\/\/www.jimmy2.ch\/worldpress\/wp-content\/uploads\/2018\/01\/40182C6E-4B63-456E-9E0F-E49F6B39539E-1024x757.jpeg 1024w\" sizes=\"auto, (max-width: 300px) 100vw, 300px\" \/><\/p>\n<p style=\"text-align: center;\">Wie man sieht ohne Farr\u00e4der.<\/p>\n<p>Der Nordring l\u00e4uft gut. Scheinbar sind noch nicht alle Schweizer am Arbeiten oder auf dem Heimweg . Einzig beim Autobahnkreuz H\u00e4rkingen staut es. Eine Sache von 10 Minuten. Gegen halb sechs wird es dunkel. Um 19 Uhr treffen wir auf der Autobahnrastst\u00e4tte La C\u00f4te in der N\u00e4he von Rolle ein. Wir stellen Jimmy 2 einfach der L\u00e4nge nach auf 4 Parkfelder.<\/p>\n<p><img loading=\"lazy\" decoding=\"async\" class=\"aligncenter size-medium wp-image-2215\" src=\"https:\/\/www.jimmy2.ch\/worldpress\/wp-content\/uploads\/2018\/01\/4217035B-D154-479B-B12C-54A98D6FB343-181x300.jpeg\" alt=\"\" width=\"181\" height=\"300\" srcset=\"https:\/\/www.jimmy2.ch\/worldpress\/wp-content\/uploads\/2018\/01\/4217035B-D154-479B-B12C-54A98D6FB343-181x300.jpeg 181w, https:\/\/www.jimmy2.ch\/worldpress\/wp-content\/uploads\/2018\/01\/4217035B-D154-479B-B12C-54A98D6FB343-768x1271.jpeg 768w, https:\/\/www.jimmy2.ch\/worldpress\/wp-content\/uploads\/2018\/01\/4217035B-D154-479B-B12C-54A98D6FB343-619x1024.jpeg 619w, https:\/\/www.jimmy2.ch\/worldpress\/wp-content\/uploads\/2018\/01\/4217035B-D154-479B-B12C-54A98D6FB343.jpeg 1242w\" sizes=\"auto, (max-width: 181px) 100vw, 181px\" \/><\/p>\n<p><img loading=\"lazy\" decoding=\"async\" class=\"aligncenter size-medium wp-image-2218\" src=\"https:\/\/www.jimmy2.ch\/worldpress\/wp-content\/uploads\/2018\/01\/69529042-CDB1-4D72-8C19-70DBD8656036-300x206.jpeg\" alt=\"\" width=\"300\" height=\"206\" srcset=\"https:\/\/www.jimmy2.ch\/worldpress\/wp-content\/uploads\/2018\/01\/69529042-CDB1-4D72-8C19-70DBD8656036-300x206.jpeg 300w, https:\/\/www.jimmy2.ch\/worldpress\/wp-content\/uploads\/2018\/01\/69529042-CDB1-4D72-8C19-70DBD8656036-768x527.jpeg 768w, https:\/\/www.jimmy2.ch\/worldpress\/wp-content\/uploads\/2018\/01\/69529042-CDB1-4D72-8C19-70DBD8656036-1024x703.jpeg 1024w\" sizes=\"auto, (max-width: 300px) 100vw, 300px\" \/><\/p>\n<p>&nbsp;<\/p>\n<p><img loading=\"lazy\" decoding=\"async\" class=\"aligncenter size-medium wp-image-2219\" src=\"https:\/\/www.jimmy2.ch\/worldpress\/wp-content\/uploads\/2018\/01\/C0486400-4108-4A85-9D36-3E914E1FB89F-300x182.jpeg\" alt=\"\" width=\"300\" height=\"182\" srcset=\"https:\/\/www.jimmy2.ch\/worldpress\/wp-content\/uploads\/2018\/01\/C0486400-4108-4A85-9D36-3E914E1FB89F-300x182.jpeg 300w, https:\/\/www.jimmy2.ch\/worldpress\/wp-content\/uploads\/2018\/01\/C0486400-4108-4A85-9D36-3E914E1FB89F-768x466.jpeg 768w, https:\/\/www.jimmy2.ch\/worldpress\/wp-content\/uploads\/2018\/01\/C0486400-4108-4A85-9D36-3E914E1FB89F-1024x621.jpeg 1024w\" sizes=\"auto, (max-width: 300px) 100vw, 300px\" \/><\/p>\n<p>Mal schauen ob das jemanden st\u00f6rt. Die Sateliten-Sch\u00fcssel wird ausgefahren und das Nachtessen vorbereitet. Nicht grosses. Dann schauen wir TV &#8211; \u201eauf und davon\u201c die Schweizer Auswanderer.<\/p>\n<p>Noch einen kurzen Spaziergang mit Jimmy und dann geht es ab ins Bett. Vorher noch schnell die Kette legen und die Alarmanlage einschalten.<\/p>\n<p>Morgen haben wir eine lange Fahrt vor uns. Wir wollen nach Gruissan ca. 600 km.<\/p>\n<p style=\"text-align: center;\">Mal schauen wie die Nacht wird.<\/p>\n","protected":false},"excerpt":{"rendered":"<p>Freitag 12. Januar 2018 Br\u00fcttisellen &#8211; Autobahnrastst\u00e4tte Rolle Wetter: den ganzen Tag Hochnebel ca. 5\u00b0C Koordinaten: Km und Zeit: 254 km 3 Stunden Wie am 1. Januar bereits berichtet hatte ich Probleme mit der Leistung des 3-Liter Motors unseres Wohnmobils. &hellip; <a href=\"https:\/\/www.jimmy2.ch\/worldpress\/2018\/01\/12\/unsere-spanien-reise-geht-los\/\">Continue reading <span class=\"meta-nav\">&rarr;<\/span><\/a><\/p>\n","protected":false},"author":1,"featured_media":0,"comment_status":"open","ping_status":"open","sticky":false,"template":"","format":"standard","meta":{"footnotes":""},"categories":[71],"tags":[183,184,73],"class_list":["post-2189","post","type-post","status-publish","format-standard","hentry","category-spanien2018","tag-autobahnraststaette","tag-hochnebel","tag-schweiz"],"_links":{"self":[{"href":"https:\/\/www.jimmy2.ch\/worldpress\/wp-json\/wp\/v2\/posts\/2189","targetHints":{"allow":["GET"]}}],"collection":[{"href":"https:\/\/www.jimmy2.ch\/worldpress\/wp-json\/wp\/v2\/posts"}],"about":[{"href":"https:\/\/www.jimmy2.ch\/worldpress\/wp-json\/wp\/v2\/types\/post"}],"author":[{"embeddable":true,"href":"https:\/\/www.jimmy2.ch\/worldpress\/wp-json\/wp\/v2\/users\/1"}],"replies":[{"embeddable":true,"href":"https:\/\/www.jimmy2.ch\/worldpress\/wp-json\/wp\/v2\/comments?post=2189"}],"version-history":[{"count":4,"href":"https:\/\/www.jimmy2.ch\/worldpress\/wp-json\/wp\/v2\/posts\/2189\/revisions"}],"predecessor-version":[{"id":2234,"href":"https:\/\/www.jimmy2.ch\/worldpress\/wp-json\/wp\/v2\/posts\/2189\/revisions\/2234"}],"wp:attachment":[{"href":"https:\/\/www.jimmy2.ch\/worldpress\/wp-json\/wp\/v2\/media?parent=2189"}],"wp:term":[{"taxonomy":"category","embeddable":true,"href":"https:\/\/www.jimmy2.ch\/worldpress\/wp-json\/wp\/v2\/categories?post=2189"},{"taxonomy":"post_tag","embeddable":true,"href":"https:\/\/www.jimmy2.ch\/worldpress\/wp-json\/wp\/v2\/tags?post=2189"}],"curies":[{"name":"wp","href":"https:\/\/api.w.org\/{rel}","templated":true}]}}