{"id":21807,"date":"2023-07-23T23:59:00","date_gmt":"2023-07-23T22:59:00","guid":{"rendered":"http:\/\/www.jimmy2.ch\/worldpress\/?p=21807"},"modified":"2023-07-25T17:34:39","modified_gmt":"2023-07-25T16:34:39","slug":"barfleur-cherbourg-f","status":"publish","type":"post","link":"https:\/\/www.jimmy2.ch\/worldpress\/2023\/07\/23\/barfleur-cherbourg-f\/","title":{"rendered":"Barfleur &#8211; Cherbourg F"},"content":{"rendered":"\n<p>#logbuchjimmy3ch Tag 653<br>Barfleur &#8211; Cherbourg F  <br>30 km \/ 1 knappe Stunde unterwegs <br>Parkplatz gegen\u00fcber dem Stellplatz <br>gratis kein Service <br><br>49.641568, -1.617571    4 M\u00fcM<br><br>Sonntag 23. Juli 2023 <br>bew\u00f6lkt 19\u00b0, Sonne dr\u00fcckt, windig <br>in Cherbourg Regen und Sonne <br><br>Wir schlafen etwas l\u00e4nger. Schliesslich ist es Sonntag und unsere n\u00e4chstes Etappeziel ist nicht weit weg.<br><br>Es ist bew\u00f6lkt und nieselt ab und zu. Wir verabschieden uns von Jutta und Hansi. Wobei wir das gleiche Ziel haben. Aber man weiss ja nie.<\/p>\n\n\n\n<figure class=\"wp-block-image size-large\"><img loading=\"lazy\" decoding=\"async\" width=\"1024\" height=\"768\" src=\"https:\/\/www.jimmy2.ch\/worldpress\/wp-content\/uploads\/2023\/07\/IMG_5551-1024x768.jpeg\" alt=\"\" class=\"wp-image-21815\" srcset=\"https:\/\/www.jimmy2.ch\/worldpress\/wp-content\/uploads\/2023\/07\/IMG_5551-1024x768.jpeg 1024w, https:\/\/www.jimmy2.ch\/worldpress\/wp-content\/uploads\/2023\/07\/IMG_5551-300x225.jpeg 300w, https:\/\/www.jimmy2.ch\/worldpress\/wp-content\/uploads\/2023\/07\/IMG_5551-768x576.jpeg 768w, https:\/\/www.jimmy2.ch\/worldpress\/wp-content\/uploads\/2023\/07\/IMG_5551-1536x1152.jpeg 1536w, https:\/\/www.jimmy2.ch\/worldpress\/wp-content\/uploads\/2023\/07\/IMG_5551-2048x1536.jpeg 2048w\" sizes=\"auto, (max-width: 1024px) 100vw, 1024px\" \/><\/figure>\n\n\n\n<p>Barfleur zu verlassen ist nicht ganz einfach. Auf dem Fussballfeld vor der Ortschaft findet ein \u201eVide Grenier\u201c statt &#8211; eine Art Flohmarkt. Parkiert wird rechts und links der Strasse. Durchkommen bei Gegenverkehr unm\u00f6glich. <br><br>Es kommt noch eine etwas enge Ortschaft. Aber dann l\u00e4uft es rund und schon sind wir in Cherbourg. <\/p>\n\n\n\n<figure class=\"wp-block-image size-large\"><img loading=\"lazy\" decoding=\"async\" width=\"1024\" height=\"913\" src=\"https:\/\/www.jimmy2.ch\/worldpress\/wp-content\/uploads\/2023\/07\/IMG_0994-1-1024x913.jpeg\" alt=\"\" class=\"wp-image-21825\" srcset=\"https:\/\/www.jimmy2.ch\/worldpress\/wp-content\/uploads\/2023\/07\/IMG_0994-1-1024x913.jpeg 1024w, https:\/\/www.jimmy2.ch\/worldpress\/wp-content\/uploads\/2023\/07\/IMG_0994-1-300x267.jpeg 300w, https:\/\/www.jimmy2.ch\/worldpress\/wp-content\/uploads\/2023\/07\/IMG_0994-1-768x685.jpeg 768w, https:\/\/www.jimmy2.ch\/worldpress\/wp-content\/uploads\/2023\/07\/IMG_0994-1-1536x1369.jpeg 1536w, https:\/\/www.jimmy2.ch\/worldpress\/wp-content\/uploads\/2023\/07\/IMG_0994-1.jpeg 1905w\" sizes=\"auto, (max-width: 1024px) 100vw, 1024px\" \/><\/figure>\n\n\n\n<p>Der offizielle Stellplatz ist zum meinem Erstaunen oder meiner Naivit\u00e4t voll belegt und nur bedingt f\u00fcr 9 m Wohnmobile geeignet. <\/p>\n\n\n\n<figure class=\"wp-block-image size-large\"><img loading=\"lazy\" decoding=\"async\" width=\"1024\" height=\"768\" src=\"https:\/\/www.jimmy2.ch\/worldpress\/wp-content\/uploads\/2023\/07\/IMG_5556-1024x768.jpeg\" alt=\"\" class=\"wp-image-21818\" srcset=\"https:\/\/www.jimmy2.ch\/worldpress\/wp-content\/uploads\/2023\/07\/IMG_5556-1024x768.jpeg 1024w, https:\/\/www.jimmy2.ch\/worldpress\/wp-content\/uploads\/2023\/07\/IMG_5556-300x225.jpeg 300w, https:\/\/www.jimmy2.ch\/worldpress\/wp-content\/uploads\/2023\/07\/IMG_5556-768x576.jpeg 768w, https:\/\/www.jimmy2.ch\/worldpress\/wp-content\/uploads\/2023\/07\/IMG_5556-1536x1152.jpeg 1536w, https:\/\/www.jimmy2.ch\/worldpress\/wp-content\/uploads\/2023\/07\/IMG_5556-2048x1536.jpeg 2048w\" sizes=\"auto, (max-width: 1024px) 100vw, 1024px\" \/><\/figure>\n\n\n\n<p>Aber gegen\u00fcber hat es noch einen Parkplatz und da stellen wir uns drauf. <\/p>\n\n\n\n<figure class=\"wp-block-image size-large\"><img loading=\"lazy\" decoding=\"async\" width=\"1024\" height=\"768\" src=\"https:\/\/www.jimmy2.ch\/worldpress\/wp-content\/uploads\/2023\/07\/IMG_5557-1024x768.jpeg\" alt=\"\" class=\"wp-image-21819\" srcset=\"https:\/\/www.jimmy2.ch\/worldpress\/wp-content\/uploads\/2023\/07\/IMG_5557-1024x768.jpeg 1024w, https:\/\/www.jimmy2.ch\/worldpress\/wp-content\/uploads\/2023\/07\/IMG_5557-300x225.jpeg 300w, https:\/\/www.jimmy2.ch\/worldpress\/wp-content\/uploads\/2023\/07\/IMG_5557-768x576.jpeg 768w, https:\/\/www.jimmy2.ch\/worldpress\/wp-content\/uploads\/2023\/07\/IMG_5557-1536x1152.jpeg 1536w, https:\/\/www.jimmy2.ch\/worldpress\/wp-content\/uploads\/2023\/07\/IMG_5557-2048x1536.jpeg 2048w\" sizes=\"auto, (max-width: 1024px) 100vw, 1024px\" \/><\/figure>\n\n\n\n<figure class=\"wp-block-image size-large\"><img loading=\"lazy\" decoding=\"async\" width=\"1024\" height=\"768\" src=\"https:\/\/www.jimmy2.ch\/worldpress\/wp-content\/uploads\/2023\/07\/IMG_5554-1024x768.jpeg\" alt=\"\" class=\"wp-image-21817\" srcset=\"https:\/\/www.jimmy2.ch\/worldpress\/wp-content\/uploads\/2023\/07\/IMG_5554-1024x768.jpeg 1024w, https:\/\/www.jimmy2.ch\/worldpress\/wp-content\/uploads\/2023\/07\/IMG_5554-300x225.jpeg 300w, https:\/\/www.jimmy2.ch\/worldpress\/wp-content\/uploads\/2023\/07\/IMG_5554-768x576.jpeg 768w, https:\/\/www.jimmy2.ch\/worldpress\/wp-content\/uploads\/2023\/07\/IMG_5554-1536x1152.jpeg 1536w, https:\/\/www.jimmy2.ch\/worldpress\/wp-content\/uploads\/2023\/07\/IMG_5554-2048x1536.jpeg 2048w\" sizes=\"auto, (max-width: 1024px) 100vw, 1024px\" \/><\/figure>\n\n\n\n<p>Wieder einmal ein Highlight von einem Platz. <br><br>Aber er ist praktisch, da fussl\u00e4ufig vom Zentrum entfernt und wir wohnen ja schliesslich drinnen und nicht draussen. <br><br>Jutta und Hansi kommen auch gleich an und stellen sich in unsere N\u00e4he. <br><br>Gemeinsam machen wir eine Tour durch die Stadt. <\/p>\n\n\n\n<figure class=\"wp-block-image size-large\"><img loading=\"lazy\" decoding=\"async\" width=\"1024\" height=\"768\" src=\"https:\/\/www.jimmy2.ch\/worldpress\/wp-content\/uploads\/2023\/07\/IMG_5559-1024x768.jpeg\" alt=\"\" class=\"wp-image-21820\" srcset=\"https:\/\/www.jimmy2.ch\/worldpress\/wp-content\/uploads\/2023\/07\/IMG_5559-1024x768.jpeg 1024w, https:\/\/www.jimmy2.ch\/worldpress\/wp-content\/uploads\/2023\/07\/IMG_5559-300x225.jpeg 300w, https:\/\/www.jimmy2.ch\/worldpress\/wp-content\/uploads\/2023\/07\/IMG_5559-768x576.jpeg 768w, https:\/\/www.jimmy2.ch\/worldpress\/wp-content\/uploads\/2023\/07\/IMG_5559-1536x1152.jpeg 1536w, https:\/\/www.jimmy2.ch\/worldpress\/wp-content\/uploads\/2023\/07\/IMG_5559-2048x1536.jpeg 2048w\" sizes=\"auto, (max-width: 1024px) 100vw, 1024px\" \/><\/figure>\n\n\n\n<p>Diese Woche findet das Fastnet Race statt &#8211;  eine Segelregatta. Die ist aber gestern gestartet und darum ist ausser den Festzelten nichts los. Und wir sind ja Wohnmobilfahrer und keine Segler.<\/p>\n\n\n\n<figure class=\"wp-block-image size-large\"><img loading=\"lazy\" decoding=\"async\" width=\"1024\" height=\"768\" src=\"https:\/\/www.jimmy2.ch\/worldpress\/wp-content\/uploads\/2023\/07\/IMG_5563-1024x768.jpeg\" alt=\"\" class=\"wp-image-21821\" srcset=\"https:\/\/www.jimmy2.ch\/worldpress\/wp-content\/uploads\/2023\/07\/IMG_5563-1024x768.jpeg 1024w, https:\/\/www.jimmy2.ch\/worldpress\/wp-content\/uploads\/2023\/07\/IMG_5563-300x225.jpeg 300w, https:\/\/www.jimmy2.ch\/worldpress\/wp-content\/uploads\/2023\/07\/IMG_5563-768x576.jpeg 768w, https:\/\/www.jimmy2.ch\/worldpress\/wp-content\/uploads\/2023\/07\/IMG_5563-1536x1152.jpeg 1536w, https:\/\/www.jimmy2.ch\/worldpress\/wp-content\/uploads\/2023\/07\/IMG_5563-2048x1536.jpeg 2048w\" sizes=\"auto, (max-width: 1024px) 100vw, 1024px\" \/><\/figure>\n\n\n\n<p><br>In der Stadt ist heute Sonntag gar nichts los und dann beginnt es auch noch zu regnen. Wir verziehen uns kurz in ein Restaurant und dann geht es wieder zur\u00fcck zum Wohnmobil. <\/p>\n\n\n\n<figure class=\"wp-block-image size-large\"><img loading=\"lazy\" decoding=\"async\" width=\"1024\" height=\"768\" src=\"https:\/\/www.jimmy2.ch\/worldpress\/wp-content\/uploads\/2023\/07\/IMG_5564-1024x768.jpeg\" alt=\"\" class=\"wp-image-21822\" srcset=\"https:\/\/www.jimmy2.ch\/worldpress\/wp-content\/uploads\/2023\/07\/IMG_5564-1024x768.jpeg 1024w, https:\/\/www.jimmy2.ch\/worldpress\/wp-content\/uploads\/2023\/07\/IMG_5564-300x225.jpeg 300w, https:\/\/www.jimmy2.ch\/worldpress\/wp-content\/uploads\/2023\/07\/IMG_5564-768x576.jpeg 768w, https:\/\/www.jimmy2.ch\/worldpress\/wp-content\/uploads\/2023\/07\/IMG_5564-1536x1152.jpeg 1536w, https:\/\/www.jimmy2.ch\/worldpress\/wp-content\/uploads\/2023\/07\/IMG_5564-2048x1536.jpeg 2048w\" sizes=\"auto, (max-width: 1024px) 100vw, 1024px\" \/><\/figure>\n\n\n\n<p>Wir sind scheinbar doch nicht die einzigen die mit einem gr\u00f6sseren Wohnmobil unterwegs sind.<\/p>\n\n\n\n<p>Ich finde einen Waschsalon den Christa f\u00fcr in Ordnung befindet. Jutta und Hansi ziehen weiter. Sie haben nur noch eine Woche Urlaub und wollen noch etwas sehen.<br><br>Die n\u00e4chsten 2 Stunden verbringe ich im Waschsalon. <\/p>\n\n\n\n<figure class=\"wp-block-image size-large\"><img loading=\"lazy\" decoding=\"async\" width=\"1024\" height=\"768\" src=\"https:\/\/www.jimmy2.ch\/worldpress\/wp-content\/uploads\/2023\/07\/IMG_5565-1024x768.jpeg\" alt=\"\" class=\"wp-image-21823\" srcset=\"https:\/\/www.jimmy2.ch\/worldpress\/wp-content\/uploads\/2023\/07\/IMG_5565-1024x768.jpeg 1024w, https:\/\/www.jimmy2.ch\/worldpress\/wp-content\/uploads\/2023\/07\/IMG_5565-300x225.jpeg 300w, https:\/\/www.jimmy2.ch\/worldpress\/wp-content\/uploads\/2023\/07\/IMG_5565-768x576.jpeg 768w, https:\/\/www.jimmy2.ch\/worldpress\/wp-content\/uploads\/2023\/07\/IMG_5565-1536x1152.jpeg 1536w, https:\/\/www.jimmy2.ch\/worldpress\/wp-content\/uploads\/2023\/07\/IMG_5565-2048x1536.jpeg 2048w\" sizes=\"auto, (max-width: 1024px) 100vw, 1024px\" \/><\/figure>\n\n\n\n<figure class=\"wp-block-image size-large\"><img loading=\"lazy\" decoding=\"async\" width=\"1024\" height=\"768\" src=\"https:\/\/www.jimmy2.ch\/worldpress\/wp-content\/uploads\/2023\/07\/IMG_5566-1024x768.jpeg\" alt=\"\" class=\"wp-image-21824\" srcset=\"https:\/\/www.jimmy2.ch\/worldpress\/wp-content\/uploads\/2023\/07\/IMG_5566-1024x768.jpeg 1024w, https:\/\/www.jimmy2.ch\/worldpress\/wp-content\/uploads\/2023\/07\/IMG_5566-300x225.jpeg 300w, https:\/\/www.jimmy2.ch\/worldpress\/wp-content\/uploads\/2023\/07\/IMG_5566-768x576.jpeg 768w, https:\/\/www.jimmy2.ch\/worldpress\/wp-content\/uploads\/2023\/07\/IMG_5566-1536x1152.jpeg 1536w, https:\/\/www.jimmy2.ch\/worldpress\/wp-content\/uploads\/2023\/07\/IMG_5566-2048x1536.jpeg 2048w\" sizes=\"auto, (max-width: 1024px) 100vw, 1024px\" \/><\/figure>\n\n\n\n<p>Am Abend kommt auf SRF2 der Film Dunkirk. Ein Film \u00fcber die <a href=\"https:\/\/de.wikipedia.org\/wiki\/Operation_Dynamo\" target=\"_blank\" rel=\"noreferrer noopener\">Operation Dynamo<\/a> eine Rettungsaktion der Engl\u00e4nder um einen Grossteil der \u00fcber 330\u2019000 die eingeschlossenen Soldaten von Dunkerque zu evakuieren. Der Film hat meine Erwartungen nicht erf\u00fcllt. Habe mir etwas anderes vorgestellt. <br><br>Da ist der englische Krimi im ZDF dann eher nach meinem Geschmack.<br><\/p>\n","protected":false},"excerpt":{"rendered":"<p>#logbuchjimmy3ch Tag 653Barfleur &#8211; Cherbourg F 30 km \/ 1 knappe Stunde unterwegs Parkplatz gegen\u00fcber dem Stellplatz gratis kein Service 49.641568, -1.617571 4 M\u00fcM Sonntag 23. Juli 2023 bew\u00f6lkt 19\u00b0, Sonne dr\u00fcckt, windig in Cherbourg Regen und Sonne Wir schlafen &hellip; <a href=\"https:\/\/www.jimmy2.ch\/worldpress\/2023\/07\/23\/barfleur-cherbourg-f\/\">Continue reading <span class=\"meta-nav\">&rarr;<\/span><\/a><\/p>\n","protected":false},"author":1,"featured_media":0,"comment_status":"open","ping_status":"open","sticky":false,"template":"","format":"standard","meta":{"footnotes":""},"categories":[69],"tags":[1217,1218,94,767,1206,768,770],"class_list":["post-21807","post","type-post","status-publish","format-standard","hentry","category-frankreich","tag-barfleur","tag-cherbourg","tag-frankreich","tag-leben-im-wohnmobil","tag-normandie","tag-reisen-im-wohnmobil","tag-wohnen-im-wohnmobil"],"_links":{"self":[{"href":"https:\/\/www.jimmy2.ch\/worldpress\/wp-json\/wp\/v2\/posts\/21807","targetHints":{"allow":["GET"]}}],"collection":[{"href":"https:\/\/www.jimmy2.ch\/worldpress\/wp-json\/wp\/v2\/posts"}],"about":[{"href":"https:\/\/www.jimmy2.ch\/worldpress\/wp-json\/wp\/v2\/types\/post"}],"author":[{"embeddable":true,"href":"https:\/\/www.jimmy2.ch\/worldpress\/wp-json\/wp\/v2\/users\/1"}],"replies":[{"embeddable":true,"href":"https:\/\/www.jimmy2.ch\/worldpress\/wp-json\/wp\/v2\/comments?post=21807"}],"version-history":[{"count":5,"href":"https:\/\/www.jimmy2.ch\/worldpress\/wp-json\/wp\/v2\/posts\/21807\/revisions"}],"predecessor-version":[{"id":21831,"href":"https:\/\/www.jimmy2.ch\/worldpress\/wp-json\/wp\/v2\/posts\/21807\/revisions\/21831"}],"wp:attachment":[{"href":"https:\/\/www.jimmy2.ch\/worldpress\/wp-json\/wp\/v2\/media?parent=21807"}],"wp:term":[{"taxonomy":"category","embeddable":true,"href":"https:\/\/www.jimmy2.ch\/worldpress\/wp-json\/wp\/v2\/categories?post=21807"},{"taxonomy":"post_tag","embeddable":true,"href":"https:\/\/www.jimmy2.ch\/worldpress\/wp-json\/wp\/v2\/tags?post=21807"}],"curies":[{"name":"wp","href":"https:\/\/api.w.org\/{rel}","templated":true}]}}