{"id":21590,"date":"2023-07-13T22:23:00","date_gmt":"2023-07-13T21:23:00","guid":{"rendered":"http:\/\/www.jimmy2.ch\/worldpress\/?p=21590"},"modified":"2023-07-14T09:27:29","modified_gmt":"2023-07-14T08:27:29","slug":"honfleur-f-2","status":"publish","type":"post","link":"https:\/\/www.jimmy2.ch\/worldpress\/2023\/07\/13\/honfleur-f-2\/","title":{"rendered":"Honfleur F"},"content":{"rendered":"\n<p>#logbuchjimmy3ch Tag 643<br>Honfleur F  <br>Aire de camping cars <br>14 \u20ac\/24 h inkl. V+E und wenn man Gl\u00fcck hat 5 A Strom <br><br>49.4193, 0.2426  4 M\u00fcM<br><br>Donnerstag 13. Juli 2023<br><br>Ein eher tr\u00fcber und frischer Tag an den nicht viel passiert. <\/p>\n\n\n\n<figure class=\"wp-block-image size-large\"><img loading=\"lazy\" decoding=\"async\" width=\"1024\" height=\"768\" src=\"https:\/\/www.jimmy2.ch\/worldpress\/wp-content\/uploads\/2023\/07\/IMG_5323-1024x768.jpeg\" alt=\"\" class=\"wp-image-21618\" srcset=\"https:\/\/www.jimmy2.ch\/worldpress\/wp-content\/uploads\/2023\/07\/IMG_5323-1024x768.jpeg 1024w, https:\/\/www.jimmy2.ch\/worldpress\/wp-content\/uploads\/2023\/07\/IMG_5323-300x225.jpeg 300w, https:\/\/www.jimmy2.ch\/worldpress\/wp-content\/uploads\/2023\/07\/IMG_5323-768x576.jpeg 768w, https:\/\/www.jimmy2.ch\/worldpress\/wp-content\/uploads\/2023\/07\/IMG_5323-1536x1152.jpeg 1536w, https:\/\/www.jimmy2.ch\/worldpress\/wp-content\/uploads\/2023\/07\/IMG_5323-2048x1536.jpeg 2048w\" sizes=\"auto, (max-width: 1024px) 100vw, 1024px\" \/><\/figure>\n\n\n\n<p>Geplant war heute nach Le Havre zu fahren und die Stadt anzuschauen. Aber das macht bei diesem Wetter keinen Spass. So verbringen wir den Tag mehrheitlich zu Hause.<br><br>Am sp\u00e4teren Nachmittag beginnt sich der Platz zu f\u00fcllen bis er voll belegt ist.<\/p>\n\n\n\n<figure class=\"wp-block-image size-large\"><img loading=\"lazy\" decoding=\"async\" width=\"1024\" height=\"768\" src=\"https:\/\/www.jimmy2.ch\/worldpress\/wp-content\/uploads\/2023\/07\/IMG_5325-1024x768.jpeg\" alt=\"\" class=\"wp-image-21619\" srcset=\"https:\/\/www.jimmy2.ch\/worldpress\/wp-content\/uploads\/2023\/07\/IMG_5325-1024x768.jpeg 1024w, https:\/\/www.jimmy2.ch\/worldpress\/wp-content\/uploads\/2023\/07\/IMG_5325-300x225.jpeg 300w, https:\/\/www.jimmy2.ch\/worldpress\/wp-content\/uploads\/2023\/07\/IMG_5325-768x576.jpeg 768w, https:\/\/www.jimmy2.ch\/worldpress\/wp-content\/uploads\/2023\/07\/IMG_5325-1536x1152.jpeg 1536w, https:\/\/www.jimmy2.ch\/worldpress\/wp-content\/uploads\/2023\/07\/IMG_5325-2048x1536.jpeg 2048w\" sizes=\"auto, (max-width: 1024px) 100vw, 1024px\" \/><\/figure>\n\n\n\n<figure class=\"wp-block-image size-large\"><img loading=\"lazy\" decoding=\"async\" width=\"1024\" height=\"768\" src=\"https:\/\/www.jimmy2.ch\/worldpress\/wp-content\/uploads\/2023\/07\/IMG_5330-1024x768.jpeg\" alt=\"\" class=\"wp-image-21620\" srcset=\"https:\/\/www.jimmy2.ch\/worldpress\/wp-content\/uploads\/2023\/07\/IMG_5330-1024x768.jpeg 1024w, https:\/\/www.jimmy2.ch\/worldpress\/wp-content\/uploads\/2023\/07\/IMG_5330-300x225.jpeg 300w, https:\/\/www.jimmy2.ch\/worldpress\/wp-content\/uploads\/2023\/07\/IMG_5330-768x576.jpeg 768w, https:\/\/www.jimmy2.ch\/worldpress\/wp-content\/uploads\/2023\/07\/IMG_5330-1536x1152.jpeg 1536w, https:\/\/www.jimmy2.ch\/worldpress\/wp-content\/uploads\/2023\/07\/IMG_5330-2048x1536.jpeg 2048w\" sizes=\"auto, (max-width: 1024px) 100vw, 1024px\" \/><\/figure>\n\n\n\n<p>Wir machen ein noch einen Abendspaziergang an\u2018s Vieux Bassin.<\/p>\n\n\n\n<figure class=\"wp-block-image size-large\"><img loading=\"lazy\" decoding=\"async\" width=\"1024\" height=\"768\" src=\"https:\/\/www.jimmy2.ch\/worldpress\/wp-content\/uploads\/2023\/07\/IMG_5333-1024x768.jpeg\" alt=\"\" class=\"wp-image-21621\" srcset=\"https:\/\/www.jimmy2.ch\/worldpress\/wp-content\/uploads\/2023\/07\/IMG_5333-1024x768.jpeg 1024w, https:\/\/www.jimmy2.ch\/worldpress\/wp-content\/uploads\/2023\/07\/IMG_5333-300x225.jpeg 300w, https:\/\/www.jimmy2.ch\/worldpress\/wp-content\/uploads\/2023\/07\/IMG_5333-768x576.jpeg 768w, https:\/\/www.jimmy2.ch\/worldpress\/wp-content\/uploads\/2023\/07\/IMG_5333-1536x1152.jpeg 1536w, https:\/\/www.jimmy2.ch\/worldpress\/wp-content\/uploads\/2023\/07\/IMG_5333-2048x1536.jpeg 2048w\" sizes=\"auto, (max-width: 1024px) 100vw, 1024px\" \/><\/figure>\n\n\n\n<p><br><br><\/p>\n","protected":false},"excerpt":{"rendered":"<p>#logbuchjimmy3ch Tag 643Honfleur F Aire de camping cars 14 \u20ac\/24 h inkl. V+E und wenn man Gl\u00fcck hat 5 A Strom 49.4193, 0.2426 4 M\u00fcM Donnerstag 13. Juli 2023 Ein eher tr\u00fcber und frischer Tag an den nicht viel passiert. &hellip; <a href=\"https:\/\/www.jimmy2.ch\/worldpress\/2023\/07\/13\/honfleur-f-2\/\">Continue reading <span class=\"meta-nav\">&rarr;<\/span><\/a><\/p>\n","protected":false},"author":1,"featured_media":0,"comment_status":"open","ping_status":"open","sticky":false,"template":"","format":"standard","meta":{"footnotes":""},"categories":[69],"tags":[94,1207,767,851,1206,768,770],"class_list":["post-21590","post","type-post","status-publish","format-standard","hentry","category-frankreich","tag-frankreich","tag-honfleur","tag-leben-im-wohnmobil","tag-morelo","tag-normandie","tag-reisen-im-wohnmobil","tag-wohnen-im-wohnmobil"],"_links":{"self":[{"href":"https:\/\/www.jimmy2.ch\/worldpress\/wp-json\/wp\/v2\/posts\/21590","targetHints":{"allow":["GET"]}}],"collection":[{"href":"https:\/\/www.jimmy2.ch\/worldpress\/wp-json\/wp\/v2\/posts"}],"about":[{"href":"https:\/\/www.jimmy2.ch\/worldpress\/wp-json\/wp\/v2\/types\/post"}],"author":[{"embeddable":true,"href":"https:\/\/www.jimmy2.ch\/worldpress\/wp-json\/wp\/v2\/users\/1"}],"replies":[{"embeddable":true,"href":"https:\/\/www.jimmy2.ch\/worldpress\/wp-json\/wp\/v2\/comments?post=21590"}],"version-history":[{"count":2,"href":"https:\/\/www.jimmy2.ch\/worldpress\/wp-json\/wp\/v2\/posts\/21590\/revisions"}],"predecessor-version":[{"id":21622,"href":"https:\/\/www.jimmy2.ch\/worldpress\/wp-json\/wp\/v2\/posts\/21590\/revisions\/21622"}],"wp:attachment":[{"href":"https:\/\/www.jimmy2.ch\/worldpress\/wp-json\/wp\/v2\/media?parent=21590"}],"wp:term":[{"taxonomy":"category","embeddable":true,"href":"https:\/\/www.jimmy2.ch\/worldpress\/wp-json\/wp\/v2\/categories?post=21590"},{"taxonomy":"post_tag","embeddable":true,"href":"https:\/\/www.jimmy2.ch\/worldpress\/wp-json\/wp\/v2\/tags?post=21590"}],"curies":[{"name":"wp","href":"https:\/\/api.w.org\/{rel}","templated":true}]}}