{"id":21360,"date":"2023-06-30T22:30:00","date_gmt":"2023-06-30T21:30:00","guid":{"rendered":"http:\/\/www.jimmy2.ch\/worldpress\/?p=21360"},"modified":"2023-07-02T09:47:06","modified_gmt":"2023-07-02T08:47:06","slug":"le-crotoy-f-2","status":"publish","type":"post","link":"https:\/\/www.jimmy2.ch\/worldpress\/2023\/06\/30\/le-crotoy-f-2\/","title":{"rendered":"Le Crotoy F"},"content":{"rendered":"\n<p>#logbuchjimmy3ch Tag 630<br>Le Crotoy F  <br>Aire de camping car <br>9.00 \u20ac\/24h Entsorgung gratis\/ Wasser 2 \u20ac\/10 Minuten <br><br>50.219109, 1.634626   8 M\u00fcM<br><br>Freitag, 30. Juni 2023<br>eine frische Nacht, Sonne kommt aber es bleibt frisch gegen Abend ziehen Wolken auf<br><br>Viel passiert heute nicht. Ich bin am Entkalken der Kaffeemaschine. Ein Belgier l\u00e4uft um\u2018s Auto. Ich gehe raus und spreche mit ihm. Wie ich dann zur\u00fcckkomme, will die Kaffeemaschine nicht mehr. \ud83d\ude25 Sch\u2026. denke ich. Aber Christa bringt es fertig, dass sie wieder l\u00e4uft  \ud83d\ude0d<br><br>Wir spazieren nochmals ins Dorf, <\/p>\n\n\n\n<figure class=\"wp-block-image size-large\"><img loading=\"lazy\" decoding=\"async\" width=\"1024\" height=\"768\" src=\"https:\/\/www.jimmy2.ch\/worldpress\/wp-content\/uploads\/2023\/07\/IMG_4964-1024x768.jpeg\" alt=\"\" class=\"wp-image-21371\" srcset=\"https:\/\/www.jimmy2.ch\/worldpress\/wp-content\/uploads\/2023\/07\/IMG_4964-1024x768.jpeg 1024w, https:\/\/www.jimmy2.ch\/worldpress\/wp-content\/uploads\/2023\/07\/IMG_4964-300x225.jpeg 300w, https:\/\/www.jimmy2.ch\/worldpress\/wp-content\/uploads\/2023\/07\/IMG_4964-768x576.jpeg 768w, https:\/\/www.jimmy2.ch\/worldpress\/wp-content\/uploads\/2023\/07\/IMG_4964-1536x1152.jpeg 1536w, https:\/\/www.jimmy2.ch\/worldpress\/wp-content\/uploads\/2023\/07\/IMG_4964-2048x1536.jpeg 2048w\" sizes=\"auto, (max-width: 1024px) 100vw, 1024px\" \/><\/figure>\n\n\n\n<figure class=\"wp-block-image size-large\"><img loading=\"lazy\" decoding=\"async\" width=\"1024\" height=\"768\" src=\"https:\/\/www.jimmy2.ch\/worldpress\/wp-content\/uploads\/2023\/07\/IMG_4965-1024x768.jpeg\" alt=\"\" class=\"wp-image-21372\" srcset=\"https:\/\/www.jimmy2.ch\/worldpress\/wp-content\/uploads\/2023\/07\/IMG_4965-1024x768.jpeg 1024w, https:\/\/www.jimmy2.ch\/worldpress\/wp-content\/uploads\/2023\/07\/IMG_4965-300x225.jpeg 300w, https:\/\/www.jimmy2.ch\/worldpress\/wp-content\/uploads\/2023\/07\/IMG_4965-768x576.jpeg 768w, https:\/\/www.jimmy2.ch\/worldpress\/wp-content\/uploads\/2023\/07\/IMG_4965-1536x1152.jpeg 1536w, https:\/\/www.jimmy2.ch\/worldpress\/wp-content\/uploads\/2023\/07\/IMG_4965-2048x1536.jpeg 2048w\" sizes=\"auto, (max-width: 1024px) 100vw, 1024px\" \/><\/figure>\n\n\n\n<p>essen etwas und ich kaufe dort wo wir gestern des E-Bike gekauft haben 10 Liter Adblue. <br><br>Die Sonne scheint und wir werfen die Waschmaschine an. <br><br>Die Chemin de Fer de la Baie de Somme wollen wir noch anschauen. Der Dampfzug f\u00e4hrt um 16 Uhr los. Jetzt ist 15.45 Uhr. Christa auf ihrem neuen E-Bike schafft es, den Zug beim Abfahren zu filmen. Filme sind hier zu sehen<\/p>\n\n\n\n<p>www.polarsteps.com\/Jimmy2ch <\/p>\n\n\n\n<p>Ich als passionierter Fussg\u00e4nger komme leider zu sp\u00e4t. Sehe den Dampfzug nur noch aus der Ferne. Ist nicht so schlimm, habe mir das auch etwas anders vorgestellt.<\/p>\n\n\n\n<figure class=\"wp-block-image size-large\"><img loading=\"lazy\" decoding=\"async\" width=\"1024\" height=\"768\" src=\"https:\/\/www.jimmy2.ch\/worldpress\/wp-content\/uploads\/2023\/07\/IMG_4966-1024x768.jpeg\" alt=\"\" class=\"wp-image-21373\" srcset=\"https:\/\/www.jimmy2.ch\/worldpress\/wp-content\/uploads\/2023\/07\/IMG_4966-1024x768.jpeg 1024w, https:\/\/www.jimmy2.ch\/worldpress\/wp-content\/uploads\/2023\/07\/IMG_4966-300x225.jpeg 300w, https:\/\/www.jimmy2.ch\/worldpress\/wp-content\/uploads\/2023\/07\/IMG_4966-768x576.jpeg 768w, https:\/\/www.jimmy2.ch\/worldpress\/wp-content\/uploads\/2023\/07\/IMG_4966-1536x1152.jpeg 1536w, https:\/\/www.jimmy2.ch\/worldpress\/wp-content\/uploads\/2023\/07\/IMG_4966-2048x1536.jpeg 2048w\" sizes=\"auto, (max-width: 1024px) 100vw, 1024px\" \/><\/figure>\n\n\n<div class=\"wp-block-image\">\n<figure class=\"aligncenter size-large\"><img loading=\"lazy\" decoding=\"async\" width=\"768\" height=\"1024\" src=\"https:\/\/www.jimmy2.ch\/worldpress\/wp-content\/uploads\/2023\/07\/IMG_4970-768x1024.jpeg\" alt=\"\" class=\"wp-image-21374\" srcset=\"https:\/\/www.jimmy2.ch\/worldpress\/wp-content\/uploads\/2023\/07\/IMG_4970-768x1024.jpeg 768w, https:\/\/www.jimmy2.ch\/worldpress\/wp-content\/uploads\/2023\/07\/IMG_4970-225x300.jpeg 225w, https:\/\/www.jimmy2.ch\/worldpress\/wp-content\/uploads\/2023\/07\/IMG_4970-1152x1536.jpeg 1152w, https:\/\/www.jimmy2.ch\/worldpress\/wp-content\/uploads\/2023\/07\/IMG_4970-1536x2048.jpeg 1536w, https:\/\/www.jimmy2.ch\/worldpress\/wp-content\/uploads\/2023\/07\/IMG_4970-scaled.jpeg 1920w\" sizes=\"auto, (max-width: 768px) 100vw, 768px\" \/><\/figure><\/div>\n\n\n<p>Wieder zur\u00fcck kommt ein \u00e4lterer Herr vorbei,  der selbst hergestellten Honig verkauft. Wir kaufen 2 Gl\u00e4ser. <br><br>Nun ist es Zeit f\u00fcr eine Siesta. <br><br>Gegen 19 Uhr fahren wir zur Ver- und Entsorgungsstation. Wir wollen das heute machen, so m\u00fcssen wir morgen nicht anstehen.<\/p>\n\n\n\n<p>Dann wird Jimmy3 reisefertig gemacht. So k\u00f6nnen wir morgen einfach los d\u00fcsen.<\/p>\n","protected":false},"excerpt":{"rendered":"<p>#logbuchjimmy3ch Tag 630Le Crotoy F Aire de camping car 9.00 \u20ac\/24h Entsorgung gratis\/ Wasser 2 \u20ac\/10 Minuten 50.219109, 1.634626 8 M\u00fcM Freitag, 30. Juni 2023eine frische Nacht, Sonne kommt aber es bleibt frisch gegen Abend ziehen Wolken auf Viel passiert &hellip; <a href=\"https:\/\/www.jimmy2.ch\/worldpress\/2023\/06\/30\/le-crotoy-f-2\/\">Continue reading <span class=\"meta-nav\">&rarr;<\/span><\/a><\/p>\n","protected":false},"author":1,"featured_media":0,"comment_status":"open","ping_status":"open","sticky":false,"template":"","format":"standard","meta":{"footnotes":""},"categories":[69],"tags":[94,1200,767,851,768,770],"class_list":["post-21360","post","type-post","status-publish","format-standard","hentry","category-frankreich","tag-frankreich","tag-le-crotoy","tag-leben-im-wohnmobil","tag-morelo","tag-reisen-im-wohnmobil","tag-wohnen-im-wohnmobil"],"_links":{"self":[{"href":"https:\/\/www.jimmy2.ch\/worldpress\/wp-json\/wp\/v2\/posts\/21360","targetHints":{"allow":["GET"]}}],"collection":[{"href":"https:\/\/www.jimmy2.ch\/worldpress\/wp-json\/wp\/v2\/posts"}],"about":[{"href":"https:\/\/www.jimmy2.ch\/worldpress\/wp-json\/wp\/v2\/types\/post"}],"author":[{"embeddable":true,"href":"https:\/\/www.jimmy2.ch\/worldpress\/wp-json\/wp\/v2\/users\/1"}],"replies":[{"embeddable":true,"href":"https:\/\/www.jimmy2.ch\/worldpress\/wp-json\/wp\/v2\/comments?post=21360"}],"version-history":[{"count":2,"href":"https:\/\/www.jimmy2.ch\/worldpress\/wp-json\/wp\/v2\/posts\/21360\/revisions"}],"predecessor-version":[{"id":21375,"href":"https:\/\/www.jimmy2.ch\/worldpress\/wp-json\/wp\/v2\/posts\/21360\/revisions\/21375"}],"wp:attachment":[{"href":"https:\/\/www.jimmy2.ch\/worldpress\/wp-json\/wp\/v2\/media?parent=21360"}],"wp:term":[{"taxonomy":"category","embeddable":true,"href":"https:\/\/www.jimmy2.ch\/worldpress\/wp-json\/wp\/v2\/categories?post=21360"},{"taxonomy":"post_tag","embeddable":true,"href":"https:\/\/www.jimmy2.ch\/worldpress\/wp-json\/wp\/v2\/tags?post=21360"}],"curies":[{"name":"wp","href":"https:\/\/api.w.org\/{rel}","templated":true}]}}