{"id":21306,"date":"2023-06-27T22:28:00","date_gmt":"2023-06-27T21:28:00","guid":{"rendered":"http:\/\/www.jimmy2.ch\/worldpress\/?p=21306"},"modified":"2023-06-29T16:36:38","modified_gmt":"2023-06-29T15:36:38","slug":"boulogne-sur-mer-berck-f","status":"publish","type":"post","link":"https:\/\/www.jimmy2.ch\/worldpress\/2023\/06\/27\/boulogne-sur-mer-berck-f\/","title":{"rendered":"Boulogne-sur-Mer &#8211; Berck F"},"content":{"rendered":"\n<p>#logbuchjimmy3ch Tag 627<br>Boulogne-sur-Mer &#8211; Berck F <br>47 km \/ 1 1\/2 Std. unterwegs auf der D940<br><a href=\"http:\/\/9HX7+5P Berck, Frankreich\" target=\"_blank\" rel=\"noreferrer noopener\">Aire de camping car Phare de Berck<\/a><br>11.00 \u20ac\/24h inkl. Wasser, kein Strom, <br><br><a rel=\"noreferrer noopener\" href=\"http:\/\/(50.3965270, 1.5635070)\" target=\"_blank\">50.396527, 1.563507<\/a>   8 M\u00fcM<br><br>Dienstag, 27. Juni 2023<br>zu Beginn bew\u00f6lkt, dann sonnig und angenehm warm, fast kein Wind, am Abend wieder bew\u00f6lkt bei 19\u00b0<br><br>Gestern noch kr\u00e4ftiger Wind. Heute fast windstill, aber noch bew\u00f6lkt. Der Platz beginnt sich zu leeren. <\/p>\n\n\n\n<figure class=\"wp-block-image size-large\"><img loading=\"lazy\" decoding=\"async\" width=\"1024\" height=\"768\" src=\"https:\/\/www.jimmy2.ch\/worldpress\/wp-content\/uploads\/2023\/06\/IMG_4907-1024x768.jpeg\" alt=\"\" class=\"wp-image-21311\" srcset=\"https:\/\/www.jimmy2.ch\/worldpress\/wp-content\/uploads\/2023\/06\/IMG_4907-1024x768.jpeg 1024w, https:\/\/www.jimmy2.ch\/worldpress\/wp-content\/uploads\/2023\/06\/IMG_4907-300x225.jpeg 300w, https:\/\/www.jimmy2.ch\/worldpress\/wp-content\/uploads\/2023\/06\/IMG_4907-768x576.jpeg 768w, https:\/\/www.jimmy2.ch\/worldpress\/wp-content\/uploads\/2023\/06\/IMG_4907-1536x1152.jpeg 1536w, https:\/\/www.jimmy2.ch\/worldpress\/wp-content\/uploads\/2023\/06\/IMG_4907-2048x1536.jpeg 2048w\" sizes=\"auto, (max-width: 1024px) 100vw, 1024px\" \/><\/figure>\n\n\n\n<p>Zaghaft kommt die Sonne als wir fr\u00fchst\u00fccken.<br><br>Gegen 11 Uhr machen auch wir uns auf den Weg. Wir fahren durch die Stadt Boulogne-sur-Mer. Eine sch\u00f6ne Stadt wie wir feststellen. Bei anderer Gelegenheit werden wir diese anschauen. <br><br>Wieder auf der D940 der K\u00fcste entlang. <\/p>\n\n\n\n<figure class=\"wp-block-image size-large\"><img loading=\"lazy\" decoding=\"async\" width=\"1024\" height=\"768\" src=\"https:\/\/www.jimmy2.ch\/worldpress\/wp-content\/uploads\/2023\/06\/IMG_4908-1024x768.jpeg\" alt=\"\" class=\"wp-image-21312\" srcset=\"https:\/\/www.jimmy2.ch\/worldpress\/wp-content\/uploads\/2023\/06\/IMG_4908-1024x768.jpeg 1024w, https:\/\/www.jimmy2.ch\/worldpress\/wp-content\/uploads\/2023\/06\/IMG_4908-300x225.jpeg 300w, https:\/\/www.jimmy2.ch\/worldpress\/wp-content\/uploads\/2023\/06\/IMG_4908-768x576.jpeg 768w, https:\/\/www.jimmy2.ch\/worldpress\/wp-content\/uploads\/2023\/06\/IMG_4908-1536x1152.jpeg 1536w, https:\/\/www.jimmy2.ch\/worldpress\/wp-content\/uploads\/2023\/06\/IMG_4908-2048x1536.jpeg 2048w\" sizes=\"auto, (max-width: 1024px) 100vw, 1024px\" \/><\/figure>\n\n\n\n<p>Gegen halb eins sind wir schon bei unserem neuen Nachtlager angekommen.<br><br>Die Zufahrt ist nur f\u00fcr Fahrzeuge unter 3,5 t erlaubt. <\/p>\n\n\n<div class=\"wp-block-image\">\n<figure class=\"aligncenter size-large\"><img loading=\"lazy\" decoding=\"async\" width=\"768\" height=\"1024\" src=\"https:\/\/www.jimmy2.ch\/worldpress\/wp-content\/uploads\/2023\/06\/IMG_4925-768x1024.jpeg\" alt=\"\" class=\"wp-image-21325\" srcset=\"https:\/\/www.jimmy2.ch\/worldpress\/wp-content\/uploads\/2023\/06\/IMG_4925-768x1024.jpeg 768w, https:\/\/www.jimmy2.ch\/worldpress\/wp-content\/uploads\/2023\/06\/IMG_4925-225x300.jpeg 225w, https:\/\/www.jimmy2.ch\/worldpress\/wp-content\/uploads\/2023\/06\/IMG_4925-1152x1536.jpeg 1152w, https:\/\/www.jimmy2.ch\/worldpress\/wp-content\/uploads\/2023\/06\/IMG_4925-1536x2048.jpeg 1536w, https:\/\/www.jimmy2.ch\/worldpress\/wp-content\/uploads\/2023\/06\/IMG_4925-scaled.jpeg 1920w\" sizes=\"auto, (max-width: 768px) 100vw, 768px\" \/><\/figure><\/div>\n\n\n<p>Welcher Schreibtischt\u00e4ter hat das wohl verbrochen. Man k\u00f6nnte ja wenigstens ein Schild hin h\u00e4ngen, dass Wohnmobile erlaubt sind.<\/p>\n\n\n\n<p>Die Einfahrt ist dann auch etwas eng, aber problemlos zu machen. Auch einen Platz f\u00fcr unsere 9 m finden wir problemlos. <\/p>\n\n\n\n<figure class=\"wp-block-image size-large\"><img loading=\"lazy\" decoding=\"async\" width=\"1024\" height=\"768\" src=\"https:\/\/www.jimmy2.ch\/worldpress\/wp-content\/uploads\/2023\/06\/IMG_4909-1024x768.jpeg\" alt=\"\" class=\"wp-image-21313\" srcset=\"https:\/\/www.jimmy2.ch\/worldpress\/wp-content\/uploads\/2023\/06\/IMG_4909-1024x768.jpeg 1024w, https:\/\/www.jimmy2.ch\/worldpress\/wp-content\/uploads\/2023\/06\/IMG_4909-300x225.jpeg 300w, https:\/\/www.jimmy2.ch\/worldpress\/wp-content\/uploads\/2023\/06\/IMG_4909-768x576.jpeg 768w, https:\/\/www.jimmy2.ch\/worldpress\/wp-content\/uploads\/2023\/06\/IMG_4909-1536x1152.jpeg 1536w, https:\/\/www.jimmy2.ch\/worldpress\/wp-content\/uploads\/2023\/06\/IMG_4909-2048x1536.jpeg 2048w\" sizes=\"auto, (max-width: 1024px) 100vw, 1024px\" \/><\/figure>\n\n\n\n<figure class=\"wp-block-image size-large\"><img loading=\"lazy\" decoding=\"async\" width=\"1024\" height=\"576\" src=\"https:\/\/www.jimmy2.ch\/worldpress\/wp-content\/uploads\/2023\/06\/08E26BBD-308A-4747-8191-F4B788E773FF-1024x576.jpeg\" alt=\"\" class=\"wp-image-21314\" srcset=\"https:\/\/www.jimmy2.ch\/worldpress\/wp-content\/uploads\/2023\/06\/08E26BBD-308A-4747-8191-F4B788E773FF-1024x576.jpeg 1024w, https:\/\/www.jimmy2.ch\/worldpress\/wp-content\/uploads\/2023\/06\/08E26BBD-308A-4747-8191-F4B788E773FF-300x169.jpeg 300w, https:\/\/www.jimmy2.ch\/worldpress\/wp-content\/uploads\/2023\/06\/08E26BBD-308A-4747-8191-F4B788E773FF-768x432.jpeg 768w, https:\/\/www.jimmy2.ch\/worldpress\/wp-content\/uploads\/2023\/06\/08E26BBD-308A-4747-8191-F4B788E773FF-1536x864.jpeg 1536w, https:\/\/www.jimmy2.ch\/worldpress\/wp-content\/uploads\/2023\/06\/08E26BBD-308A-4747-8191-F4B788E773FF-2048x1152.jpeg 2048w\" sizes=\"auto, (max-width: 1024px) 100vw, 1024px\" \/><\/figure>\n\n\n\n<figure class=\"wp-block-image size-large\"><img loading=\"lazy\" decoding=\"async\" width=\"1024\" height=\"768\" src=\"https:\/\/www.jimmy2.ch\/worldpress\/wp-content\/uploads\/2023\/06\/IMG_4911-1024x768.jpeg\" alt=\"\" class=\"wp-image-21315\" srcset=\"https:\/\/www.jimmy2.ch\/worldpress\/wp-content\/uploads\/2023\/06\/IMG_4911-1024x768.jpeg 1024w, https:\/\/www.jimmy2.ch\/worldpress\/wp-content\/uploads\/2023\/06\/IMG_4911-300x225.jpeg 300w, https:\/\/www.jimmy2.ch\/worldpress\/wp-content\/uploads\/2023\/06\/IMG_4911-768x576.jpeg 768w, https:\/\/www.jimmy2.ch\/worldpress\/wp-content\/uploads\/2023\/06\/IMG_4911-1536x1152.jpeg 1536w, https:\/\/www.jimmy2.ch\/worldpress\/wp-content\/uploads\/2023\/06\/IMG_4911-2048x1536.jpeg 2048w\" sizes=\"auto, (max-width: 1024px) 100vw, 1024px\" \/><\/figure>\n\n\n\n<p>Gleich nach der Ankunft spazieren wir die paar Meter die D\u00fcne hinauf. Auf der anderen Seite sollte das Meer sein. Sollte. Es ist wieder einmal Ebbe. Daf\u00fcr sind die Robben \/ Seehunde da. <a href=\"http:\/\/9HV6+V7 Berck, Frankreich\" target=\"_blank\" rel=\"noreferrer noopener\">Hier in dieser Bucht hat es eine Robben-Kolonie. <\/a><\/p>\n\n\n\n<figure class=\"wp-block-image size-large\"><img loading=\"lazy\" decoding=\"async\" width=\"1024\" height=\"768\" src=\"https:\/\/www.jimmy2.ch\/worldpress\/wp-content\/uploads\/2023\/06\/IMG_4912-1024x768.jpeg\" alt=\"\" class=\"wp-image-21316\" srcset=\"https:\/\/www.jimmy2.ch\/worldpress\/wp-content\/uploads\/2023\/06\/IMG_4912-1024x768.jpeg 1024w, https:\/\/www.jimmy2.ch\/worldpress\/wp-content\/uploads\/2023\/06\/IMG_4912-300x225.jpeg 300w, https:\/\/www.jimmy2.ch\/worldpress\/wp-content\/uploads\/2023\/06\/IMG_4912-768x576.jpeg 768w, https:\/\/www.jimmy2.ch\/worldpress\/wp-content\/uploads\/2023\/06\/IMG_4912-1536x1152.jpeg 1536w, https:\/\/www.jimmy2.ch\/worldpress\/wp-content\/uploads\/2023\/06\/IMG_4912-2048x1536.jpeg 2048w\" sizes=\"auto, (max-width: 1024px) 100vw, 1024px\" \/><\/figure>\n\n\n\n<figure class=\"wp-block-image size-large\"><img loading=\"lazy\" decoding=\"async\" width=\"1024\" height=\"768\" src=\"https:\/\/www.jimmy2.ch\/worldpress\/wp-content\/uploads\/2023\/06\/IMG_4913-1024x768.jpeg\" alt=\"\" class=\"wp-image-21317\" srcset=\"https:\/\/www.jimmy2.ch\/worldpress\/wp-content\/uploads\/2023\/06\/IMG_4913-1024x768.jpeg 1024w, https:\/\/www.jimmy2.ch\/worldpress\/wp-content\/uploads\/2023\/06\/IMG_4913-300x225.jpeg 300w, https:\/\/www.jimmy2.ch\/worldpress\/wp-content\/uploads\/2023\/06\/IMG_4913-768x576.jpeg 768w, https:\/\/www.jimmy2.ch\/worldpress\/wp-content\/uploads\/2023\/06\/IMG_4913-1536x1152.jpeg 1536w, https:\/\/www.jimmy2.ch\/worldpress\/wp-content\/uploads\/2023\/06\/IMG_4913-2048x1536.jpeg 2048w\" sizes=\"auto, (max-width: 1024px) 100vw, 1024px\" \/><\/figure>\n\n\n\n<figure class=\"wp-block-image size-large\"><img loading=\"lazy\" decoding=\"async\" width=\"1024\" height=\"768\" src=\"https:\/\/www.jimmy2.ch\/worldpress\/wp-content\/uploads\/2023\/06\/IMG_4914-1024x768.jpeg\" alt=\"\" class=\"wp-image-21318\" srcset=\"https:\/\/www.jimmy2.ch\/worldpress\/wp-content\/uploads\/2023\/06\/IMG_4914-1024x768.jpeg 1024w, https:\/\/www.jimmy2.ch\/worldpress\/wp-content\/uploads\/2023\/06\/IMG_4914-300x225.jpeg 300w, https:\/\/www.jimmy2.ch\/worldpress\/wp-content\/uploads\/2023\/06\/IMG_4914-768x576.jpeg 768w, https:\/\/www.jimmy2.ch\/worldpress\/wp-content\/uploads\/2023\/06\/IMG_4914-1536x1152.jpeg 1536w, https:\/\/www.jimmy2.ch\/worldpress\/wp-content\/uploads\/2023\/06\/IMG_4914-2048x1536.jpeg 2048w\" sizes=\"auto, (max-width: 1024px) 100vw, 1024px\" \/><\/figure>\n\n\n\n<p>Wir schauen etwas und gehen dann zur\u00fcck zum Wohnmobil.<br><br>Inzwischen ist es ein strahlend sch\u00f6ner Dienstag geworden. Die Solaranlage bringt 32 Ah. Da freut sich das Camperherz und nat\u00fcrlich meine Batterien. <br><br>Gegen halb vier machen wir uns auf die Stadt zu entdecken. Zuerst noch ein Blick auf die Robben-Kolonie. Da hat sich nichts ver\u00e4ndert. Die lassen sich noch immer die Sonne auf den Pelz scheinen und viel Wasser ist auch noch nicht in Sicht. <br><br>Eine sch\u00f6ne Promenade. Sowohl hier draussen <\/p>\n\n\n<div class=\"wp-block-image\">\n<figure class=\"aligncenter size-large\"><img loading=\"lazy\" decoding=\"async\" width=\"768\" height=\"1024\" src=\"https:\/\/www.jimmy2.ch\/worldpress\/wp-content\/uploads\/2023\/06\/IMG_4915-768x1024.jpeg\" alt=\"\" class=\"wp-image-21319\" srcset=\"https:\/\/www.jimmy2.ch\/worldpress\/wp-content\/uploads\/2023\/06\/IMG_4915-768x1024.jpeg 768w, https:\/\/www.jimmy2.ch\/worldpress\/wp-content\/uploads\/2023\/06\/IMG_4915-225x300.jpeg 225w, https:\/\/www.jimmy2.ch\/worldpress\/wp-content\/uploads\/2023\/06\/IMG_4915-1152x1536.jpeg 1152w, https:\/\/www.jimmy2.ch\/worldpress\/wp-content\/uploads\/2023\/06\/IMG_4915-1536x2048.jpeg 1536w, https:\/\/www.jimmy2.ch\/worldpress\/wp-content\/uploads\/2023\/06\/IMG_4915-scaled.jpeg 1920w\" sizes=\"auto, (max-width: 768px) 100vw, 768px\" \/><\/figure><\/div>\n\n\n<p>wie auch in der Stadt. <\/p>\n\n\n\n<figure class=\"wp-block-image size-large\"><img loading=\"lazy\" decoding=\"async\" width=\"1024\" height=\"768\" src=\"https:\/\/www.jimmy2.ch\/worldpress\/wp-content\/uploads\/2023\/06\/IMG_4916-1024x768.jpeg\" alt=\"\" class=\"wp-image-21320\" srcset=\"https:\/\/www.jimmy2.ch\/worldpress\/wp-content\/uploads\/2023\/06\/IMG_4916-1024x768.jpeg 1024w, https:\/\/www.jimmy2.ch\/worldpress\/wp-content\/uploads\/2023\/06\/IMG_4916-300x225.jpeg 300w, https:\/\/www.jimmy2.ch\/worldpress\/wp-content\/uploads\/2023\/06\/IMG_4916-768x576.jpeg 768w, https:\/\/www.jimmy2.ch\/worldpress\/wp-content\/uploads\/2023\/06\/IMG_4916-1536x1152.jpeg 1536w, https:\/\/www.jimmy2.ch\/worldpress\/wp-content\/uploads\/2023\/06\/IMG_4916-2048x1536.jpeg 2048w\" sizes=\"auto, (max-width: 1024px) 100vw, 1024px\" \/><\/figure>\n\n\n\n<figure class=\"wp-block-image size-large\"><img loading=\"lazy\" decoding=\"async\" width=\"1024\" height=\"768\" src=\"https:\/\/www.jimmy2.ch\/worldpress\/wp-content\/uploads\/2023\/06\/IMG_4920-1024x768.jpeg\" alt=\"\" class=\"wp-image-21321\" srcset=\"https:\/\/www.jimmy2.ch\/worldpress\/wp-content\/uploads\/2023\/06\/IMG_4920-1024x768.jpeg 1024w, https:\/\/www.jimmy2.ch\/worldpress\/wp-content\/uploads\/2023\/06\/IMG_4920-300x225.jpeg 300w, https:\/\/www.jimmy2.ch\/worldpress\/wp-content\/uploads\/2023\/06\/IMG_4920-768x576.jpeg 768w, https:\/\/www.jimmy2.ch\/worldpress\/wp-content\/uploads\/2023\/06\/IMG_4920-1536x1152.jpeg 1536w, https:\/\/www.jimmy2.ch\/worldpress\/wp-content\/uploads\/2023\/06\/IMG_4920-2048x1536.jpeg 2048w\" sizes=\"auto, (max-width: 1024px) 100vw, 1024px\" \/><\/figure>\n\n\n<div class=\"wp-block-image\">\n<figure class=\"aligncenter size-large\"><img loading=\"lazy\" decoding=\"async\" width=\"768\" height=\"1024\" src=\"https:\/\/www.jimmy2.ch\/worldpress\/wp-content\/uploads\/2023\/06\/IMG_4921-768x1024.jpeg\" alt=\"\" class=\"wp-image-21322\" srcset=\"https:\/\/www.jimmy2.ch\/worldpress\/wp-content\/uploads\/2023\/06\/IMG_4921-768x1024.jpeg 768w, https:\/\/www.jimmy2.ch\/worldpress\/wp-content\/uploads\/2023\/06\/IMG_4921-225x300.jpeg 225w, https:\/\/www.jimmy2.ch\/worldpress\/wp-content\/uploads\/2023\/06\/IMG_4921-1152x1536.jpeg 1152w, https:\/\/www.jimmy2.ch\/worldpress\/wp-content\/uploads\/2023\/06\/IMG_4921-1536x2048.jpeg 1536w, https:\/\/www.jimmy2.ch\/worldpress\/wp-content\/uploads\/2023\/06\/IMG_4921-scaled.jpeg 1920w\" sizes=\"auto, (max-width: 768px) 100vw, 768px\" \/><\/figure><\/div>\n\n\n<figure class=\"wp-block-image size-large\"><img loading=\"lazy\" decoding=\"async\" width=\"1024\" height=\"768\" src=\"https:\/\/www.jimmy2.ch\/worldpress\/wp-content\/uploads\/2023\/06\/IMG_4923-1024x768.jpeg\" alt=\"\" class=\"wp-image-21323\" srcset=\"https:\/\/www.jimmy2.ch\/worldpress\/wp-content\/uploads\/2023\/06\/IMG_4923-1024x768.jpeg 1024w, https:\/\/www.jimmy2.ch\/worldpress\/wp-content\/uploads\/2023\/06\/IMG_4923-300x225.jpeg 300w, https:\/\/www.jimmy2.ch\/worldpress\/wp-content\/uploads\/2023\/06\/IMG_4923-768x576.jpeg 768w, https:\/\/www.jimmy2.ch\/worldpress\/wp-content\/uploads\/2023\/06\/IMG_4923-1536x1152.jpeg 1536w, https:\/\/www.jimmy2.ch\/worldpress\/wp-content\/uploads\/2023\/06\/IMG_4923-2048x1536.jpeg 2048w\" sizes=\"auto, (max-width: 1024px) 100vw, 1024px\" \/><\/figure>\n\n\n\n<p>Auf der einen Seite das Meer, auf der anderen Seite die Souvenir-L\u00e4den. Die, so denke ich mit beim Durchlaufen, bieten zu 99 % das selbe an. <\/p>\n\n\n\n<p><a href=\"https:\/\/www.cerf-volant-berck.com\/\" target=\"_blank\" rel=\"noreferrer noopener\">Im April findet in Berck jeweils ein Drachenflieger-Festival statt<\/a><br><br>Nat\u00fcrlich darf die Gastronomie nicht fehlen. Gerne ber\u00fccksichtigen wir diese. <\/p>\n\n\n\n<p>Dann machen wir uns auf den Weg zum nahen Carrefour. Unterwegs treffen wir auf einen Schuhladen. Da ich in Calais meine geliebten Latschen entsorgt habe und mich das noch vorhandene Paar dr\u00fcckt, schaue ich rein und finde ein paar Schuhe die passen. <br><br>Im Carrefour kaufen wir unser Nachtessen ein. Nachdem wir unseren Einkauf bezahlt und in unsere Rucks\u00e4cke verstaut haben, meint die Dame an der Kasse, dass sie noch einen Blick in unsere Rucks\u00e4cke werfen wolle. Ah, das h\u00e4tte sie auch fr\u00fcher machen k\u00f6nnen. Also packen wir alles wieder aus. Sie schaut rein und ist zufrieden. Wir nicht so ganz.<br><br>Nun nehmen wir noch die 1,5 km Heimweg unter die F\u00fcsse. <br><br>Das Wasser hier ist kostenlos und ich bin mir nicht zu schade, 100 Liter mit meinen beiden 10 Liter Kanistern zum Wohnmobil zu tragen, obwohl die Zapfstelle am anderen Ende des Stellplatzes ist. Die Entsorgungsstelle ist doch etwas eng f\u00fcr unseren Jimmy3. Das will ich mir nicht antun. <br><\/p>\n\n\n\n<p>Am Abend geht Christa nochmals zu den Robben. Diese sind nun weg. Daf\u00fcr ist das Wasser da.<br><br><br><br><\/p>\n","protected":false},"excerpt":{"rendered":"<p>#logbuchjimmy3ch Tag 627Boulogne-sur-Mer &#8211; Berck F 47 km \/ 1 1\/2 Std. unterwegs auf der D940Aire de camping car Phare de Berck11.00 \u20ac\/24h inkl. Wasser, kein Strom, 50.396527, 1.563507 8 M\u00fcM Dienstag, 27. Juni 2023zu Beginn bew\u00f6lkt, dann sonnig und &hellip; <a href=\"https:\/\/www.jimmy2.ch\/worldpress\/2023\/06\/27\/boulogne-sur-mer-berck-f\/\">Continue reading <span class=\"meta-nav\">&rarr;<\/span><\/a><\/p>\n","protected":false},"author":1,"featured_media":0,"comment_status":"open","ping_status":"open","sticky":false,"template":"","format":"standard","meta":{"footnotes":""},"categories":[69],"tags":[1199,1198,94,767,768,770],"class_list":["post-21306","post","type-post","status-publish","format-standard","hentry","category-frankreich","tag-berck","tag-boulogne-sur-mer","tag-frankreich","tag-leben-im-wohnmobil","tag-reisen-im-wohnmobil","tag-wohnen-im-wohnmobil"],"_links":{"self":[{"href":"https:\/\/www.jimmy2.ch\/worldpress\/wp-json\/wp\/v2\/posts\/21306","targetHints":{"allow":["GET"]}}],"collection":[{"href":"https:\/\/www.jimmy2.ch\/worldpress\/wp-json\/wp\/v2\/posts"}],"about":[{"href":"https:\/\/www.jimmy2.ch\/worldpress\/wp-json\/wp\/v2\/types\/post"}],"author":[{"embeddable":true,"href":"https:\/\/www.jimmy2.ch\/worldpress\/wp-json\/wp\/v2\/users\/1"}],"replies":[{"embeddable":true,"href":"https:\/\/www.jimmy2.ch\/worldpress\/wp-json\/wp\/v2\/comments?post=21306"}],"version-history":[{"count":5,"href":"https:\/\/www.jimmy2.ch\/worldpress\/wp-json\/wp\/v2\/posts\/21306\/revisions"}],"predecessor-version":[{"id":21332,"href":"https:\/\/www.jimmy2.ch\/worldpress\/wp-json\/wp\/v2\/posts\/21306\/revisions\/21332"}],"wp:attachment":[{"href":"https:\/\/www.jimmy2.ch\/worldpress\/wp-json\/wp\/v2\/media?parent=21306"}],"wp:term":[{"taxonomy":"category","embeddable":true,"href":"https:\/\/www.jimmy2.ch\/worldpress\/wp-json\/wp\/v2\/categories?post=21306"},{"taxonomy":"post_tag","embeddable":true,"href":"https:\/\/www.jimmy2.ch\/worldpress\/wp-json\/wp\/v2\/tags?post=21306"}],"curies":[{"name":"wp","href":"https:\/\/api.w.org\/{rel}","templated":true}]}}