{"id":20932,"date":"2023-06-04T22:55:00","date_gmt":"2023-06-04T21:55:00","guid":{"rendered":"http:\/\/www.jimmy2.ch\/worldpress\/?p=20932"},"modified":"2023-06-06T17:02:56","modified_gmt":"2023-06-06T16:02:56","slug":"schweiz-ch-breisach-am-rhein-d","status":"publish","type":"post","link":"https:\/\/www.jimmy2.ch\/worldpress\/2023\/06\/04\/schweiz-ch-breisach-am-rhein-d\/","title":{"rendered":"Schweiz CH &#8211; Breisach am Rhein D"},"content":{"rendered":"\n<p>#logbuchjimmy3ch Tag 604<br>Schweiz CH \u2013 Breisach am Rhein D  193 km<br>Stellplatz \/ 5A Josef-Bueb-Strasse<br>10 Euro bei 3 N\u00e4chten<br>48.029689, 7.575226   200 M\u00fcM<br><br>Sonntag, 4. Juni 2023<br><br>F\u00fcr heute haben wir Barbara und Stefan, die Schwiegereltern von Patricia, zu einem Brunch eingeladen. Dazu fahren wir nach Volketswil ins Volkiland. Hier kann ich Jimmy3 problemlos parkieren. <\/p>\n\n\n\n<figure class=\"wp-block-image size-large\"><img loading=\"lazy\" decoding=\"async\" width=\"1024\" height=\"768\" src=\"https:\/\/www.jimmy2.ch\/worldpress\/wp-content\/uploads\/2023\/06\/IMG_4520-1-1024x768.jpeg\" alt=\"\" class=\"wp-image-20941\" srcset=\"https:\/\/www.jimmy2.ch\/worldpress\/wp-content\/uploads\/2023\/06\/IMG_4520-1-1024x768.jpeg 1024w, https:\/\/www.jimmy2.ch\/worldpress\/wp-content\/uploads\/2023\/06\/IMG_4520-1-300x225.jpeg 300w, https:\/\/www.jimmy2.ch\/worldpress\/wp-content\/uploads\/2023\/06\/IMG_4520-1-768x576.jpeg 768w, https:\/\/www.jimmy2.ch\/worldpress\/wp-content\/uploads\/2023\/06\/IMG_4520-1-1536x1152.jpeg 1536w, https:\/\/www.jimmy2.ch\/worldpress\/wp-content\/uploads\/2023\/06\/IMG_4520-1-2048x1536.jpeg 2048w\" sizes=\"auto, (max-width: 1024px) 100vw, 1024px\" \/><\/figure>\n\n\n\n<p>Wir freuen uns auf das Wiedersehen. Sind doch seit unserem letzten Treffen in Waldshut 8 Monate vergangen. Wir verbringen gem\u00fctliche Stunden.  Dann heisst es wieder Abschiednehmen. Das n\u00e4chste Wiedersehen f\u00fcr Ende August 2023 geplant. <br><br>Bevor wir den Abwasch in Angriff nehmen k\u00f6nnen, muss ich noch die Wasserpumpe auswechseln. <\/p>\n\n\n\n<p>Ja so ist es. Bereits nach 3 Tagen hat gestern Abend nach dem Duschen die Wasserpumpe den Geist aufgegeben. Bzw. sie ist immer wieder angesprungen und hat wieder abgestellt. <\/p>\n\n\n\n<figure class=\"wp-block-image size-large\"><img loading=\"lazy\" decoding=\"async\" width=\"1024\" height=\"768\" src=\"https:\/\/www.jimmy2.ch\/worldpress\/wp-content\/uploads\/2023\/06\/IMG_4522-1024x768.jpeg\" alt=\"\" class=\"wp-image-20938\" srcset=\"https:\/\/www.jimmy2.ch\/worldpress\/wp-content\/uploads\/2023\/06\/IMG_4522-1024x768.jpeg 1024w, https:\/\/www.jimmy2.ch\/worldpress\/wp-content\/uploads\/2023\/06\/IMG_4522-300x225.jpeg 300w, https:\/\/www.jimmy2.ch\/worldpress\/wp-content\/uploads\/2023\/06\/IMG_4522-768x576.jpeg 768w, https:\/\/www.jimmy2.ch\/worldpress\/wp-content\/uploads\/2023\/06\/IMG_4522-1536x1152.jpeg 1536w, https:\/\/www.jimmy2.ch\/worldpress\/wp-content\/uploads\/2023\/06\/IMG_4522-2048x1536.jpeg 2048w\" sizes=\"auto, (max-width: 1024px) 100vw, 1024px\" \/><\/figure>\n\n\n\n<figure class=\"wp-block-image size-large\"><img loading=\"lazy\" decoding=\"async\" width=\"1024\" height=\"768\" src=\"https:\/\/www.jimmy2.ch\/worldpress\/wp-content\/uploads\/2023\/06\/IMG_4524-1024x768.jpeg\" alt=\"\" class=\"wp-image-20939\" srcset=\"https:\/\/www.jimmy2.ch\/worldpress\/wp-content\/uploads\/2023\/06\/IMG_4524-1024x768.jpeg 1024w, https:\/\/www.jimmy2.ch\/worldpress\/wp-content\/uploads\/2023\/06\/IMG_4524-300x225.jpeg 300w, https:\/\/www.jimmy2.ch\/worldpress\/wp-content\/uploads\/2023\/06\/IMG_4524-768x576.jpeg 768w, https:\/\/www.jimmy2.ch\/worldpress\/wp-content\/uploads\/2023\/06\/IMG_4524-1536x1152.jpeg 1536w, https:\/\/www.jimmy2.ch\/worldpress\/wp-content\/uploads\/2023\/06\/IMG_4524-2048x1536.jpeg 2048w\" sizes=\"auto, (max-width: 1024px) 100vw, 1024px\" \/><\/figure>\n\n\n\n<p>Nun dreht Christa noch ein paar Runden mit Jimmy3 auf dem Parkplatz. Sie macht das supergut. <br><br>Um halb vier \u00fcber nehme ich das Steuer und los geht die Fahrt nach Breisach am Rhein. Praktisch alles auf der Autobahn. Also keine grosse Herausforderung. Bis auf die Einfahrt in den Stellplatz. Die ist doch ziemlich eng. <br><br>Aber ich schaffe es ohne Kratzer und stelle Jimmy3 auf einen freien Platz. <\/p>\n\n\n\n<figure class=\"wp-block-image size-large\"><img loading=\"lazy\" decoding=\"async\" width=\"1024\" height=\"768\" src=\"https:\/\/www.jimmy2.ch\/worldpress\/wp-content\/uploads\/2023\/06\/IMG_4525-1024x768.jpeg\" alt=\"\" class=\"wp-image-20940\" srcset=\"https:\/\/www.jimmy2.ch\/worldpress\/wp-content\/uploads\/2023\/06\/IMG_4525-1024x768.jpeg 1024w, https:\/\/www.jimmy2.ch\/worldpress\/wp-content\/uploads\/2023\/06\/IMG_4525-300x225.jpeg 300w, https:\/\/www.jimmy2.ch\/worldpress\/wp-content\/uploads\/2023\/06\/IMG_4525-768x576.jpeg 768w, https:\/\/www.jimmy2.ch\/worldpress\/wp-content\/uploads\/2023\/06\/IMG_4525-1536x1152.jpeg 1536w, https:\/\/www.jimmy2.ch\/worldpress\/wp-content\/uploads\/2023\/06\/IMG_4525-2048x1536.jpeg 2048w\" sizes=\"auto, (max-width: 1024px) 100vw, 1024px\" \/><\/figure>\n\n\n\n<p><br><br>In den n\u00e4chsten Tagen wollen wir Jimmy3 etwas wohnlicher machen und soweit m\u00f6glich unsere Sachen in die Schr\u00e4nke versorgen. <br><\/p>\n","protected":false},"excerpt":{"rendered":"<p>#logbuchjimmy3ch Tag 604Schweiz CH \u2013 Breisach am Rhein D 193 kmStellplatz \/ 5A Josef-Bueb-Strasse10 Euro bei 3 N\u00e4chten48.029689, 7.575226 200 M\u00fcM Sonntag, 4. Juni 2023 F\u00fcr heute haben wir Barbara und Stefan, die Schwiegereltern von Patricia, zu einem Brunch eingeladen. &hellip; <a href=\"https:\/\/www.jimmy2.ch\/worldpress\/2023\/06\/04\/schweiz-ch-breisach-am-rhein-d\/\">Continue reading <span class=\"meta-nav\">&rarr;<\/span><\/a><\/p>\n","protected":false},"author":1,"featured_media":0,"comment_status":"open","ping_status":"open","sticky":false,"template":"","format":"standard","meta":{"footnotes":""},"categories":[72],"tags":[54,66,767,851,1180,768,73,770],"class_list":["post-20932","post","type-post","status-publish","format-standard","hentry","category-schweiz","tag-breisach-am-rhein","tag-deutschland","tag-leben-im-wohnmobil","tag-morelo","tag-morelo-palace","tag-reisen-im-wohnmobil","tag-schweiz","tag-wohnen-im-wohnmobil"],"_links":{"self":[{"href":"https:\/\/www.jimmy2.ch\/worldpress\/wp-json\/wp\/v2\/posts\/20932","targetHints":{"allow":["GET"]}}],"collection":[{"href":"https:\/\/www.jimmy2.ch\/worldpress\/wp-json\/wp\/v2\/posts"}],"about":[{"href":"https:\/\/www.jimmy2.ch\/worldpress\/wp-json\/wp\/v2\/types\/post"}],"author":[{"embeddable":true,"href":"https:\/\/www.jimmy2.ch\/worldpress\/wp-json\/wp\/v2\/users\/1"}],"replies":[{"embeddable":true,"href":"https:\/\/www.jimmy2.ch\/worldpress\/wp-json\/wp\/v2\/comments?post=20932"}],"version-history":[{"count":3,"href":"https:\/\/www.jimmy2.ch\/worldpress\/wp-json\/wp\/v2\/posts\/20932\/revisions"}],"predecessor-version":[{"id":20945,"href":"https:\/\/www.jimmy2.ch\/worldpress\/wp-json\/wp\/v2\/posts\/20932\/revisions\/20945"}],"wp:attachment":[{"href":"https:\/\/www.jimmy2.ch\/worldpress\/wp-json\/wp\/v2\/media?parent=20932"}],"wp:term":[{"taxonomy":"category","embeddable":true,"href":"https:\/\/www.jimmy2.ch\/worldpress\/wp-json\/wp\/v2\/categories?post=20932"},{"taxonomy":"post_tag","embeddable":true,"href":"https:\/\/www.jimmy2.ch\/worldpress\/wp-json\/wp\/v2\/tags?post=20932"}],"curies":[{"name":"wp","href":"https:\/\/api.w.org\/{rel}","templated":true}]}}