{"id":20877,"date":"2023-05-31T20:28:05","date_gmt":"2023-05-31T19:28:05","guid":{"rendered":"http:\/\/www.jimmy2.ch\/worldpress\/?p=20877"},"modified":"2023-06-05T14:39:11","modified_gmt":"2023-06-05T13:39:11","slug":"tschau-jimmy2","status":"publish","type":"post","link":"https:\/\/www.jimmy2.ch\/worldpress\/2023\/05\/31\/tschau-jimmy2\/","title":{"rendered":"Tschau Jimmy2"},"content":{"rendered":"\n<p>#logbuchjimmy2ch Tag 600<br><br>Mittwoch, 31. Mai 2023 <br><br>Seit unserer Einreise in die Schweiz am 25. April 2023 ist mehr als ein Monat vergangen. Heute m\u00fcssen wir uns Jimmy2 verabschieden. <br><br>Bevor es jedoch so weit ist, ein kurzer R\u00fcckblick auf die vergangenen Wochen \/ Tage. <br><br>Wir, vor allem Christa verbringt viel Zeit mit unserem Enkel Nico. Nat\u00fcrlich bin auch ich so oft es geht dabei.<br><br>Am 1. Mai haben wir Jimmy2 auf autoscout24.ch ausgeschrieben. Es gibt unz\u00e4hlige Anfragen. Da wir noch unterwegs sind, kann eine 1. Besichtigung erst am 6. Mai stattfinden. 2 Junge Typen st\u00fcrmen unser Wohnmobil und schauen es professionell an. Aber es stimmt f\u00fcr beide Seiten nicht.<br><br>Also sofort einen neuen Termin abmachen. Unsere Zeit ist begrenzt. Bereits einen Tag sp\u00e4ter kommen Kai und Zijavere aus Br\u00fcgg BE. Hier stimmte es f\u00fcr beide Seiten. Am Montag kommt das OK und Jimmy2 hat einen neuen Besitzer und wir ein sehr gutes Gef\u00fchl.<br><br>Am Dienstag, 9. Mai muss Jimmy2 zur MFK. Leider besteht er die Pr\u00fcfung nicht. Die Frontscheinwerfer <\/p>\n\n\n\n<figure class=\"wp-block-image size-large\"><img loading=\"lazy\" decoding=\"async\" width=\"1024\" height=\"768\" src=\"https:\/\/www.jimmy2.ch\/worldpress\/wp-content\/uploads\/2023\/06\/IMG_4378-1024x768.jpeg\" alt=\"\" class=\"wp-image-20878\" srcset=\"https:\/\/www.jimmy2.ch\/worldpress\/wp-content\/uploads\/2023\/06\/IMG_4378-1024x768.jpeg 1024w, https:\/\/www.jimmy2.ch\/worldpress\/wp-content\/uploads\/2023\/06\/IMG_4378-300x225.jpeg 300w, https:\/\/www.jimmy2.ch\/worldpress\/wp-content\/uploads\/2023\/06\/IMG_4378-768x576.jpeg 768w, https:\/\/www.jimmy2.ch\/worldpress\/wp-content\/uploads\/2023\/06\/IMG_4378-1536x1152.jpeg 1536w, https:\/\/www.jimmy2.ch\/worldpress\/wp-content\/uploads\/2023\/06\/IMG_4378-2048x1536.jpeg 2048w\" sizes=\"auto, (max-width: 1024px) 100vw, 1024px\" \/><\/figure>\n\n\n\n<p>und die Feststellbremse sind nicht in Ordnung. Ein Positionslicht funktioniert nicht und 2 Papiere f\u00fcr die LPG-Gas-Anlage fehlten. <br><br>Nun heisst es, eine Garage finden, die die M\u00e4ngel rasch m\u00f6glichst beheben kann und dann muss ich noch einen neuen MFK Termin bekommen. <br><br>Die z\u00fcrcher MFK\u2019s sind \u00fcber mehrere Wochen ausgebucht. Aber die nette Dame am Schalter in Bassersdorf findet einen Termin auf den 30. Mai im Albisg\u00fcetli in Z\u00fcrich.<br><br>Einen Termin bei Iveco Kloten bekomme ich auf den 25. Mai 2023. <br><br>Nun heisst es warten und hoffen, dass dann alles rund l\u00e4uft.<br><br>Bevor es nun f\u00fcr eine l\u00e4ngere Zeit nach Waldshut auf den Stellplatz geht, m\u00fcssen wir noch einige Termine abarbeiten.<br><br>Wir verbringen noch einen sehr gem\u00fctlichen Abend mit Cecile und Reto, welche wir am 20. Mai 2022 am Nordkap kennengelernt haben.<br><br>In Waldshut haben wir vor allem schlechtes und kaltes Wetter. Den Termin beim Zahnarzt bestehen wir problemlos. <br><br>Am vorletzten Tag in Waldshut f\u00e4hrt ein Concord Cruiser auf den Platz und wir d\u00fcrfen die Bekanntschaft mit Marcel und seiner Frau Saskia machen. <\/p>\n\n\n<div class=\"wp-block-image\">\n<figure class=\"aligncenter size-large\"><img loading=\"lazy\" decoding=\"async\" width=\"768\" height=\"1024\" src=\"https:\/\/www.jimmy2.ch\/worldpress\/wp-content\/uploads\/2023\/06\/IMG_4409-768x1024.jpeg\" alt=\"\" class=\"wp-image-20879\" srcset=\"https:\/\/www.jimmy2.ch\/worldpress\/wp-content\/uploads\/2023\/06\/IMG_4409-768x1024.jpeg 768w, https:\/\/www.jimmy2.ch\/worldpress\/wp-content\/uploads\/2023\/06\/IMG_4409-225x300.jpeg 225w, https:\/\/www.jimmy2.ch\/worldpress\/wp-content\/uploads\/2023\/06\/IMG_4409-1152x1536.jpeg 1152w, https:\/\/www.jimmy2.ch\/worldpress\/wp-content\/uploads\/2023\/06\/IMG_4409-1536x2048.jpeg 1536w, https:\/\/www.jimmy2.ch\/worldpress\/wp-content\/uploads\/2023\/06\/IMG_4409-scaled.jpeg 1920w\" sizes=\"auto, (max-width: 768px) 100vw, 768px\" \/><\/figure><\/div>\n\n\n<p>Sie leben, wie wir, auch im Wohnmobil. Den Cruiser konnten Sie mit 2-j\u00e4hriger Versp\u00e4tung im Dezember 2022 \u00fcbernehmen. Dann mussten und m\u00fcssen noch einige Aus- und Umbauten vorgenommen werden. Sobald alles erledigt ist, machen Sie sich auf den Weg zum Nordkap.<br><br>Wir tauschen unsere Daten aus. Vielleicht gibt es ein Wiedersehen.<br><br>Nun fahren wir in die Schweiz. Das Wetter wird besser. Der Sommer kommt. Aber vor uns liegt viel, sehr viel Arbeit. Wir m\u00fcssen das Wohnmobil f\u00fcr die neuen Besitzer vorbereiten <\/p>\n\n\n\n<figure class=\"wp-block-image size-large\"><img loading=\"lazy\" decoding=\"async\" width=\"1024\" height=\"768\" src=\"https:\/\/www.jimmy2.ch\/worldpress\/wp-content\/uploads\/2023\/06\/IMG_4411-1024x768.jpeg\" alt=\"\" class=\"wp-image-20880\" srcset=\"https:\/\/www.jimmy2.ch\/worldpress\/wp-content\/uploads\/2023\/06\/IMG_4411-1024x768.jpeg 1024w, https:\/\/www.jimmy2.ch\/worldpress\/wp-content\/uploads\/2023\/06\/IMG_4411-300x225.jpeg 300w, https:\/\/www.jimmy2.ch\/worldpress\/wp-content\/uploads\/2023\/06\/IMG_4411-768x576.jpeg 768w, https:\/\/www.jimmy2.ch\/worldpress\/wp-content\/uploads\/2023\/06\/IMG_4411-1536x1152.jpeg 1536w, https:\/\/www.jimmy2.ch\/worldpress\/wp-content\/uploads\/2023\/06\/IMG_4411-2048x1536.jpeg 2048w\" sizes=\"auto, (max-width: 1024px) 100vw, 1024px\" \/><\/figure>\n\n\n\n<figure class=\"wp-block-image size-large\"><img loading=\"lazy\" decoding=\"async\" width=\"1024\" height=\"768\" src=\"https:\/\/www.jimmy2.ch\/worldpress\/wp-content\/uploads\/2023\/06\/IMG_4440-1024x768.jpeg\" alt=\"\" class=\"wp-image-20883\" srcset=\"https:\/\/www.jimmy2.ch\/worldpress\/wp-content\/uploads\/2023\/06\/IMG_4440-1024x768.jpeg 1024w, https:\/\/www.jimmy2.ch\/worldpress\/wp-content\/uploads\/2023\/06\/IMG_4440-300x225.jpeg 300w, https:\/\/www.jimmy2.ch\/worldpress\/wp-content\/uploads\/2023\/06\/IMG_4440-768x576.jpeg 768w, https:\/\/www.jimmy2.ch\/worldpress\/wp-content\/uploads\/2023\/06\/IMG_4440-1536x1152.jpeg 1536w, https:\/\/www.jimmy2.ch\/worldpress\/wp-content\/uploads\/2023\/06\/IMG_4440-2048x1536.jpeg 2048w\" sizes=\"auto, (max-width: 1024px) 100vw, 1024px\" \/><\/figure>\n\n\n\n<figure class=\"wp-block-image size-large\"><img loading=\"lazy\" decoding=\"async\" width=\"1024\" height=\"768\" src=\"https:\/\/www.jimmy2.ch\/worldpress\/wp-content\/uploads\/2023\/06\/IMG_4443-1024x768.jpeg\" alt=\"\" class=\"wp-image-20884\" srcset=\"https:\/\/www.jimmy2.ch\/worldpress\/wp-content\/uploads\/2023\/06\/IMG_4443-1024x768.jpeg 1024w, https:\/\/www.jimmy2.ch\/worldpress\/wp-content\/uploads\/2023\/06\/IMG_4443-300x225.jpeg 300w, https:\/\/www.jimmy2.ch\/worldpress\/wp-content\/uploads\/2023\/06\/IMG_4443-768x576.jpeg 768w, https:\/\/www.jimmy2.ch\/worldpress\/wp-content\/uploads\/2023\/06\/IMG_4443-1536x1152.jpeg 1536w, https:\/\/www.jimmy2.ch\/worldpress\/wp-content\/uploads\/2023\/06\/IMG_4443-2048x1536.jpeg 2048w\" sizes=\"auto, (max-width: 1024px) 100vw, 1024px\" \/><\/figure>\n\n\n\n<p>und unseren Umzug in Jimmy3 planen. <br><br>Nach einer 3-st\u00fcndigen Dach-Reinigung von Jimmy2 meldet sich bei mir der Ischias-Nerv. <br><br>Eine stressige Zeit. Klappt alles mit den gedr\u00e4ngten Terminen? <br><br>Der Termin bei Iveco beginnt um 06.45 Uhr. Also fr\u00fch raus. Aber alles l\u00e4uft rund. <br><br>Pfingsten verbringen wir mit dem Verpacken unserer wenigen Habseligkeiten in Kartonschachteln. <\/p>\n\n\n\n<figure class=\"wp-block-image size-large\"><img loading=\"lazy\" decoding=\"async\" width=\"1024\" height=\"768\" src=\"https:\/\/www.jimmy2.ch\/worldpress\/wp-content\/uploads\/2023\/06\/IMG_4431-1024x768.jpeg\" alt=\"\" class=\"wp-image-20882\" srcset=\"https:\/\/www.jimmy2.ch\/worldpress\/wp-content\/uploads\/2023\/06\/IMG_4431-1024x768.jpeg 1024w, https:\/\/www.jimmy2.ch\/worldpress\/wp-content\/uploads\/2023\/06\/IMG_4431-300x225.jpeg 300w, https:\/\/www.jimmy2.ch\/worldpress\/wp-content\/uploads\/2023\/06\/IMG_4431-768x576.jpeg 768w, https:\/\/www.jimmy2.ch\/worldpress\/wp-content\/uploads\/2023\/06\/IMG_4431-1536x1152.jpeg 1536w, https:\/\/www.jimmy2.ch\/worldpress\/wp-content\/uploads\/2023\/06\/IMG_4431-2048x1536.jpeg 2048w\" sizes=\"auto, (max-width: 1024px) 100vw, 1024px\" \/><\/figure>\n\n\n<div class=\"wp-block-image\">\n<figure class=\"aligncenter size-large\"><img loading=\"lazy\" decoding=\"async\" width=\"768\" height=\"1024\" src=\"https:\/\/www.jimmy2.ch\/worldpress\/wp-content\/uploads\/2023\/06\/IMG_4444-768x1024.jpeg\" alt=\"\" class=\"wp-image-20885\" srcset=\"https:\/\/www.jimmy2.ch\/worldpress\/wp-content\/uploads\/2023\/06\/IMG_4444-768x1024.jpeg 768w, https:\/\/www.jimmy2.ch\/worldpress\/wp-content\/uploads\/2023\/06\/IMG_4444-225x300.jpeg 225w, https:\/\/www.jimmy2.ch\/worldpress\/wp-content\/uploads\/2023\/06\/IMG_4444-1152x1536.jpeg 1152w, https:\/\/www.jimmy2.ch\/worldpress\/wp-content\/uploads\/2023\/06\/IMG_4444-1536x2048.jpeg 1536w, https:\/\/www.jimmy2.ch\/worldpress\/wp-content\/uploads\/2023\/06\/IMG_4444-scaled.jpeg 1920w\" sizes=\"auto, (max-width: 768px) 100vw, 768px\" \/><\/figure><\/div>\n\n\n<p>Der Roller bleibt hier. Er wird dann sp\u00e4ter abgeholt. <br><br>Nun kommt Dienstag, der 30. Mai 2023. MFG Z\u00fcrich-Albisg\u00fcetli 11.06 Uhr Pr\u00fcfbahn 5.<\/p>\n\n\n\n<figure class=\"wp-block-image size-large\"><img loading=\"lazy\" decoding=\"async\" width=\"1024\" height=\"768\" src=\"https:\/\/www.jimmy2.ch\/worldpress\/wp-content\/uploads\/2023\/06\/IMG_4449-1024x768.jpeg\" alt=\"\" class=\"wp-image-20886\" srcset=\"https:\/\/www.jimmy2.ch\/worldpress\/wp-content\/uploads\/2023\/06\/IMG_4449-1024x768.jpeg 1024w, https:\/\/www.jimmy2.ch\/worldpress\/wp-content\/uploads\/2023\/06\/IMG_4449-300x225.jpeg 300w, https:\/\/www.jimmy2.ch\/worldpress\/wp-content\/uploads\/2023\/06\/IMG_4449-768x576.jpeg 768w, https:\/\/www.jimmy2.ch\/worldpress\/wp-content\/uploads\/2023\/06\/IMG_4449-1536x1152.jpeg 1536w, https:\/\/www.jimmy2.ch\/worldpress\/wp-content\/uploads\/2023\/06\/IMG_4449-2048x1536.jpeg 2048w\" sizes=\"auto, (max-width: 1024px) 100vw, 1024px\" \/><\/figure>\n\n\n\n<p>Ich komme einige Minuten fr\u00fcher dran. Leider ist bei der LPG-Gastankanlage noch immer eine Konformit\u00e4tserkl\u00e4rung nicht korrekt. Begrenzungsleuchte, Frontscheinwerfer <\/p>\n\n\n\n<figure class=\"wp-block-image size-large\"><img loading=\"lazy\" decoding=\"async\" width=\"1024\" height=\"768\" src=\"https:\/\/www.jimmy2.ch\/worldpress\/wp-content\/uploads\/2023\/06\/IMG_4424-1024x768.jpeg\" alt=\"\" class=\"wp-image-20881\" srcset=\"https:\/\/www.jimmy2.ch\/worldpress\/wp-content\/uploads\/2023\/06\/IMG_4424-1024x768.jpeg 1024w, https:\/\/www.jimmy2.ch\/worldpress\/wp-content\/uploads\/2023\/06\/IMG_4424-300x225.jpeg 300w, https:\/\/www.jimmy2.ch\/worldpress\/wp-content\/uploads\/2023\/06\/IMG_4424-768x576.jpeg 768w, https:\/\/www.jimmy2.ch\/worldpress\/wp-content\/uploads\/2023\/06\/IMG_4424-1536x1152.jpeg 1536w, https:\/\/www.jimmy2.ch\/worldpress\/wp-content\/uploads\/2023\/06\/IMG_4424-2048x1536.jpeg 2048w\" sizes=\"auto, (max-width: 1024px) 100vw, 1024px\" \/><\/figure>\n\n\n\n<p>und Feststellbremse sind in Ordnung. <br><br>Am Ende der Pr\u00fcfung \u00fcbergibt mit der Pr\u00fcfungsexperte den Fahrzeugausweis und meint, sobald das fehlende Dokument f\u00fcr die LPG-Anlage vorliegt, k\u00f6nne er die Pr\u00fcfung abschliessen. <\/p>\n\n\n<div class=\"wp-block-image\">\n<figure class=\"aligncenter size-large\"><img loading=\"lazy\" decoding=\"async\" width=\"768\" height=\"1024\" src=\"https:\/\/www.jimmy2.ch\/worldpress\/wp-content\/uploads\/2023\/06\/IMG_4450-768x1024.jpeg\" alt=\"\" class=\"wp-image-20901\" srcset=\"https:\/\/www.jimmy2.ch\/worldpress\/wp-content\/uploads\/2023\/06\/IMG_4450-768x1024.jpeg 768w, https:\/\/www.jimmy2.ch\/worldpress\/wp-content\/uploads\/2023\/06\/IMG_4450-225x300.jpeg 225w, https:\/\/www.jimmy2.ch\/worldpress\/wp-content\/uploads\/2023\/06\/IMG_4450-1152x1536.jpeg 1152w, https:\/\/www.jimmy2.ch\/worldpress\/wp-content\/uploads\/2023\/06\/IMG_4450-1536x2048.jpeg 1536w, https:\/\/www.jimmy2.ch\/worldpress\/wp-content\/uploads\/2023\/06\/IMG_4450-scaled.jpeg 1920w\" sizes=\"auto, (max-width: 768px) 100vw, 768px\" \/><\/figure><\/div>\n\n\n<p><br>Ich bin erstaunt und meine, dass ich das Fahrzeug heute abmelden will, damit ich es morgen dem neuen Besitzer \u00fcbergeben kann. Er meint, ich solle mit zu seinem Chef kommen. Der Chef zeigt sich kulant und meint, ich k\u00f6nne das Dokument nachreichen. <br><br>Mir f\u00e4llt ein Stein vom Herzen. So kann ich heute Jimmy2 ab- und Jimmy3 anmelden.<br><br>Gegen halb eins geht es auf die letzte Fahrt mit Jimmy2.<br><br>Am Mittwoch, 31. Mai 2023 um 10 Uhr kommen Kai und Zijavere mit Sohn und Enkel-Tochter. Bei der \u00dcbergabe machen Kai und ich die technischen Sachen und Zijavere und Christa den \u00abIndoor\u00bb-Bereich. <\/p>\n\n\n<div class=\"wp-block-image\">\n<figure class=\"aligncenter size-large\"><img loading=\"lazy\" decoding=\"async\" width=\"768\" height=\"1024\" src=\"https:\/\/www.jimmy2.ch\/worldpress\/wp-content\/uploads\/2023\/06\/IMG_4463-768x1024.jpeg\" alt=\"\" class=\"wp-image-20888\" srcset=\"https:\/\/www.jimmy2.ch\/worldpress\/wp-content\/uploads\/2023\/06\/IMG_4463-768x1024.jpeg 768w, https:\/\/www.jimmy2.ch\/worldpress\/wp-content\/uploads\/2023\/06\/IMG_4463-225x300.jpeg 225w, https:\/\/www.jimmy2.ch\/worldpress\/wp-content\/uploads\/2023\/06\/IMG_4463-1152x1536.jpeg 1152w, https:\/\/www.jimmy2.ch\/worldpress\/wp-content\/uploads\/2023\/06\/IMG_4463-1536x2048.jpeg 1536w, https:\/\/www.jimmy2.ch\/worldpress\/wp-content\/uploads\/2023\/06\/IMG_4463-scaled.jpeg 1920w\" sizes=\"auto, (max-width: 768px) 100vw, 768px\" \/><\/figure><\/div>\n\n\n<p>Kurz nach 11Uhr f\u00e4hrt Jimmy2 davon.<\/p>\n\n\n\n<figure class=\"wp-block-image size-large\"><img loading=\"lazy\" decoding=\"async\" width=\"1024\" height=\"768\" src=\"https:\/\/www.jimmy2.ch\/worldpress\/wp-content\/uploads\/2023\/06\/IMG_4464-1024x768.jpeg\" alt=\"\" class=\"wp-image-20889\" srcset=\"https:\/\/www.jimmy2.ch\/worldpress\/wp-content\/uploads\/2023\/06\/IMG_4464-1024x768.jpeg 1024w, https:\/\/www.jimmy2.ch\/worldpress\/wp-content\/uploads\/2023\/06\/IMG_4464-300x225.jpeg 300w, https:\/\/www.jimmy2.ch\/worldpress\/wp-content\/uploads\/2023\/06\/IMG_4464-768x576.jpeg 768w, https:\/\/www.jimmy2.ch\/worldpress\/wp-content\/uploads\/2023\/06\/IMG_4464-1536x1152.jpeg 1536w, https:\/\/www.jimmy2.ch\/worldpress\/wp-content\/uploads\/2023\/06\/IMG_4464-2048x1536.jpeg 2048w\" sizes=\"auto, (max-width: 1024px) 100vw, 1024px\" \/><\/figure>\n\n\n\n<figure class=\"wp-block-image size-large\"><img loading=\"lazy\" decoding=\"async\" width=\"1024\" height=\"768\" src=\"https:\/\/www.jimmy2.ch\/worldpress\/wp-content\/uploads\/2023\/06\/IMG_4465-1024x768.jpeg\" alt=\"\" class=\"wp-image-20890\" srcset=\"https:\/\/www.jimmy2.ch\/worldpress\/wp-content\/uploads\/2023\/06\/IMG_4465-1024x768.jpeg 1024w, https:\/\/www.jimmy2.ch\/worldpress\/wp-content\/uploads\/2023\/06\/IMG_4465-300x225.jpeg 300w, https:\/\/www.jimmy2.ch\/worldpress\/wp-content\/uploads\/2023\/06\/IMG_4465-768x576.jpeg 768w, https:\/\/www.jimmy2.ch\/worldpress\/wp-content\/uploads\/2023\/06\/IMG_4465-1536x1152.jpeg 1536w, https:\/\/www.jimmy2.ch\/worldpress\/wp-content\/uploads\/2023\/06\/IMG_4465-2048x1536.jpeg 2048w\" sizes=\"auto, (max-width: 1024px) 100vw, 1024px\" \/><\/figure>\n\n\n\n<figure class=\"wp-block-image size-large\"><img loading=\"lazy\" decoding=\"async\" width=\"1024\" height=\"768\" src=\"https:\/\/www.jimmy2.ch\/worldpress\/wp-content\/uploads\/2023\/06\/IMG_4466-1024x768.jpeg\" alt=\"\" class=\"wp-image-20891\" srcset=\"https:\/\/www.jimmy2.ch\/worldpress\/wp-content\/uploads\/2023\/06\/IMG_4466-1024x768.jpeg 1024w, https:\/\/www.jimmy2.ch\/worldpress\/wp-content\/uploads\/2023\/06\/IMG_4466-300x225.jpeg 300w, https:\/\/www.jimmy2.ch\/worldpress\/wp-content\/uploads\/2023\/06\/IMG_4466-768x576.jpeg 768w, https:\/\/www.jimmy2.ch\/worldpress\/wp-content\/uploads\/2023\/06\/IMG_4466-1536x1152.jpeg 1536w, https:\/\/www.jimmy2.ch\/worldpress\/wp-content\/uploads\/2023\/06\/IMG_4466-2048x1536.jpeg 2048w\" sizes=\"auto, (max-width: 1024px) 100vw, 1024px\" \/><\/figure>\n\n\n\n<figure class=\"wp-block-image size-large\"><img loading=\"lazy\" decoding=\"async\" width=\"1024\" height=\"768\" src=\"https:\/\/www.jimmy2.ch\/worldpress\/wp-content\/uploads\/2023\/06\/IMG_4467-1024x768.jpeg\" alt=\"\" class=\"wp-image-20892\" srcset=\"https:\/\/www.jimmy2.ch\/worldpress\/wp-content\/uploads\/2023\/06\/IMG_4467-1024x768.jpeg 1024w, https:\/\/www.jimmy2.ch\/worldpress\/wp-content\/uploads\/2023\/06\/IMG_4467-300x225.jpeg 300w, https:\/\/www.jimmy2.ch\/worldpress\/wp-content\/uploads\/2023\/06\/IMG_4467-768x576.jpeg 768w, https:\/\/www.jimmy2.ch\/worldpress\/wp-content\/uploads\/2023\/06\/IMG_4467-1536x1152.jpeg 1536w, https:\/\/www.jimmy2.ch\/worldpress\/wp-content\/uploads\/2023\/06\/IMG_4467-2048x1536.jpeg 2048w\" sizes=\"auto, (max-width: 1024px) 100vw, 1024px\" \/><\/figure>\n\n\n\n<p>Tschau Jimmy2 mach\u2019s guet. Und noch viele sch\u00f6ne Reisen.<br><br><br>Heute Nachmittag j\u00e4hrt sich zum 4. Mal der Todestag von unserem Westi Jimmy. Wir denken noch sehr oft an ihn. <\/p>\n\n\n\n<figure class=\"wp-block-image size-large\"><img loading=\"lazy\" decoding=\"async\" width=\"1024\" height=\"768\" src=\"https:\/\/www.jimmy2.ch\/worldpress\/wp-content\/uploads\/2023\/06\/IMG_5876-1024x768.jpeg\" alt=\"\" class=\"wp-image-20894\" srcset=\"https:\/\/www.jimmy2.ch\/worldpress\/wp-content\/uploads\/2023\/06\/IMG_5876-1024x768.jpeg 1024w, https:\/\/www.jimmy2.ch\/worldpress\/wp-content\/uploads\/2023\/06\/IMG_5876-300x225.jpeg 300w, https:\/\/www.jimmy2.ch\/worldpress\/wp-content\/uploads\/2023\/06\/IMG_5876-768x576.jpeg 768w, https:\/\/www.jimmy2.ch\/worldpress\/wp-content\/uploads\/2023\/06\/IMG_5876-1536x1152.jpeg 1536w, https:\/\/www.jimmy2.ch\/worldpress\/wp-content\/uploads\/2023\/06\/IMG_5876-2048x1536.jpeg 2048w\" sizes=\"auto, (max-width: 1024px) 100vw, 1024px\" \/><\/figure>\n\n\n\n<p><\/p>\n\n\n\n<p>Am sp\u00e4teren Nachmittag kommt Beat Amstutz und beginnt mit der Einf\u00fchrung in unser neues Zuhause Jimmy3. <\/p>\n\n\n\n<figure class=\"wp-block-image size-large\"><img loading=\"lazy\" decoding=\"async\" width=\"1024\" height=\"768\" src=\"https:\/\/www.jimmy2.ch\/worldpress\/wp-content\/uploads\/2023\/06\/IMG_4470-1024x768.jpeg\" alt=\"\" class=\"wp-image-20893\" srcset=\"https:\/\/www.jimmy2.ch\/worldpress\/wp-content\/uploads\/2023\/06\/IMG_4470-1024x768.jpeg 1024w, https:\/\/www.jimmy2.ch\/worldpress\/wp-content\/uploads\/2023\/06\/IMG_4470-300x225.jpeg 300w, https:\/\/www.jimmy2.ch\/worldpress\/wp-content\/uploads\/2023\/06\/IMG_4470-768x576.jpeg 768w, https:\/\/www.jimmy2.ch\/worldpress\/wp-content\/uploads\/2023\/06\/IMG_4470-1536x1152.jpeg 1536w, https:\/\/www.jimmy2.ch\/worldpress\/wp-content\/uploads\/2023\/06\/IMG_4470-2048x1536.jpeg 2048w\" sizes=\"auto, (max-width: 1024px) 100vw, 1024px\" \/><\/figure>\n\n\n\n<p><br><\/p>\n","protected":false},"excerpt":{"rendered":"<p>#logbuchjimmy2ch Tag 600 Mittwoch, 31. Mai 2023 Seit unserer Einreise in die Schweiz am 25. April 2023 ist mehr als ein Monat vergangen. Heute m\u00fcssen wir uns Jimmy2 verabschieden. Bevor es jedoch so weit ist, ein kurzer R\u00fcckblick auf die &hellip; <a href=\"https:\/\/www.jimmy2.ch\/worldpress\/2023\/05\/31\/tschau-jimmy2\/\">Continue reading <span class=\"meta-nav\">&rarr;<\/span><\/a><\/p>\n","protected":false},"author":1,"featured_media":0,"comment_status":"open","ping_status":"open","sticky":false,"template":"","format":"standard","meta":{"footnotes":""},"categories":[72],"tags":[88,1179,767,851,1180,768,73,770],"class_list":["post-20877","post","type-post","status-publish","format-standard","hentry","category-schweiz","tag-jimmy2","tag-jimmy3","tag-leben-im-wohnmobil","tag-morelo","tag-morelo-palace","tag-reisen-im-wohnmobil","tag-schweiz","tag-wohnen-im-wohnmobil"],"_links":{"self":[{"href":"https:\/\/www.jimmy2.ch\/worldpress\/wp-json\/wp\/v2\/posts\/20877","targetHints":{"allow":["GET"]}}],"collection":[{"href":"https:\/\/www.jimmy2.ch\/worldpress\/wp-json\/wp\/v2\/posts"}],"about":[{"href":"https:\/\/www.jimmy2.ch\/worldpress\/wp-json\/wp\/v2\/types\/post"}],"author":[{"embeddable":true,"href":"https:\/\/www.jimmy2.ch\/worldpress\/wp-json\/wp\/v2\/users\/1"}],"replies":[{"embeddable":true,"href":"https:\/\/www.jimmy2.ch\/worldpress\/wp-json\/wp\/v2\/comments?post=20877"}],"version-history":[{"count":6,"href":"https:\/\/www.jimmy2.ch\/worldpress\/wp-json\/wp\/v2\/posts\/20877\/revisions"}],"predecessor-version":[{"id":20904,"href":"https:\/\/www.jimmy2.ch\/worldpress\/wp-json\/wp\/v2\/posts\/20877\/revisions\/20904"}],"wp:attachment":[{"href":"https:\/\/www.jimmy2.ch\/worldpress\/wp-json\/wp\/v2\/media?parent=20877"}],"wp:term":[{"taxonomy":"category","embeddable":true,"href":"https:\/\/www.jimmy2.ch\/worldpress\/wp-json\/wp\/v2\/categories?post=20877"},{"taxonomy":"post_tag","embeddable":true,"href":"https:\/\/www.jimmy2.ch\/worldpress\/wp-json\/wp\/v2\/tags?post=20877"}],"curies":[{"name":"wp","href":"https:\/\/api.w.org\/{rel}","templated":true}]}}