{"id":20821,"date":"2023-04-24T22:44:00","date_gmt":"2023-04-24T21:44:00","guid":{"rendered":"http:\/\/www.jimmy2.ch\/worldpress\/?p=20821"},"modified":"2023-04-25T20:22:24","modified_gmt":"2023-04-25T19:22:24","slug":"beauchastel-seyssel-f","status":"publish","type":"post","link":"https:\/\/www.jimmy2.ch\/worldpress\/2023\/04\/24\/beauchastel-seyssel-f\/","title":{"rendered":"Beauchastel &#8211; Seyssel F"},"content":{"rendered":"\n<p>#logbuchjimmy2ch Tag 563<br>Beauchastel &#8211; Seyssel F 184 km<br>4 1\/2 Stunden unterwegs mit Fr\u00fchst\u00fccken<br>Aire de Camping-Car Seyssel von Camping-Car-Park<br>12 Euro inkl. allem, WLAM seeeehr langsam, V+E ausserhalb des Platzes aber nur mit Karte oder Code benutzbar<br><br>45.95115, 5.83346   260 M\u00fcM<br><br>Montag, 24. April 2023 <br><br>Wir verbringen eine ruhige Nacht bis etwa 7 Uhr. Dann startet der Verkehr hinter und vor dem Wohnmobil. Aber wir m\u00fcssen ja so oder so weiter. <br><br>Der Tag startet wieder herbstlich. Nebel liegt \u00fcber der Rh\u00f4ne. 8\u00b0<\/p>\n\n\n\n<figure class=\"wp-block-image size-large\"><img loading=\"lazy\" decoding=\"async\" width=\"1024\" height=\"768\" src=\"https:\/\/www.jimmy2.ch\/worldpress\/wp-content\/uploads\/2023\/04\/6FE383A9-BACF-4465-B208-F30746BB5CDF-1024x768.jpeg\" alt=\"\" class=\"wp-image-20835\" srcset=\"https:\/\/www.jimmy2.ch\/worldpress\/wp-content\/uploads\/2023\/04\/6FE383A9-BACF-4465-B208-F30746BB5CDF-1024x768.jpeg 1024w, https:\/\/www.jimmy2.ch\/worldpress\/wp-content\/uploads\/2023\/04\/6FE383A9-BACF-4465-B208-F30746BB5CDF-300x225.jpeg 300w, https:\/\/www.jimmy2.ch\/worldpress\/wp-content\/uploads\/2023\/04\/6FE383A9-BACF-4465-B208-F30746BB5CDF-768x576.jpeg 768w, https:\/\/www.jimmy2.ch\/worldpress\/wp-content\/uploads\/2023\/04\/6FE383A9-BACF-4465-B208-F30746BB5CDF-1536x1152.jpeg 1536w, https:\/\/www.jimmy2.ch\/worldpress\/wp-content\/uploads\/2023\/04\/6FE383A9-BACF-4465-B208-F30746BB5CDF-2048x1536.jpeg 2048w\" sizes=\"auto, (max-width: 1024px) 100vw, 1024px\" \/><\/figure>\n\n\n\n<p>Kurz vor 10 Uhr verlassen wir den Platz und fahren wie immer \u00fcber Land. Valence umfahren wir auf der D7. Dann wechseln wir auf die D92N aus welcher sp\u00e4ter die D1092 wird. Eine zum Teil schmale Strasse vielfach Fahrverbot f\u00fcr Lastwagen \u00fcber 3.5 t. Aber wir sind nicht die Einzigen die hier durchfahren und schwerer als 3.5 t sind.<br><br>Kurz vor Voiron f\u00fchrt uns GoogleMaps dann auf eine sehr schmale Strasse und Kurven die man ohne zur\u00fcckzusetzen fast nicht schaffen konnte. <\/p>\n\n\n\n<figure class=\"wp-block-image size-large\"><img loading=\"lazy\" decoding=\"async\" width=\"1024\" height=\"768\" src=\"https:\/\/www.jimmy2.ch\/worldpress\/wp-content\/uploads\/2023\/04\/D155160B-63BC-4112-A20F-A86B5F05DE2A-1024x768.jpeg\" alt=\"\" class=\"wp-image-20838\" srcset=\"https:\/\/www.jimmy2.ch\/worldpress\/wp-content\/uploads\/2023\/04\/D155160B-63BC-4112-A20F-A86B5F05DE2A-1024x768.jpeg 1024w, https:\/\/www.jimmy2.ch\/worldpress\/wp-content\/uploads\/2023\/04\/D155160B-63BC-4112-A20F-A86B5F05DE2A-300x225.jpeg 300w, https:\/\/www.jimmy2.ch\/worldpress\/wp-content\/uploads\/2023\/04\/D155160B-63BC-4112-A20F-A86B5F05DE2A-768x576.jpeg 768w, https:\/\/www.jimmy2.ch\/worldpress\/wp-content\/uploads\/2023\/04\/D155160B-63BC-4112-A20F-A86B5F05DE2A-1536x1152.jpeg 1536w, https:\/\/www.jimmy2.ch\/worldpress\/wp-content\/uploads\/2023\/04\/D155160B-63BC-4112-A20F-A86B5F05DE2A-2048x1536.jpeg 2048w\" sizes=\"auto, (max-width: 1024px) 100vw, 1024px\" \/><\/figure>\n\n\n\n<figure class=\"wp-block-image size-large\"><img loading=\"lazy\" decoding=\"async\" width=\"1024\" height=\"768\" src=\"https:\/\/www.jimmy2.ch\/worldpress\/wp-content\/uploads\/2023\/04\/B0FF830F-53A4-48B8-AB80-C583B977E9E4-1024x768.jpeg\" alt=\"\" class=\"wp-image-20839\" srcset=\"https:\/\/www.jimmy2.ch\/worldpress\/wp-content\/uploads\/2023\/04\/B0FF830F-53A4-48B8-AB80-C583B977E9E4-1024x768.jpeg 1024w, https:\/\/www.jimmy2.ch\/worldpress\/wp-content\/uploads\/2023\/04\/B0FF830F-53A4-48B8-AB80-C583B977E9E4-300x225.jpeg 300w, https:\/\/www.jimmy2.ch\/worldpress\/wp-content\/uploads\/2023\/04\/B0FF830F-53A4-48B8-AB80-C583B977E9E4-768x576.jpeg 768w, https:\/\/www.jimmy2.ch\/worldpress\/wp-content\/uploads\/2023\/04\/B0FF830F-53A4-48B8-AB80-C583B977E9E4-1536x1152.jpeg 1536w, https:\/\/www.jimmy2.ch\/worldpress\/wp-content\/uploads\/2023\/04\/B0FF830F-53A4-48B8-AB80-C583B977E9E4-2048x1536.jpeg 2048w\" sizes=\"auto, (max-width: 1024px) 100vw, 1024px\" \/><\/figure>\n\n\n\n<p><br>Und das trifft wieder Christa die heute am Steuer sitzt. Aber sie meistert die Situation mit Bravour. Sie kann viel mehr als nur z\u00fcgig fahren. Chapeau. <br><br>Dann endlich sind wir auf der D1075. Hier geht es vorerst auf breiten Strassen z\u00fcgig voran. Dann wird es aber auch hier wieder eher eng. <br><br>Endlich finden wir einen Platz f\u00fcr eine Pause. <\/p>\n\n\n\n<figure class=\"wp-block-image size-full\"><img decoding=\"async\" src=\"https:\/\/www.jimmy2.ch\/worldpress\/wp-content\/uploads\/2023\/04\/E82E0433-7DF6-4D34-BD8A-2A94349BC9E0.jpeg\" alt=\"\" class=\"wp-image-20840\"\/><\/figure>\n\n\n\n<figure class=\"wp-block-image size-large\"><img loading=\"lazy\" decoding=\"async\" width=\"1024\" height=\"768\" src=\"https:\/\/www.jimmy2.ch\/worldpress\/wp-content\/uploads\/2023\/04\/318CA01D-A66D-435E-B329-EBE6C0F1EB46-1024x768.jpeg\" alt=\"\" class=\"wp-image-20841\" srcset=\"https:\/\/www.jimmy2.ch\/worldpress\/wp-content\/uploads\/2023\/04\/318CA01D-A66D-435E-B329-EBE6C0F1EB46-1024x768.jpeg 1024w, https:\/\/www.jimmy2.ch\/worldpress\/wp-content\/uploads\/2023\/04\/318CA01D-A66D-435E-B329-EBE6C0F1EB46-300x225.jpeg 300w, https:\/\/www.jimmy2.ch\/worldpress\/wp-content\/uploads\/2023\/04\/318CA01D-A66D-435E-B329-EBE6C0F1EB46-768x576.jpeg 768w, https:\/\/www.jimmy2.ch\/worldpress\/wp-content\/uploads\/2023\/04\/318CA01D-A66D-435E-B329-EBE6C0F1EB46-1536x1152.jpeg 1536w, https:\/\/www.jimmy2.ch\/worldpress\/wp-content\/uploads\/2023\/04\/318CA01D-A66D-435E-B329-EBE6C0F1EB46-2048x1536.jpeg 2048w\" sizes=\"auto, (max-width: 1024px) 100vw, 1024px\" \/><\/figure>\n\n\n\n<figure class=\"wp-block-image size-large\"><img loading=\"lazy\" decoding=\"async\" width=\"1024\" height=\"768\" src=\"https:\/\/www.jimmy2.ch\/worldpress\/wp-content\/uploads\/2023\/04\/2A19672D-A858-43B8-A915-6FF4163554AB-1024x768.jpeg\" alt=\"\" class=\"wp-image-20842\" srcset=\"https:\/\/www.jimmy2.ch\/worldpress\/wp-content\/uploads\/2023\/04\/2A19672D-A858-43B8-A915-6FF4163554AB-1024x768.jpeg 1024w, https:\/\/www.jimmy2.ch\/worldpress\/wp-content\/uploads\/2023\/04\/2A19672D-A858-43B8-A915-6FF4163554AB-300x225.jpeg 300w, https:\/\/www.jimmy2.ch\/worldpress\/wp-content\/uploads\/2023\/04\/2A19672D-A858-43B8-A915-6FF4163554AB-768x576.jpeg 768w, https:\/\/www.jimmy2.ch\/worldpress\/wp-content\/uploads\/2023\/04\/2A19672D-A858-43B8-A915-6FF4163554AB-1536x1152.jpeg 1536w, https:\/\/www.jimmy2.ch\/worldpress\/wp-content\/uploads\/2023\/04\/2A19672D-A858-43B8-A915-6FF4163554AB-2048x1536.jpeg 2048w\" sizes=\"auto, (max-width: 1024px) 100vw, 1024px\" \/><\/figure>\n\n\n\n<p>Und schlussendlich gelangen wir auch zu unserem heutigen Nachtlager in Seyssel. <\/p>\n\n\n\n<figure class=\"wp-block-image size-large\"><img loading=\"lazy\" decoding=\"async\" width=\"1024\" height=\"768\" src=\"https:\/\/www.jimmy2.ch\/worldpress\/wp-content\/uploads\/2023\/04\/1009232F-D44D-4D06-B769-045F8404DC3D-1024x768.jpeg\" alt=\"\" class=\"wp-image-20843\" srcset=\"https:\/\/www.jimmy2.ch\/worldpress\/wp-content\/uploads\/2023\/04\/1009232F-D44D-4D06-B769-045F8404DC3D-1024x768.jpeg 1024w, https:\/\/www.jimmy2.ch\/worldpress\/wp-content\/uploads\/2023\/04\/1009232F-D44D-4D06-B769-045F8404DC3D-300x225.jpeg 300w, https:\/\/www.jimmy2.ch\/worldpress\/wp-content\/uploads\/2023\/04\/1009232F-D44D-4D06-B769-045F8404DC3D-768x576.jpeg 768w, https:\/\/www.jimmy2.ch\/worldpress\/wp-content\/uploads\/2023\/04\/1009232F-D44D-4D06-B769-045F8404DC3D-1536x1152.jpeg 1536w, https:\/\/www.jimmy2.ch\/worldpress\/wp-content\/uploads\/2023\/04\/1009232F-D44D-4D06-B769-045F8404DC3D-2048x1536.jpeg 2048w\" sizes=\"auto, (max-width: 1024px) 100vw, 1024px\" \/><\/figure>\n\n\n\n<p>Nach einer Kaffeepause spazieren wir ins St\u00e4dtchen. <\/p>\n\n\n\n<figure class=\"wp-block-image size-large\"><img loading=\"lazy\" decoding=\"async\" width=\"1024\" height=\"768\" src=\"https:\/\/www.jimmy2.ch\/worldpress\/wp-content\/uploads\/2023\/04\/06953DA3-C93B-409B-BCE4-DF2CF4A372C0-1024x768.jpeg\" alt=\"\" class=\"wp-image-20844\" srcset=\"https:\/\/www.jimmy2.ch\/worldpress\/wp-content\/uploads\/2023\/04\/06953DA3-C93B-409B-BCE4-DF2CF4A372C0-1024x768.jpeg 1024w, https:\/\/www.jimmy2.ch\/worldpress\/wp-content\/uploads\/2023\/04\/06953DA3-C93B-409B-BCE4-DF2CF4A372C0-300x225.jpeg 300w, https:\/\/www.jimmy2.ch\/worldpress\/wp-content\/uploads\/2023\/04\/06953DA3-C93B-409B-BCE4-DF2CF4A372C0-768x576.jpeg 768w, https:\/\/www.jimmy2.ch\/worldpress\/wp-content\/uploads\/2023\/04\/06953DA3-C93B-409B-BCE4-DF2CF4A372C0-1536x1152.jpeg 1536w, https:\/\/www.jimmy2.ch\/worldpress\/wp-content\/uploads\/2023\/04\/06953DA3-C93B-409B-BCE4-DF2CF4A372C0-2048x1536.jpeg 2048w\" sizes=\"auto, (max-width: 1024px) 100vw, 1024px\" \/><\/figure>\n\n\n\n<figure class=\"wp-block-image size-large\"><img loading=\"lazy\" decoding=\"async\" width=\"1024\" height=\"768\" src=\"https:\/\/www.jimmy2.ch\/worldpress\/wp-content\/uploads\/2023\/04\/F437F9D1-132E-4B9F-95B0-B99EA9635C01-1024x768.jpeg\" alt=\"\" class=\"wp-image-20845\" srcset=\"https:\/\/www.jimmy2.ch\/worldpress\/wp-content\/uploads\/2023\/04\/F437F9D1-132E-4B9F-95B0-B99EA9635C01-1024x768.jpeg 1024w, https:\/\/www.jimmy2.ch\/worldpress\/wp-content\/uploads\/2023\/04\/F437F9D1-132E-4B9F-95B0-B99EA9635C01-300x225.jpeg 300w, https:\/\/www.jimmy2.ch\/worldpress\/wp-content\/uploads\/2023\/04\/F437F9D1-132E-4B9F-95B0-B99EA9635C01-768x576.jpeg 768w, https:\/\/www.jimmy2.ch\/worldpress\/wp-content\/uploads\/2023\/04\/F437F9D1-132E-4B9F-95B0-B99EA9635C01-1536x1152.jpeg 1536w, https:\/\/www.jimmy2.ch\/worldpress\/wp-content\/uploads\/2023\/04\/F437F9D1-132E-4B9F-95B0-B99EA9635C01-2048x1536.jpeg 2048w\" sizes=\"auto, (max-width: 1024px) 100vw, 1024px\" \/><\/figure>\n\n\n\n<figure class=\"wp-block-image size-large\"><img loading=\"lazy\" decoding=\"async\" width=\"1024\" height=\"768\" src=\"https:\/\/www.jimmy2.ch\/worldpress\/wp-content\/uploads\/2023\/04\/69D961D3-C4FB-49FB-8766-867C2FCCB499-1024x768.jpeg\" alt=\"\" class=\"wp-image-20847\" srcset=\"https:\/\/www.jimmy2.ch\/worldpress\/wp-content\/uploads\/2023\/04\/69D961D3-C4FB-49FB-8766-867C2FCCB499-1024x768.jpeg 1024w, https:\/\/www.jimmy2.ch\/worldpress\/wp-content\/uploads\/2023\/04\/69D961D3-C4FB-49FB-8766-867C2FCCB499-300x225.jpeg 300w, https:\/\/www.jimmy2.ch\/worldpress\/wp-content\/uploads\/2023\/04\/69D961D3-C4FB-49FB-8766-867C2FCCB499-768x576.jpeg 768w, https:\/\/www.jimmy2.ch\/worldpress\/wp-content\/uploads\/2023\/04\/69D961D3-C4FB-49FB-8766-867C2FCCB499-1536x1152.jpeg 1536w, https:\/\/www.jimmy2.ch\/worldpress\/wp-content\/uploads\/2023\/04\/69D961D3-C4FB-49FB-8766-867C2FCCB499-2048x1536.jpeg 2048w\" sizes=\"auto, (max-width: 1024px) 100vw, 1024px\" \/><\/figure>\n\n\n\n<p>Viel ist nicht los. Es ist Montag und viele Gesch\u00e4fte sind geschlossen. <\/p>\n\n\n\n<figure class=\"wp-block-image size-large\"><img loading=\"lazy\" decoding=\"async\" width=\"1024\" height=\"768\" src=\"https:\/\/www.jimmy2.ch\/worldpress\/wp-content\/uploads\/2023\/04\/5C20A1CD-287C-4713-8FB1-DDD81C92CBC0-1024x768.jpeg\" alt=\"\" class=\"wp-image-20846\" srcset=\"https:\/\/www.jimmy2.ch\/worldpress\/wp-content\/uploads\/2023\/04\/5C20A1CD-287C-4713-8FB1-DDD81C92CBC0-1024x768.jpeg 1024w, https:\/\/www.jimmy2.ch\/worldpress\/wp-content\/uploads\/2023\/04\/5C20A1CD-287C-4713-8FB1-DDD81C92CBC0-300x225.jpeg 300w, https:\/\/www.jimmy2.ch\/worldpress\/wp-content\/uploads\/2023\/04\/5C20A1CD-287C-4713-8FB1-DDD81C92CBC0-768x576.jpeg 768w, https:\/\/www.jimmy2.ch\/worldpress\/wp-content\/uploads\/2023\/04\/5C20A1CD-287C-4713-8FB1-DDD81C92CBC0-1536x1152.jpeg 1536w, https:\/\/www.jimmy2.ch\/worldpress\/wp-content\/uploads\/2023\/04\/5C20A1CD-287C-4713-8FB1-DDD81C92CBC0-2048x1536.jpeg 2048w\" sizes=\"auto, (max-width: 1024px) 100vw, 1024px\" \/><\/figure>\n\n\n\n<p>Die Katze geniesst die W\u00e4rme hinter der Scheibe<\/p>\n\n\n\n<p>Ein Gesch\u00e4ft zum Einkaufen finden wir leider nicht. B\u00e4ckereien hat es einige und so geht es mit Brot und Kuchen zur\u00fcck zum Wohnmobil.<br><br><br><\/p>\n","protected":false},"excerpt":{"rendered":"<p>#logbuchjimmy2ch Tag 563Beauchastel &#8211; Seyssel F 184 km4 1\/2 Stunden unterwegs mit Fr\u00fchst\u00fcckenAire de Camping-Car Seyssel von Camping-Car-Park12 Euro inkl. allem, WLAM seeeehr langsam, V+E ausserhalb des Platzes aber nur mit Karte oder Code benutzbar 45.95115, 5.83346 260 M\u00fcM Montag, &hellip; <a href=\"https:\/\/www.jimmy2.ch\/worldpress\/2023\/04\/24\/beauchastel-seyssel-f\/\">Continue reading <span class=\"meta-nav\">&rarr;<\/span><\/a><\/p>\n","protected":false},"author":1,"featured_media":0,"comment_status":"open","ping_status":"open","sticky":false,"template":"","format":"standard","meta":{"footnotes":""},"categories":[69],"tags":[1174,1178,94,767,768,1176,1177,770],"class_list":["post-20821","post","type-post","status-publish","format-standard","hentry","category-frankreich","tag-beauchastel","tag-camping-car-park","tag-frankreich","tag-leben-im-wohnmobil","tag-reisen-im-wohnmobil","tag-rhone-2","tag-seyssel","tag-wohnen-im-wohnmobil"],"_links":{"self":[{"href":"https:\/\/www.jimmy2.ch\/worldpress\/wp-json\/wp\/v2\/posts\/20821","targetHints":{"allow":["GET"]}}],"collection":[{"href":"https:\/\/www.jimmy2.ch\/worldpress\/wp-json\/wp\/v2\/posts"}],"about":[{"href":"https:\/\/www.jimmy2.ch\/worldpress\/wp-json\/wp\/v2\/types\/post"}],"author":[{"embeddable":true,"href":"https:\/\/www.jimmy2.ch\/worldpress\/wp-json\/wp\/v2\/users\/1"}],"replies":[{"embeddable":true,"href":"https:\/\/www.jimmy2.ch\/worldpress\/wp-json\/wp\/v2\/comments?post=20821"}],"version-history":[{"count":3,"href":"https:\/\/www.jimmy2.ch\/worldpress\/wp-json\/wp\/v2\/posts\/20821\/revisions"}],"predecessor-version":[{"id":20849,"href":"https:\/\/www.jimmy2.ch\/worldpress\/wp-json\/wp\/v2\/posts\/20821\/revisions\/20849"}],"wp:attachment":[{"href":"https:\/\/www.jimmy2.ch\/worldpress\/wp-json\/wp\/v2\/media?parent=20821"}],"wp:term":[{"taxonomy":"category","embeddable":true,"href":"https:\/\/www.jimmy2.ch\/worldpress\/wp-json\/wp\/v2\/categories?post=20821"},{"taxonomy":"post_tag","embeddable":true,"href":"https:\/\/www.jimmy2.ch\/worldpress\/wp-json\/wp\/v2\/tags?post=20821"}],"curies":[{"name":"wp","href":"https:\/\/api.w.org\/{rel}","templated":true}]}}