{"id":2018,"date":"2016-09-10T22:15:17","date_gmt":"2016-09-10T21:15:17","guid":{"rendered":"http:\/\/www.jimmy2.ch\/worldpress\/?p=2018"},"modified":"2017-12-10T19:19:49","modified_gmt":"2017-12-10T18:19:49","slug":"manerba-bruettisellen","status":"publish","type":"post","link":"https:\/\/www.jimmy2.ch\/worldpress\/2016\/09\/10\/manerba-bruettisellen\/","title":{"rendered":"Manerba &#8211; Br\u00fcttisellen"},"content":{"rendered":"<p><strong>Samstag 10. September 2016<\/strong><\/p>\n<p>Manerba di Garda &#8211; Br\u00fcttisellen\u00a0\u00a0 453 km etwas mehr als 5 Stunden<br \/>\nwieder sonnig und warm<\/p>\n<p>Wir schlafen nochmal aus. W\u00e4hrend Christa mit Jimmy spazieren geht, mache ich noch einen letzten Schwumm im herrlich warmen Wasser des Gardasee&#8217;s.<\/p>\n<p><img loading=\"lazy\" decoding=\"async\" class=\"aligncenter size-medium wp-image-1985\" src=\"https:\/\/www.jimmy2.ch\/worldpress\/wp-content\/uploads\/2017\/12\/IMG_5770-300x225.jpg\" alt=\"\" width=\"300\" height=\"225\" srcset=\"https:\/\/www.jimmy2.ch\/worldpress\/wp-content\/uploads\/2017\/12\/IMG_5770-300x225.jpg 300w, https:\/\/www.jimmy2.ch\/worldpress\/wp-content\/uploads\/2017\/12\/IMG_5770-768x576.jpg 768w, https:\/\/www.jimmy2.ch\/worldpress\/wp-content\/uploads\/2017\/12\/IMG_5770-1024x768.jpg 1024w, https:\/\/www.jimmy2.ch\/worldpress\/wp-content\/uploads\/2017\/12\/IMG_5770.jpg 1600w\" sizes=\"auto, (max-width: 300px) 100vw, 300px\" \/><\/p>\n<p>Dann heisst es alles zusammenpacken und das Wohnmobil reisefertig machen. Gegen ein Uhr verlassen wir den sch\u00f6nen <a href=\"http:\/\/www.campingrioferiengluck.com\/de\/\" target=\"_blank\" rel=\"noopener\">Campingplatz Rio Feriengl\u00fcck<\/a> und machen uns auf den Heimweg. F\u00fcr die 3 N\u00e4chte hier bezahlen wir Euro 78.00 alles inklusive. Wobei die Sanit\u00e4ranlagen nicht mehr den neusten Stand aufweisen &#8211; von uns jedoch auch nicht benutzt wurden.<\/p>\n<p>Vor der Auffahrt auf die Autobahn noch Diesel tanken. Das ist immer so eine Sache hier am Gardasee. Die meisten Tankstellen nehmen keine KreditKarten. Und mit Noten habe ich es nicht so.<\/p>\n<p>Wir kommen z\u00fcgig voran. Bis zum Gotthard S\u00fcdportal. Hier erwartet uns der obligate Stau.<\/p>\n<p><img loading=\"lazy\" decoding=\"async\" class=\"aligncenter size-medium wp-image-1990\" src=\"https:\/\/www.jimmy2.ch\/worldpress\/wp-content\/uploads\/2017\/12\/IMG_5789-e1512834593602-225x300.jpg\" alt=\"\" width=\"225\" height=\"300\" srcset=\"https:\/\/www.jimmy2.ch\/worldpress\/wp-content\/uploads\/2017\/12\/IMG_5789-e1512834593602-225x300.jpg 225w, https:\/\/www.jimmy2.ch\/worldpress\/wp-content\/uploads\/2017\/12\/IMG_5789-e1512834593602-768x1024.jpg 768w\" sizes=\"auto, (max-width: 225px) 100vw, 225px\" \/><\/p>\n<p>Kurz nach 20 Uhr treffen wir in Br\u00fcttisellen ein. K\u00fchlschrank leeren, Schmutzw\u00e4sche ausladen und sonst noch ein paar Kleinigkeiten. Der Rest kann warten bis morgen Sonntag.<\/p>\n<p>&nbsp;<\/p>\n<p>Es waren wunderbare Ferien bei herrliche sonnigem und warmem Wetter. Leider habe ich keine Aufzeichnungen und nur wenige Fotos gemacht, so dass die Berichte die ich aus der Erinnerung schreibe etwas d\u00fcrftig sind.<\/p>\n<p>&nbsp;<\/p>\n","protected":false},"excerpt":{"rendered":"<p>Samstag 10. September 2016 Manerba di Garda &#8211; Br\u00fcttisellen\u00a0\u00a0 453 km etwas mehr als 5 Stunden wieder sonnig und warm Wir schlafen nochmal aus. W\u00e4hrend Christa mit Jimmy spazieren geht, mache ich noch einen letzten Schwumm im herrlich warmen Wasser &hellip; <a href=\"https:\/\/www.jimmy2.ch\/worldpress\/2016\/09\/10\/manerba-bruettisellen\/\">Continue reading <span class=\"meta-nav\">&rarr;<\/span><\/a><\/p>\n","protected":false},"author":1,"featured_media":0,"comment_status":"open","ping_status":"open","sticky":false,"template":"","format":"standard","meta":{"footnotes":""},"categories":[64,72],"tags":[156,60,158,56,96,163,113],"class_list":["post-2018","post","type-post","status-publish","format-standard","hentry","category-italien","category-schweiz","tag-baden","tag-bruettisellen","tag-camping-rio-ferienglueck-manerba","tag-gardasee","tag-italien","tag-schwez","tag-sonne"],"_links":{"self":[{"href":"https:\/\/www.jimmy2.ch\/worldpress\/wp-json\/wp\/v2\/posts\/2018","targetHints":{"allow":["GET"]}}],"collection":[{"href":"https:\/\/www.jimmy2.ch\/worldpress\/wp-json\/wp\/v2\/posts"}],"about":[{"href":"https:\/\/www.jimmy2.ch\/worldpress\/wp-json\/wp\/v2\/types\/post"}],"author":[{"embeddable":true,"href":"https:\/\/www.jimmy2.ch\/worldpress\/wp-json\/wp\/v2\/users\/1"}],"replies":[{"embeddable":true,"href":"https:\/\/www.jimmy2.ch\/worldpress\/wp-json\/wp\/v2\/comments?post=2018"}],"version-history":[{"count":2,"href":"https:\/\/www.jimmy2.ch\/worldpress\/wp-json\/wp\/v2\/posts\/2018\/revisions"}],"predecessor-version":[{"id":2032,"href":"https:\/\/www.jimmy2.ch\/worldpress\/wp-json\/wp\/v2\/posts\/2018\/revisions\/2032"}],"wp:attachment":[{"href":"https:\/\/www.jimmy2.ch\/worldpress\/wp-json\/wp\/v2\/media?parent=2018"}],"wp:term":[{"taxonomy":"category","embeddable":true,"href":"https:\/\/www.jimmy2.ch\/worldpress\/wp-json\/wp\/v2\/categories?post=2018"},{"taxonomy":"post_tag","embeddable":true,"href":"https:\/\/www.jimmy2.ch\/worldpress\/wp-json\/wp\/v2\/tags?post=2018"}],"curies":[{"name":"wp","href":"https:\/\/api.w.org\/{rel}","templated":true}]}}