{"id":2013,"date":"2016-09-09T22:09:18","date_gmt":"2016-09-09T21:09:18","guid":{"rendered":"http:\/\/www.jimmy2.ch\/worldpress\/?p=2013"},"modified":"2017-12-10T19:14:59","modified_gmt":"2017-12-10T18:14:59","slug":"camping-rio-ferienglueck-manerba-tag-3","status":"publish","type":"post","link":"https:\/\/www.jimmy2.ch\/worldpress\/2016\/09\/09\/camping-rio-ferienglueck-manerba-tag-3\/","title":{"rendered":"Camping Rio Feriengl\u00fcck Manerba  Tag 3"},"content":{"rendered":"<p><strong>Freitag 9. September 2016<\/strong><\/p>\n<p>Camping Rio Feriengl\u00fcck Manerba<br \/>\nsonnig und warm<\/p>\n<p>Heute machen wir mit dem Roller einen kleinen Ausflug. Wir wollen auf den <a href=\"https:\/\/www.google.ch\/maps\/place\/25080+Manerba+del+Garda,+Brescia,+Italien\/@45.5568395,10.5692872,761m\/data=!3m1!1e3!4m5!3m4!1s0x478192189a91b6f3:0xc02444208fdd5a51!8m2!3d45.5562007!4d10.5753588\" target=\"_blank\" rel=\"noopener\">Rocca di Manerba<\/a>. Eine kleine Erh\u00f6hung die sich links vom Campingplatz befindet. Ein erstes St\u00fcck k\u00f6nnen wir mit dem Roller fahren. Dann geht es zu Fuss weiter. Oben auf dem <a href=\"https:\/\/www.gardasee.de\/ausflugsziele\/rocca-di-manerba\" target=\"_blank\" rel=\"noopener\">Rocca die Manerba<\/a> angelangt haben wir eine herrliche Ausicht. Hier oben hat es eine Ruine.<\/p>\n<p><img loading=\"lazy\" decoding=\"async\" class=\"aligncenter size-medium wp-image-1984\" src=\"https:\/\/www.jimmy2.ch\/worldpress\/wp-content\/uploads\/2017\/12\/IMG_5760-300x169.jpg\" alt=\"\" width=\"300\" height=\"169\" srcset=\"https:\/\/www.jimmy2.ch\/worldpress\/wp-content\/uploads\/2017\/12\/IMG_5760-300x169.jpg 300w, https:\/\/www.jimmy2.ch\/worldpress\/wp-content\/uploads\/2017\/12\/IMG_5760-768x432.jpg 768w, https:\/\/www.jimmy2.ch\/worldpress\/wp-content\/uploads\/2017\/12\/IMG_5760-1024x576.jpg 1024w, https:\/\/www.jimmy2.ch\/worldpress\/wp-content\/uploads\/2017\/12\/IMG_5760.jpg 1600w\" sizes=\"auto, (max-width: 300px) 100vw, 300px\" \/><\/p>\n<p><img loading=\"lazy\" decoding=\"async\" class=\"aligncenter size-medium wp-image-1988\" src=\"https:\/\/www.jimmy2.ch\/worldpress\/wp-content\/uploads\/2017\/12\/IMG_5786-300x225.jpg\" alt=\"\" width=\"300\" height=\"225\" srcset=\"https:\/\/www.jimmy2.ch\/worldpress\/wp-content\/uploads\/2017\/12\/IMG_5786-300x225.jpg 300w, https:\/\/www.jimmy2.ch\/worldpress\/wp-content\/uploads\/2017\/12\/IMG_5786-768x576.jpg 768w, https:\/\/www.jimmy2.ch\/worldpress\/wp-content\/uploads\/2017\/12\/IMG_5786-1024x768.jpg 1024w, https:\/\/www.jimmy2.ch\/worldpress\/wp-content\/uploads\/2017\/12\/IMG_5786.jpg 1600w\" sizes=\"auto, (max-width: 300px) 100vw, 300px\" \/><\/p>\n<p>Auf der Ruine hat es ein Kreuz. Da m\u00f6chte Christa hinauf. Ich bin noch etwas weiter unten am Schauen. Als auch ich ganz oben ankomme, hat Christa die Bekanntschaft mit einem Ehepaar gemacht. Elke und Markus. Die beiden kommen aus Deutschland genauer aus Bonn. Elke ist in Judenburg \/ \u00d6sterreich gebohren und aufgewachesen. Das liegt ganz in der N\u00e4he wo auch Christa aufgewachsen ist. Und so kommen wir ins Gespr\u00e4ch mit den beiden. Sie wollen uns auf dem Campinglatz besuchen kommen. Wir erkl\u00e4ren Ihnen wie sie uns finden k\u00f6nnen. Dann geht wieder jeder seines Weges.<\/p>\n<p>Wir fahren noch nach Montinelle. Wegen dem w\u00f6chentlichen Markt ist alles abgesperrt. Christa m\u00f6chte nat\u00fcrlich Marktluft schnuppern. Also Roller parkieren und rein ins Gew\u00fchl. Dann finden wir noch M\u00f6glichkeit etwas zu essen und schon geht es wieder zur\u00fcck.<\/p>\n<p>Gegen Abend kommen Elke und Markus uns besuchen. Trotz unseren d\u00fcrftigen Angaben haben sie unseren Platz gefunden. Es kommt zu einem gem\u00fchtlichen Beisammensitzen. Elke zeigt uns wie man einen richtigen Ap\u00e9rol Spritz macht. Christa und Elke tauschen Ihre Adressen aus und schon ist Zeit zum Abschied nehmen.<\/p>\n<p>F\u00fcr uns ist jetzt grobes Zusammenpacken angesagt. Morgen geht es zur\u00fcck in die Heimat. Unser Urlaub n\u00e4hert sich dem Ende entgegen.<\/p>\n<p>&nbsp;<\/p>\n<p>&nbsp;<\/p>\n","protected":false},"excerpt":{"rendered":"<p>Freitag 9. September 2016 Camping Rio Feriengl\u00fcck Manerba sonnig und warm Heute machen wir mit dem Roller einen kleinen Ausflug. Wir wollen auf den Rocca di Manerba. Eine kleine Erh\u00f6hung die sich links vom Campingplatz befindet. Ein erstes St\u00fcck k\u00f6nnen &hellip; <a href=\"https:\/\/www.jimmy2.ch\/worldpress\/2016\/09\/09\/camping-rio-ferienglueck-manerba-tag-3\/\">Continue reading <span class=\"meta-nav\">&rarr;<\/span><\/a><\/p>\n","protected":false},"author":1,"featured_media":0,"comment_status":"open","ping_status":"open","sticky":false,"template":"","format":"standard","meta":{"footnotes":""},"categories":[64],"tags":[156,158,56,96,157,113],"class_list":["post-2013","post","type-post","status-publish","format-standard","hentry","category-italien","tag-baden","tag-camping-rio-ferienglueck-manerba","tag-gardasee","tag-italien","tag-roller-fahren","tag-sonne"],"_links":{"self":[{"href":"https:\/\/www.jimmy2.ch\/worldpress\/wp-json\/wp\/v2\/posts\/2013","targetHints":{"allow":["GET"]}}],"collection":[{"href":"https:\/\/www.jimmy2.ch\/worldpress\/wp-json\/wp\/v2\/posts"}],"about":[{"href":"https:\/\/www.jimmy2.ch\/worldpress\/wp-json\/wp\/v2\/types\/post"}],"author":[{"embeddable":true,"href":"https:\/\/www.jimmy2.ch\/worldpress\/wp-json\/wp\/v2\/users\/1"}],"replies":[{"embeddable":true,"href":"https:\/\/www.jimmy2.ch\/worldpress\/wp-json\/wp\/v2\/comments?post=2013"}],"version-history":[{"count":3,"href":"https:\/\/www.jimmy2.ch\/worldpress\/wp-json\/wp\/v2\/posts\/2013\/revisions"}],"predecessor-version":[{"id":2031,"href":"https:\/\/www.jimmy2.ch\/worldpress\/wp-json\/wp\/v2\/posts\/2013\/revisions\/2031"}],"wp:attachment":[{"href":"https:\/\/www.jimmy2.ch\/worldpress\/wp-json\/wp\/v2\/media?parent=2013"}],"wp:term":[{"taxonomy":"category","embeddable":true,"href":"https:\/\/www.jimmy2.ch\/worldpress\/wp-json\/wp\/v2\/categories?post=2013"},{"taxonomy":"post_tag","embeddable":true,"href":"https:\/\/www.jimmy2.ch\/worldpress\/wp-json\/wp\/v2\/tags?post=2013"}],"curies":[{"name":"wp","href":"https:\/\/api.w.org\/{rel}","templated":true}]}}