{"id":2003,"date":"2016-09-05T21:54:06","date_gmt":"2016-09-05T20:54:06","guid":{"rendered":"http:\/\/www.jimmy2.ch\/worldpress\/?p=2003"},"modified":"2017-12-10T18:56:22","modified_gmt":"2017-12-10T17:56:22","slug":"gardasee-tag-4","status":"publish","type":"post","link":"https:\/\/www.jimmy2.ch\/worldpress\/2016\/09\/05\/gardasee-tag-4\/","title":{"rendered":"Gardasee Tag 4"},"content":{"rendered":"<p><strong>Montag 5. September 2016<\/strong><\/p>\n<p>Stellplatz La Spiaggia Desenzano<\/p>\n<p><img loading=\"lazy\" decoding=\"async\" class=\"aligncenter size-medium wp-image-1977\" src=\"https:\/\/www.jimmy2.ch\/worldpress\/wp-content\/uploads\/2017\/12\/IMG_5747-300x225.jpg\" alt=\"\" width=\"300\" height=\"225\" srcset=\"https:\/\/www.jimmy2.ch\/worldpress\/wp-content\/uploads\/2017\/12\/IMG_5747-300x225.jpg 300w, https:\/\/www.jimmy2.ch\/worldpress\/wp-content\/uploads\/2017\/12\/IMG_5747-768x576.jpg 768w, https:\/\/www.jimmy2.ch\/worldpress\/wp-content\/uploads\/2017\/12\/IMG_5747-1024x768.jpg 1024w\" sizes=\"auto, (max-width: 300px) 100vw, 300px\" \/><\/p>\n<p>Heute Vormittag machen wir mit dem Roller einen Ausflug nach Salo. Auf dem R\u00fcckweg fahren wir immer wieder von der Hauptstrasse weg an den See runter und schauen was f\u00fcr Campingpl\u00e4tze hier sind.<\/p>\n<p>So kommen wir nach <a href=\"https:\/\/www.google.ch\/maps\/place\/Camping+Rio+Feriengl%C3%BCck\/@45.5672445,10.5600245,14.5z\/data=!4m5!3m4!1s0x47819217cc0db3ff:0x418fe5f0e5ec3e64!8m2!3d45.5623175!4d10.5586818\" target=\"_blank\" rel=\"noopener\">Manerba di Garda zum Camping Rio Feriengl\u00fcck<\/a>.<\/p>\n<p>Hier gef\u00e4llt es Christa. Nun hat sie genug vom Stellplatz-Leben und m\u00f6chte hier hin. Wir fragen an der Reception ob noch freie Pl\u00e4tze vorhanden sind. Es sind genug vorhanden. Und so werden wir einen Umzug ins Auge fassen.<\/p>\n<p>&nbsp;<\/p>\n","protected":false},"excerpt":{"rendered":"<p>Montag 5. September 2016 Stellplatz La Spiaggia Desenzano Heute Vormittag machen wir mit dem Roller einen Ausflug nach Salo. Auf dem R\u00fcckweg fahren wir immer wieder von der Hauptstrasse weg an den See runter und schauen was f\u00fcr Campingpl\u00e4tze hier &hellip; <a href=\"https:\/\/www.jimmy2.ch\/worldpress\/2016\/09\/05\/gardasee-tag-4\/\">Continue reading <span class=\"meta-nav\">&rarr;<\/span><\/a><\/p>\n","protected":false},"author":1,"featured_media":0,"comment_status":"open","ping_status":"open","sticky":false,"template":"","format":"standard","meta":{"footnotes":""},"categories":[64],"tags":[156,56,154,96,157,113,155],"class_list":["post-2003","post","type-post","status-publish","format-standard","hentry","category-italien","tag-baden","tag-gardasee","tag-heiss","tag-italien","tag-roller-fahren","tag-sonne","tag-stellplatz-la-spiaggia-desenzano"],"_links":{"self":[{"href":"https:\/\/www.jimmy2.ch\/worldpress\/wp-json\/wp\/v2\/posts\/2003","targetHints":{"allow":["GET"]}}],"collection":[{"href":"https:\/\/www.jimmy2.ch\/worldpress\/wp-json\/wp\/v2\/posts"}],"about":[{"href":"https:\/\/www.jimmy2.ch\/worldpress\/wp-json\/wp\/v2\/types\/post"}],"author":[{"embeddable":true,"href":"https:\/\/www.jimmy2.ch\/worldpress\/wp-json\/wp\/v2\/users\/1"}],"replies":[{"embeddable":true,"href":"https:\/\/www.jimmy2.ch\/worldpress\/wp-json\/wp\/v2\/comments?post=2003"}],"version-history":[{"count":2,"href":"https:\/\/www.jimmy2.ch\/worldpress\/wp-json\/wp\/v2\/posts\/2003\/revisions"}],"predecessor-version":[{"id":2025,"href":"https:\/\/www.jimmy2.ch\/worldpress\/wp-json\/wp\/v2\/posts\/2003\/revisions\/2025"}],"wp:attachment":[{"href":"https:\/\/www.jimmy2.ch\/worldpress\/wp-json\/wp\/v2\/media?parent=2003"}],"wp:term":[{"taxonomy":"category","embeddable":true,"href":"https:\/\/www.jimmy2.ch\/worldpress\/wp-json\/wp\/v2\/categories?post=2003"},{"taxonomy":"post_tag","embeddable":true,"href":"https:\/\/www.jimmy2.ch\/worldpress\/wp-json\/wp\/v2\/tags?post=2003"}],"curies":[{"name":"wp","href":"https:\/\/api.w.org\/{rel}","templated":true}]}}