{"id":1995,"date":"2016-09-01T22:11:56","date_gmt":"2016-09-01T21:11:56","guid":{"rendered":"http:\/\/www.jimmy2.ch\/worldpress\/?p=1995"},"modified":"2017-12-10T14:17:45","modified_gmt":"2017-12-10T13:17:45","slug":"gardasee-2","status":"publish","type":"post","link":"https:\/\/www.jimmy2.ch\/worldpress\/2016\/09\/01\/gardasee-2\/","title":{"rendered":"Gardasee"},"content":{"rendered":"<p><strong>Donnerstag 1. September 2016<\/strong><\/p>\n<p>Agno &#8211; Desenzano \u00a0 193 km\u00a0 2 1\/2 Std.<br \/>\n<a href=\"https:\/\/www.campercontact.com\/de\/italien\/lombardia-bg-bs-co-cr-lc-lo-mb-mi-mn-pv-so-va\/desenzano-del-garda\/14848\/wohnmobilstellplatz-la-spaiggia.aspx\" target=\"_blank\" rel=\"noopener\">Stellplatz La Spaiggia bei Desenzano<\/a><\/p>\n<p>Wir verlassen den Campinplatz gegen neun Uhr. Wir haben sch\u00f6nes Wetter. Die Sonne scheint. Wir kommen z\u00fcgig voran und treffen bereits kurz vor zw\u00f6lf Uhr auf den <a href=\"https:\/\/www.google.ch\/maps\/place\/Area+Sosta+Camper+La+Spiaggia,+Via+Vo',+19,+25015+Desenzano+del+Garda+BS,+Italien\/@45.4884366,10.5239415,14.75z\/data=!4m5!3m4!1s0x47819404f49b3d6b:0xf3ad0f535e8862bf!8m2!3d45.4870347!4d10.521253\" target=\"_blank\" rel=\"noopener\">Stellplatz La Spiaggia am Lido di Lonato bei Desenzano<\/a> ein.<\/p>\n<p>Wir haben Gl\u00fcck und bekommen einen Platz mit einer wunderbaren Aussicht.<\/p>\n<p><img loading=\"lazy\" decoding=\"async\" class=\"aligncenter size-medium wp-image-1974\" src=\"https:\/\/www.jimmy2.ch\/worldpress\/wp-content\/uploads\/2017\/12\/IMG_5730-300x225.jpg\" alt=\"\" width=\"300\" height=\"225\" srcset=\"https:\/\/www.jimmy2.ch\/worldpress\/wp-content\/uploads\/2017\/12\/IMG_5730-300x225.jpg 300w, https:\/\/www.jimmy2.ch\/worldpress\/wp-content\/uploads\/2017\/12\/IMG_5730-768x576.jpg 768w, https:\/\/www.jimmy2.ch\/worldpress\/wp-content\/uploads\/2017\/12\/IMG_5730-1024x768.jpg 1024w\" sizes=\"auto, (max-width: 300px) 100vw, 300px\" \/><\/p>\n<p>Vom Platzwart werden wir genaustens eingewiesen. Jedes Wohnmobil hat gleich viel Platz zur Verf\u00fcgung. Wir richten uns ein.<\/p>\n<p><img loading=\"lazy\" decoding=\"async\" class=\"aligncenter size-medium wp-image-1975\" src=\"https:\/\/www.jimmy2.ch\/worldpress\/wp-content\/uploads\/2017\/12\/IMG_5745-300x225.jpg\" alt=\"\" width=\"300\" height=\"225\" srcset=\"https:\/\/www.jimmy2.ch\/worldpress\/wp-content\/uploads\/2017\/12\/IMG_5745-300x225.jpg 300w, https:\/\/www.jimmy2.ch\/worldpress\/wp-content\/uploads\/2017\/12\/IMG_5745-768x576.jpg 768w, https:\/\/www.jimmy2.ch\/worldpress\/wp-content\/uploads\/2017\/12\/IMG_5745-1024x768.jpg 1024w\" sizes=\"auto, (max-width: 300px) 100vw, 300px\" \/><\/p>\n<p><img loading=\"lazy\" decoding=\"async\" class=\"aligncenter size-medium wp-image-1976\" src=\"https:\/\/www.jimmy2.ch\/worldpress\/wp-content\/uploads\/2017\/12\/IMG_5746-300x225.jpg\" alt=\"\" width=\"300\" height=\"225\" srcset=\"https:\/\/www.jimmy2.ch\/worldpress\/wp-content\/uploads\/2017\/12\/IMG_5746-300x225.jpg 300w, https:\/\/www.jimmy2.ch\/worldpress\/wp-content\/uploads\/2017\/12\/IMG_5746-768x576.jpg 768w, https:\/\/www.jimmy2.ch\/worldpress\/wp-content\/uploads\/2017\/12\/IMG_5746-1024x768.jpg 1024w\" sizes=\"auto, (max-width: 300px) 100vw, 300px\" \/><\/p>\n<p>Nach dem Mittagessen geniessen wir ein erstes Bad im Lago di Garda. Auch Jimmy kommt mit an den Strand. Ins Wasser geht er aber nicht. Das Wasser ist herrlich. So stellen wir uns den Urlaub vor.<\/p>\n<p>&nbsp;<\/p>\n","protected":false},"excerpt":{"rendered":"<p>Donnerstag 1. September 2016 Agno &#8211; Desenzano \u00a0 193 km\u00a0 2 1\/2 Std. Stellplatz La Spaiggia bei Desenzano Wir verlassen den Campinplatz gegen neun Uhr. Wir haben sch\u00f6nes Wetter. Die Sonne scheint. Wir kommen z\u00fcgig voran und treffen bereits kurz &hellip; <a href=\"https:\/\/www.jimmy2.ch\/worldpress\/2016\/09\/01\/gardasee-2\/\">Continue reading <span class=\"meta-nav\">&rarr;<\/span><\/a><\/p>\n","protected":false},"author":1,"featured_media":0,"comment_status":"open","ping_status":"open","sticky":false,"template":"","format":"standard","meta":{"footnotes":""},"categories":[64],"tags":[156,56,154,96,113,155],"class_list":["post-1995","post","type-post","status-publish","format-standard","hentry","category-italien","tag-baden","tag-gardasee","tag-heiss","tag-italien","tag-sonne","tag-stellplatz-la-spiaggia-desenzano"],"_links":{"self":[{"href":"https:\/\/www.jimmy2.ch\/worldpress\/wp-json\/wp\/v2\/posts\/1995","targetHints":{"allow":["GET"]}}],"collection":[{"href":"https:\/\/www.jimmy2.ch\/worldpress\/wp-json\/wp\/v2\/posts"}],"about":[{"href":"https:\/\/www.jimmy2.ch\/worldpress\/wp-json\/wp\/v2\/types\/post"}],"author":[{"embeddable":true,"href":"https:\/\/www.jimmy2.ch\/worldpress\/wp-json\/wp\/v2\/users\/1"}],"replies":[{"embeddable":true,"href":"https:\/\/www.jimmy2.ch\/worldpress\/wp-json\/wp\/v2\/comments?post=1995"}],"version-history":[{"count":2,"href":"https:\/\/www.jimmy2.ch\/worldpress\/wp-json\/wp\/v2\/posts\/1995\/revisions"}],"predecessor-version":[{"id":2021,"href":"https:\/\/www.jimmy2.ch\/worldpress\/wp-json\/wp\/v2\/posts\/1995\/revisions\/2021"}],"wp:attachment":[{"href":"https:\/\/www.jimmy2.ch\/worldpress\/wp-json\/wp\/v2\/media?parent=1995"}],"wp:term":[{"taxonomy":"category","embeddable":true,"href":"https:\/\/www.jimmy2.ch\/worldpress\/wp-json\/wp\/v2\/categories?post=1995"},{"taxonomy":"post_tag","embeddable":true,"href":"https:\/\/www.jimmy2.ch\/worldpress\/wp-json\/wp\/v2\/tags?post=1995"}],"curies":[{"name":"wp","href":"https:\/\/api.w.org\/{rel}","templated":true}]}}