{"id":1951,"date":"2017-08-06T21:23:52","date_gmt":"2017-08-06T20:23:52","guid":{"rendered":"http:\/\/www.jimmy2.ch\/worldpress\/?p=1951"},"modified":"2017-12-07T07:52:51","modified_gmt":"2017-12-07T06:52:51","slug":"bad-saeckingen-bruettisellen","status":"publish","type":"post","link":"https:\/\/www.jimmy2.ch\/worldpress\/2017\/08\/06\/bad-saeckingen-bruettisellen\/","title":{"rendered":"Bad S\u00e4ckingen &#8211; Br\u00fcttisellen"},"content":{"rendered":"<p><strong>Sonntag 6. August 2017<\/strong><\/p>\n<p>Bad S\u00e4ckingen &#8211; Br\u00fcttisellen\u00a0\u00a0 65 km ca. 1 Stunde<br \/>\n<a href=\"http:\/\/www.bad-saeckingen-tourismus.de\/index.shtml?reisemobilstellplatz\" target=\"_blank\" rel=\"noopener\">Reisemobilstellplatz Bad S\u00e4ckingen<\/a><\/p>\n<p>In der Nacht regnet es einmal ganz kr\u00e4ftig. Als wir gegen acht Uhr zum Fenster hinaus schauen ist es bew\u00f6lkt. Wir fr\u00fchst\u00fccken und gehen mit Jimmy am Rhein spazieren.<\/p>\n<p>Danach machen wir das Wohnmobil f\u00fcr die Heimreise parat. Nach der Entsorgung verlassen wir gegen halb zw\u00f6lf <a href=\"http:\/\/www.bad-saeckingen-tourismus.de\/\" target=\"_blank\" rel=\"noopener\">Bad S\u00e4ckingen<\/a>.<\/p>\n<p>Nach einer guten Stunde fahrt kommen wir gesund und munter wieder in Br\u00fcttisellen an.<\/p>\n<p>&nbsp;<\/p>\n<p>Es war eine sch\u00f6ne Reise. Wir haben insgesamt 1&#8217;200 km zur\u00fcck gelegt.<br \/>\nLeider war das Wetter nicht optimal. Immer wieder hat es geregnet und der Himmel war vielfach bew\u00f6lkt. Die Temperaturen entsprechend eher verhalten.<\/p>\n<p>Wir bedanken uns nochmals ganz herzlich bei unseren Gastgebern Elke und Markus.<\/p>\n<p>&nbsp;<\/p>\n","protected":false},"excerpt":{"rendered":"<p>Sonntag 6. August 2017 Bad S\u00e4ckingen &#8211; Br\u00fcttisellen\u00a0\u00a0 65 km ca. 1 Stunde Reisemobilstellplatz Bad S\u00e4ckingen In der Nacht regnet es einmal ganz kr\u00e4ftig. Als wir gegen acht Uhr zum Fenster hinaus schauen ist es bew\u00f6lkt. Wir fr\u00fchst\u00fccken und gehen &hellip; <a href=\"https:\/\/www.jimmy2.ch\/worldpress\/2017\/08\/06\/bad-saeckingen-bruettisellen\/\">Continue reading <span class=\"meta-nav\">&rarr;<\/span><\/a><\/p>\n","protected":false},"author":1,"featured_media":0,"comment_status":"open","ping_status":"open","sticky":false,"template":"","format":"standard","meta":{"footnotes":""},"categories":[63,72],"tags":[53,117,60,66,73],"class_list":["post-1951","post","type-post","status-publish","format-standard","hentry","category-deutschland","category-schweiz","tag-bad-saeckingen","tag-bewoelkt","tag-bruettisellen","tag-deutschland","tag-schweiz"],"_links":{"self":[{"href":"https:\/\/www.jimmy2.ch\/worldpress\/wp-json\/wp\/v2\/posts\/1951","targetHints":{"allow":["GET"]}}],"collection":[{"href":"https:\/\/www.jimmy2.ch\/worldpress\/wp-json\/wp\/v2\/posts"}],"about":[{"href":"https:\/\/www.jimmy2.ch\/worldpress\/wp-json\/wp\/v2\/types\/post"}],"author":[{"embeddable":true,"href":"https:\/\/www.jimmy2.ch\/worldpress\/wp-json\/wp\/v2\/users\/1"}],"replies":[{"embeddable":true,"href":"https:\/\/www.jimmy2.ch\/worldpress\/wp-json\/wp\/v2\/comments?post=1951"}],"version-history":[{"count":4,"href":"https:\/\/www.jimmy2.ch\/worldpress\/wp-json\/wp\/v2\/posts\/1951\/revisions"}],"predecessor-version":[{"id":1970,"href":"https:\/\/www.jimmy2.ch\/worldpress\/wp-json\/wp\/v2\/posts\/1951\/revisions\/1970"}],"wp:attachment":[{"href":"https:\/\/www.jimmy2.ch\/worldpress\/wp-json\/wp\/v2\/media?parent=1951"}],"wp:term":[{"taxonomy":"category","embeddable":true,"href":"https:\/\/www.jimmy2.ch\/worldpress\/wp-json\/wp\/v2\/categories?post=1951"},{"taxonomy":"post_tag","embeddable":true,"href":"https:\/\/www.jimmy2.ch\/worldpress\/wp-json\/wp\/v2\/tags?post=1951"}],"curies":[{"name":"wp","href":"https:\/\/api.w.org\/{rel}","templated":true}]}}