{"id":190,"date":"2016-10-06T22:20:19","date_gmt":"2016-10-06T22:20:19","guid":{"rendered":"http:\/\/www.jimmy2.ch\/worldpress\/?p=190"},"modified":"2021-12-16T18:30:02","modified_gmt":"2021-12-16T16:30:02","slug":"peschiera-del-garda","status":"publish","type":"post","link":"https:\/\/www.jimmy2.ch\/worldpress\/2016\/10\/06\/peschiera-del-garda\/","title":{"rendered":"Peschiera del Garda Stellplatz"},"content":{"rendered":"<p><strong><u>Donnerstag<br \/>\n<\/u><\/strong><\/p>\n<p><a href=\"https:\/\/www.google.ch\/maps\/place\/37019+Peschiera+del+Garda,+Verona,+Italien\/@45.4516261,10.6598169,13.25z\/data=!4m5!3m4!1s0x4781ebd53405a0a1:0x46ae81121df51696!8m2!3d45.4396385!4d10.6865449\" target=\"_blank\" rel=\"noopener\">Peschiera del Garda \/ Stellplatz<\/a><\/p>\n<p>41&#8217;795 km<\/p>\n<p>Wetter sonnig und warm<\/p>\n<p>&nbsp;<\/p>\n<p>Um 8 Uhr scheinen schon die ersten Sonnenstrahlen in unser Wohnmobil. Ich fahre mit dem Rad in den nahen Lidl Br\u00f6tchen holen. Dann fr\u00fchst\u00fccken wir draussen. Um uns herum ist alles frei, so dass wir unseren Bettdecken wieder einmal etwas Sonne und frische Luft g\u00f6nnen.<\/p>\n<p><a href=\"https:\/\/www.jimmy2.ch\/worldpress\/wp-content\/uploads\/2016\/10\/IMG_2504.jpg\" rel=\"attachment wp-att-193\"><img loading=\"lazy\" decoding=\"async\" class=\"alignnone size-medium wp-image-193\" src=\"https:\/\/www.jimmy2.ch\/worldpress\/wp-content\/uploads\/2016\/10\/IMG_2504-300x225.jpg\" alt=\"IMG_2504\" width=\"300\" height=\"225\" srcset=\"https:\/\/www.jimmy2.ch\/worldpress\/wp-content\/uploads\/2016\/10\/IMG_2504-300x225.jpg 300w, https:\/\/www.jimmy2.ch\/worldpress\/wp-content\/uploads\/2016\/10\/IMG_2504-768x576.jpg 768w, https:\/\/www.jimmy2.ch\/worldpress\/wp-content\/uploads\/2016\/10\/IMG_2504-1024x768.jpg 1024w\" sizes=\"auto, (max-width: 300px) 100vw, 300px\" \/><\/a><\/p>\n<p><a href=\"https:\/\/www.jimmy2.ch\/worldpress\/wp-content\/uploads\/2016\/10\/IMG_2505.jpg\" rel=\"attachment wp-att-194\"><img loading=\"lazy\" decoding=\"async\" class=\"alignnone size-medium wp-image-194\" src=\"https:\/\/www.jimmy2.ch\/worldpress\/wp-content\/uploads\/2016\/10\/IMG_2505-300x225.jpg\" alt=\"IMG_2505\" width=\"300\" height=\"225\" srcset=\"https:\/\/www.jimmy2.ch\/worldpress\/wp-content\/uploads\/2016\/10\/IMG_2505-300x225.jpg 300w, https:\/\/www.jimmy2.ch\/worldpress\/wp-content\/uploads\/2016\/10\/IMG_2505-768x576.jpg 768w, https:\/\/www.jimmy2.ch\/worldpress\/wp-content\/uploads\/2016\/10\/IMG_2505-1024x768.jpg 1024w\" sizes=\"auto, (max-width: 300px) 100vw, 300px\" \/><\/a><\/p>\n<p><a href=\"https:\/\/www.jimmy2.ch\/worldpress\/wp-content\/uploads\/2016\/10\/IMG_2506.jpg\" rel=\"attachment wp-att-195\"><img loading=\"lazy\" decoding=\"async\" class=\"alignnone size-medium wp-image-195\" src=\"https:\/\/www.jimmy2.ch\/worldpress\/wp-content\/uploads\/2016\/10\/IMG_2506-300x225.jpg\" alt=\"IMG_2506\" width=\"300\" height=\"225\" srcset=\"https:\/\/www.jimmy2.ch\/worldpress\/wp-content\/uploads\/2016\/10\/IMG_2506-300x225.jpg 300w, https:\/\/www.jimmy2.ch\/worldpress\/wp-content\/uploads\/2016\/10\/IMG_2506-768x576.jpg 768w, https:\/\/www.jimmy2.ch\/worldpress\/wp-content\/uploads\/2016\/10\/IMG_2506-1024x768.jpg 1024w\" sizes=\"auto, (max-width: 300px) 100vw, 300px\" \/><\/a><\/p>\n<p>Anschliessend machen wir mit Jimmy einen Spaziergang ins und geniessen einen Spritz und Espresso an der Promenade. Christa findet noch einen Rucksack der Ihr gef\u00e4llt.<\/p>\n<p>Wieder zur\u00fcck machen wir eine kleine Radtour am Ufer des Lago di Garda entlang in Richtung Lazise. Es hat einen sch\u00f6nen Radweg und wir kommen bis zum Camping Lido.<\/p>\n<p><a href=\"https:\/\/www.jimmy2.ch\/worldpress\/wp-content\/uploads\/2016\/10\/IMG_2507.jpg\" rel=\"attachment wp-att-196\"><img loading=\"lazy\" decoding=\"async\" class=\"alignnone size-medium wp-image-196\" src=\"https:\/\/www.jimmy2.ch\/worldpress\/wp-content\/uploads\/2016\/10\/IMG_2507-300x225.jpg\" alt=\"IMG_2507\" width=\"300\" height=\"225\" srcset=\"https:\/\/www.jimmy2.ch\/worldpress\/wp-content\/uploads\/2016\/10\/IMG_2507-300x225.jpg 300w, https:\/\/www.jimmy2.ch\/worldpress\/wp-content\/uploads\/2016\/10\/IMG_2507-768x576.jpg 768w, https:\/\/www.jimmy2.ch\/worldpress\/wp-content\/uploads\/2016\/10\/IMG_2507-1024x768.jpg 1024w\" sizes=\"auto, (max-width: 300px) 100vw, 300px\" \/><\/a><\/p>\n<p>Dann geht es wieder zur\u00fcck. Viele Campingpl\u00e4tze entlang der Strecke haben bereits geschlossen. Diejenigen in der N\u00e4he von Peschiera del Garda haben noch offen und sind gut besucht. Leider finden wir kein Restaurant das uns passt, So landen wir wieder in Peschiera del Garda und essen im Cafe Arrivo Schnitzel Pommes. Dann geht es wieder zur\u00fcck auf den Stellplatz wo wir noch etwas draussen sitzen und eine kurze Siesta machen. Am Abend gibt es Gulasch mit Wienerli und auf SFR1 schauen wir die Dok-Sendungen.<\/p>\n<p>&nbsp;<\/p>\n","protected":false},"excerpt":{"rendered":"<p>Donnerstag Peschiera del Garda \/ Stellplatz 41&#8217;795 km Wetter sonnig und warm &nbsp; Um 8 Uhr scheinen schon die ersten Sonnenstrahlen in unser Wohnmobil. Ich fahre mit dem Rad in den nahen Lidl Br\u00f6tchen holen. Dann fr\u00fchst\u00fccken wir draussen. Um &hellip; <a href=\"https:\/\/www.jimmy2.ch\/worldpress\/2016\/10\/06\/peschiera-del-garda\/\">Continue reading <span class=\"meta-nav\">&rarr;<\/span><\/a><\/p>\n","protected":false},"author":1,"featured_media":0,"comment_status":"open","ping_status":"open","sticky":false,"template":"","format":"standard","meta":{"footnotes":""},"categories":[64],"tags":[],"class_list":["post-190","post","type-post","status-publish","format-standard","hentry","category-italien"],"_links":{"self":[{"href":"https:\/\/www.jimmy2.ch\/worldpress\/wp-json\/wp\/v2\/posts\/190","targetHints":{"allow":["GET"]}}],"collection":[{"href":"https:\/\/www.jimmy2.ch\/worldpress\/wp-json\/wp\/v2\/posts"}],"about":[{"href":"https:\/\/www.jimmy2.ch\/worldpress\/wp-json\/wp\/v2\/types\/post"}],"author":[{"embeddable":true,"href":"https:\/\/www.jimmy2.ch\/worldpress\/wp-json\/wp\/v2\/users\/1"}],"replies":[{"embeddable":true,"href":"https:\/\/www.jimmy2.ch\/worldpress\/wp-json\/wp\/v2\/comments?post=190"}],"version-history":[{"count":5,"href":"https:\/\/www.jimmy2.ch\/worldpress\/wp-json\/wp\/v2\/posts\/190\/revisions"}],"predecessor-version":[{"id":12371,"href":"https:\/\/www.jimmy2.ch\/worldpress\/wp-json\/wp\/v2\/posts\/190\/revisions\/12371"}],"wp:attachment":[{"href":"https:\/\/www.jimmy2.ch\/worldpress\/wp-json\/wp\/v2\/media?parent=190"}],"wp:term":[{"taxonomy":"category","embeddable":true,"href":"https:\/\/www.jimmy2.ch\/worldpress\/wp-json\/wp\/v2\/categories?post=190"},{"taxonomy":"post_tag","embeddable":true,"href":"https:\/\/www.jimmy2.ch\/worldpress\/wp-json\/wp\/v2\/tags?post=190"}],"curies":[{"name":"wp","href":"https:\/\/api.w.org\/{rel}","templated":true}]}}