{"id":16696,"date":"2022-06-12T21:33:00","date_gmt":"2022-06-12T19:33:00","guid":{"rendered":"http:\/\/www.jimmy2.ch\/worldpress\/?p=16696"},"modified":"2022-06-26T22:19:24","modified_gmt":"2022-06-26T20:19:24","slug":"haukeland-torpo-gol-n","status":"publish","type":"post","link":"https:\/\/www.jimmy2.ch\/worldpress\/2022\/06\/12\/haukeland-torpo-gol-n\/","title":{"rendered":"Haukeland &#8211; Torpo \/ Gol N"},"content":{"rendered":"\n<p>#logbuchjimmy2ch Tag 247<br><br>Sonntag, 12. Juni 2022 <br>Haukeland &#8211; Torpo \/ Gol N<br>272 km 7 Stunden unterwegs 1 Pause  <br>Rastplatz bei Torpo \u00fcber Park4Night <br>\u00fcber eine Br\u00fccke etwas abseits der Strasse aber direkt an der Bahnlinie  <br><a rel=\"noreferrer noopener\" href=\"https:\/\/www.google.ch\/maps\/place\/60%C2%B040'45.3%22N+8%C2%B049'39.4%22E\/@60.679906,8.815722,14.67z\/data=!4m5!3m4!1s0x0:0xe20b82e51e4d3525!8m2!3d60.679247!4d8.827621?hl=de\" target=\"_blank\">60.679247  8.827621 <\/a> 283 M\u00fcM <br><br>Um 6 Uhr regnet es Str\u00f6men. Ich hoffe, es h\u00f6rt auf bis wir Abreisen und die V+E machen m\u00fcssen.<br><br>Um 9 Uhr stehen wir auf. 11\u00b0C und bew\u00f6lkt. Heute fahren wir weiter. Wir k\u00f6nnen nicht ewig hier bleiben &#8211; k\u00f6nnen eigentlich schon, aber wollen nicht.<br><br>Mir geht es besser. Die Stimme kommt langsam wieder und die Nase l\u00e4uft nicht mehr so sehr. Das Dr\u00f6hnen im Kopf und der Husten sind noch da.<br><br>Um 11 Uhr verlassen wir den Camping Bratland und fahren auf der <a rel=\"noreferrer noopener\" href=\"https:\/\/www.google.ch\/maps\/place\/Visit+Voss\/@60.465008,5.4297022,9.21z\/data=!4m5!3m4!1s0x0:0xa278f6b9c25c1548!8m2!3d60.6290231!4d6.4113271?hl=de\" target=\"_blank\">E16 wieder zur\u00fcck nach Vossewangen<\/a>. Es wird etwas freundlicher, aber der Regen bleibt. <br><br>Ab hier fahren wir auf dem Hardangerwegen 13. \u00dcber ein Tunnelsystem mit Kreiseln kommen wir zur mautpflichtigen <a rel=\"noreferrer noopener\" href=\"https:\/\/www.google.ch\/maps\/place\/Hardanger+Br%C3%BCcke\/@60.585353,6.3801203,10.08z\/data=!4m5!3m4!1s0x463e7c69b13f58b5:0xea0b9e4d2174163d!8m2!3d60.4789953!4d6.8297226?hl=de\" target=\"_blank\">Hardangerbrua.<\/a>  Auf dieser \u00fcberqueren wir den Fjord. Auf der anderen Seite hat es einen Rastplatz. Hier machen wir eine Pause und einen Fotohalt. Zuerst warte ich aber, bis der Regen etwas nachl\u00e4sst.<\/p>\n\n\n\n<figure class=\"wp-block-image size-large\"><img loading=\"lazy\" decoding=\"async\" width=\"1024\" height=\"768\" src=\"https:\/\/www.jimmy2.ch\/worldpress\/wp-content\/uploads\/2022\/06\/IMG_8312-1024x768.jpg\" alt=\"\" class=\"wp-image-16698\" srcset=\"https:\/\/www.jimmy2.ch\/worldpress\/wp-content\/uploads\/2022\/06\/IMG_8312-1024x768.jpg 1024w, https:\/\/www.jimmy2.ch\/worldpress\/wp-content\/uploads\/2022\/06\/IMG_8312-300x225.jpg 300w, https:\/\/www.jimmy2.ch\/worldpress\/wp-content\/uploads\/2022\/06\/IMG_8312-768x576.jpg 768w, https:\/\/www.jimmy2.ch\/worldpress\/wp-content\/uploads\/2022\/06\/IMG_8312-1536x1152.jpg 1536w, https:\/\/www.jimmy2.ch\/worldpress\/wp-content\/uploads\/2022\/06\/IMG_8312-2048x1536.jpg 2048w\" sizes=\"auto, (max-width: 1024px) 100vw, 1024px\" \/><\/figure>\n\n\n\n<figure class=\"wp-block-image size-large\"><img loading=\"lazy\" decoding=\"async\" width=\"1024\" height=\"768\" src=\"https:\/\/www.jimmy2.ch\/worldpress\/wp-content\/uploads\/2022\/06\/IMG_8314-1024x768.jpg\" alt=\"\" class=\"wp-image-16699\" srcset=\"https:\/\/www.jimmy2.ch\/worldpress\/wp-content\/uploads\/2022\/06\/IMG_8314-1024x768.jpg 1024w, https:\/\/www.jimmy2.ch\/worldpress\/wp-content\/uploads\/2022\/06\/IMG_8314-300x225.jpg 300w, https:\/\/www.jimmy2.ch\/worldpress\/wp-content\/uploads\/2022\/06\/IMG_8314-768x576.jpg 768w, https:\/\/www.jimmy2.ch\/worldpress\/wp-content\/uploads\/2022\/06\/IMG_8314-1536x1152.jpg 1536w, https:\/\/www.jimmy2.ch\/worldpress\/wp-content\/uploads\/2022\/06\/IMG_8314-2048x1536.jpg 2048w\" sizes=\"auto, (max-width: 1024px) 100vw, 1024px\" \/><\/figure>\n\n\n\n<p>Ab hier fahren wir auf der 7 nach <a href=\"https:\/\/www.google.ch\/maps\/@60.4614474,6.9370201,12.13z?hl=de\" target=\"_blank\" rel=\"noreferrer noopener\">Eidfjord<\/a>. Hier beginnt die 67 km lange <a href=\"https:\/\/de.wikipedia.org\/wiki\/Hardangervidda\" target=\"_blank\" rel=\"noreferrer noopener\">Hardangervidda<\/a> welche uns bis auf 1&#8217;000 M\u00fcM f\u00fchrt. <\/p>\n\n\n\n<figure class=\"wp-block-image size-large\"><img loading=\"lazy\" decoding=\"async\" width=\"1024\" height=\"768\" src=\"https:\/\/www.jimmy2.ch\/worldpress\/wp-content\/uploads\/2022\/06\/IMG_8317-1024x768.jpg\" alt=\"\" class=\"wp-image-16700\" srcset=\"https:\/\/www.jimmy2.ch\/worldpress\/wp-content\/uploads\/2022\/06\/IMG_8317-1024x768.jpg 1024w, https:\/\/www.jimmy2.ch\/worldpress\/wp-content\/uploads\/2022\/06\/IMG_8317-300x225.jpg 300w, https:\/\/www.jimmy2.ch\/worldpress\/wp-content\/uploads\/2022\/06\/IMG_8317-768x576.jpg 768w, https:\/\/www.jimmy2.ch\/worldpress\/wp-content\/uploads\/2022\/06\/IMG_8317-1536x1152.jpg 1536w, https:\/\/www.jimmy2.ch\/worldpress\/wp-content\/uploads\/2022\/06\/IMG_8317-2048x1536.jpg 2048w\" sizes=\"auto, (max-width: 1024px) 100vw, 1024px\" \/><\/figure>\n\n\n\n<p>Also wieder in eine schneebedeckte Hochebene. <\/p>\n\n\n\n<figure class=\"wp-block-image size-large\"><img loading=\"lazy\" decoding=\"async\" width=\"1024\" height=\"768\" src=\"https:\/\/www.jimmy2.ch\/worldpress\/wp-content\/uploads\/2022\/06\/IMG_8322-1024x768.jpg\" alt=\"\" class=\"wp-image-16701\" srcset=\"https:\/\/www.jimmy2.ch\/worldpress\/wp-content\/uploads\/2022\/06\/IMG_8322-1024x768.jpg 1024w, https:\/\/www.jimmy2.ch\/worldpress\/wp-content\/uploads\/2022\/06\/IMG_8322-300x225.jpg 300w, https:\/\/www.jimmy2.ch\/worldpress\/wp-content\/uploads\/2022\/06\/IMG_8322-768x576.jpg 768w, https:\/\/www.jimmy2.ch\/worldpress\/wp-content\/uploads\/2022\/06\/IMG_8322-1536x1152.jpg 1536w, https:\/\/www.jimmy2.ch\/worldpress\/wp-content\/uploads\/2022\/06\/IMG_8322-2048x1536.jpg 2048w\" sizes=\"auto, (max-width: 1024px) 100vw, 1024px\" \/><\/figure>\n\n\n\n<figure class=\"wp-block-image size-large\"><img loading=\"lazy\" decoding=\"async\" width=\"1024\" height=\"768\" src=\"https:\/\/www.jimmy2.ch\/worldpress\/wp-content\/uploads\/2022\/06\/IMG_8324-1024x768.jpg\" alt=\"\" class=\"wp-image-16702\" srcset=\"https:\/\/www.jimmy2.ch\/worldpress\/wp-content\/uploads\/2022\/06\/IMG_8324-1024x768.jpg 1024w, https:\/\/www.jimmy2.ch\/worldpress\/wp-content\/uploads\/2022\/06\/IMG_8324-300x225.jpg 300w, https:\/\/www.jimmy2.ch\/worldpress\/wp-content\/uploads\/2022\/06\/IMG_8324-768x576.jpg 768w, https:\/\/www.jimmy2.ch\/worldpress\/wp-content\/uploads\/2022\/06\/IMG_8324-1536x1152.jpg 1536w, https:\/\/www.jimmy2.ch\/worldpress\/wp-content\/uploads\/2022\/06\/IMG_8324-2048x1536.jpg 2048w\" sizes=\"auto, (max-width: 1024px) 100vw, 1024px\" \/><\/figure>\n\n\n\n<figure class=\"wp-block-image size-large\"><img loading=\"lazy\" decoding=\"async\" width=\"1024\" height=\"768\" src=\"https:\/\/www.jimmy2.ch\/worldpress\/wp-content\/uploads\/2022\/06\/IMG_8325-1024x768.jpg\" alt=\"\" class=\"wp-image-16703\" srcset=\"https:\/\/www.jimmy2.ch\/worldpress\/wp-content\/uploads\/2022\/06\/IMG_8325-1024x768.jpg 1024w, https:\/\/www.jimmy2.ch\/worldpress\/wp-content\/uploads\/2022\/06\/IMG_8325-300x225.jpg 300w, https:\/\/www.jimmy2.ch\/worldpress\/wp-content\/uploads\/2022\/06\/IMG_8325-768x576.jpg 768w, https:\/\/www.jimmy2.ch\/worldpress\/wp-content\/uploads\/2022\/06\/IMG_8325-1536x1152.jpg 1536w, https:\/\/www.jimmy2.ch\/worldpress\/wp-content\/uploads\/2022\/06\/IMG_8325-2048x1536.jpg 2048w\" sizes=\"auto, (max-width: 1024px) 100vw, 1024px\" \/><\/figure>\n\n\n\n<figure class=\"wp-block-image size-large\"><img loading=\"lazy\" decoding=\"async\" width=\"1024\" height=\"768\" src=\"https:\/\/www.jimmy2.ch\/worldpress\/wp-content\/uploads\/2022\/06\/IMG_8326-1024x768.jpg\" alt=\"\" class=\"wp-image-16704\" srcset=\"https:\/\/www.jimmy2.ch\/worldpress\/wp-content\/uploads\/2022\/06\/IMG_8326-1024x768.jpg 1024w, https:\/\/www.jimmy2.ch\/worldpress\/wp-content\/uploads\/2022\/06\/IMG_8326-300x225.jpg 300w, https:\/\/www.jimmy2.ch\/worldpress\/wp-content\/uploads\/2022\/06\/IMG_8326-768x576.jpg 768w, https:\/\/www.jimmy2.ch\/worldpress\/wp-content\/uploads\/2022\/06\/IMG_8326-1536x1152.jpg 1536w, https:\/\/www.jimmy2.ch\/worldpress\/wp-content\/uploads\/2022\/06\/IMG_8326-2048x1536.jpg 2048w\" sizes=\"auto, (max-width: 1024px) 100vw, 1024px\" \/><\/figure>\n\n\n\n<figure class=\"wp-block-image size-large\"><img loading=\"lazy\" decoding=\"async\" width=\"1024\" height=\"768\" src=\"https:\/\/www.jimmy2.ch\/worldpress\/wp-content\/uploads\/2022\/06\/IMG_8328-1024x768.jpg\" alt=\"\" class=\"wp-image-16706\" srcset=\"https:\/\/www.jimmy2.ch\/worldpress\/wp-content\/uploads\/2022\/06\/IMG_8328-1024x768.jpg 1024w, https:\/\/www.jimmy2.ch\/worldpress\/wp-content\/uploads\/2022\/06\/IMG_8328-300x225.jpg 300w, https:\/\/www.jimmy2.ch\/worldpress\/wp-content\/uploads\/2022\/06\/IMG_8328-768x576.jpg 768w, https:\/\/www.jimmy2.ch\/worldpress\/wp-content\/uploads\/2022\/06\/IMG_8328-1536x1152.jpg 1536w, https:\/\/www.jimmy2.ch\/worldpress\/wp-content\/uploads\/2022\/06\/IMG_8328-2048x1536.jpg 2048w\" sizes=\"auto, (max-width: 1024px) 100vw, 1024px\" \/><\/figure>\n\n\n\n<p><a href=\"https:\/\/www.google.ch\/maps\/@60.4614474,6.9370201,12.13z?hl=de\" target=\"_blank\" rel=\"noreferrer noopener\">Hier machen wir einen letzten Fotohalt<\/a>.<\/p>\n\n\n\n<figure class=\"wp-block-image size-large\"><img loading=\"lazy\" decoding=\"async\" width=\"1024\" height=\"768\" src=\"https:\/\/www.jimmy2.ch\/worldpress\/wp-content\/uploads\/2022\/06\/IMG_8329-1024x768.jpg\" alt=\"\" class=\"wp-image-16707\" srcset=\"https:\/\/www.jimmy2.ch\/worldpress\/wp-content\/uploads\/2022\/06\/IMG_8329-1024x768.jpg 1024w, https:\/\/www.jimmy2.ch\/worldpress\/wp-content\/uploads\/2022\/06\/IMG_8329-300x225.jpg 300w, https:\/\/www.jimmy2.ch\/worldpress\/wp-content\/uploads\/2022\/06\/IMG_8329-768x576.jpg 768w, https:\/\/www.jimmy2.ch\/worldpress\/wp-content\/uploads\/2022\/06\/IMG_8329-1536x1152.jpg 1536w, https:\/\/www.jimmy2.ch\/worldpress\/wp-content\/uploads\/2022\/06\/IMG_8329-2048x1536.jpg 2048w\" sizes=\"auto, (max-width: 1024px) 100vw, 1024px\" \/><\/figure>\n\n\n\n<figure class=\"wp-block-image size-large\"><img loading=\"lazy\" decoding=\"async\" width=\"1024\" height=\"768\" src=\"https:\/\/www.jimmy2.ch\/worldpress\/wp-content\/uploads\/2022\/06\/IMG_8330-1024x768.jpg\" alt=\"\" class=\"wp-image-16708\" srcset=\"https:\/\/www.jimmy2.ch\/worldpress\/wp-content\/uploads\/2022\/06\/IMG_8330-1024x768.jpg 1024w, https:\/\/www.jimmy2.ch\/worldpress\/wp-content\/uploads\/2022\/06\/IMG_8330-300x225.jpg 300w, https:\/\/www.jimmy2.ch\/worldpress\/wp-content\/uploads\/2022\/06\/IMG_8330-768x576.jpg 768w, https:\/\/www.jimmy2.ch\/worldpress\/wp-content\/uploads\/2022\/06\/IMG_8330-1536x1152.jpg 1536w, https:\/\/www.jimmy2.ch\/worldpress\/wp-content\/uploads\/2022\/06\/IMG_8330-2048x1536.jpg 2048w\" sizes=\"auto, (max-width: 1024px) 100vw, 1024px\" \/><\/figure>\n\n\n\n<figure class=\"wp-block-image size-large\"><img loading=\"lazy\" decoding=\"async\" width=\"1024\" height=\"768\" src=\"https:\/\/www.jimmy2.ch\/worldpress\/wp-content\/uploads\/2022\/06\/IMG_8331-1024x768.jpg\" alt=\"\" class=\"wp-image-16709\" srcset=\"https:\/\/www.jimmy2.ch\/worldpress\/wp-content\/uploads\/2022\/06\/IMG_8331-1024x768.jpg 1024w, https:\/\/www.jimmy2.ch\/worldpress\/wp-content\/uploads\/2022\/06\/IMG_8331-300x225.jpg 300w, https:\/\/www.jimmy2.ch\/worldpress\/wp-content\/uploads\/2022\/06\/IMG_8331-768x576.jpg 768w, https:\/\/www.jimmy2.ch\/worldpress\/wp-content\/uploads\/2022\/06\/IMG_8331-1536x1152.jpg 1536w, https:\/\/www.jimmy2.ch\/worldpress\/wp-content\/uploads\/2022\/06\/IMG_8331-2048x1536.jpg 2048w\" sizes=\"auto, (max-width: 1024px) 100vw, 1024px\" \/><\/figure>\n\n\n\n<p>Ich hoffe, es ist das letzte Mal, dass wir auf unserer Reise vom Nordkap zur\u00fcck in die Schweiz Schnee sehen.<\/p>\n\n\n\n<p><a rel=\"noreferrer noopener\" href=\"https:\/\/www.google.ch\/maps\/place\/3595+Haugast%C3%B8l,+Norwegen\/@60.4045246,7.3362234,9.33z\/data=!4m5!3m4!1s0x463fad746a55ad41:0x5b57fb8047a444c3!8m2!3d60.5124312!4d7.880373?hl=de\" target=\"_blank\">In Haugastol endet der Touristikwegen Hardangervidda.<br><\/a><br>Wir fahren noch 25 km weiter bis nach <a href=\"https:\/\/www.google.ch\/maps\/place\/3580+Geilo,+Norwegen\/@60.5271492,8.1094149,12z\/data=!3m1!4b1!4m5!3m4!1s0x463fbad93394d403:0xebe09732e103617c!8m2!3d60.5336513!4d8.2087948?hl=de\">Geilo<\/a>. Eine Retortenstadt f\u00fcr Wintertourismus. Einen Stellplatz finden wir nicht. \u00dcberall ist parkieren von 23 Uhr \u2013 6 Uhr verboten.<br><br>Also fahren wir weiter. Einen ersten Platz verlassen wir wieder. Direkt an der Hauptstrasse und eine Bushaltestelle.<br><br>Zwischen <a rel=\"noreferrer noopener\" href=\"https:\/\/www.google.ch\/maps\/@60.6671379,8.8164164,12z?hl=de\" target=\"_blank\">Torpo und Gol<\/a> finden wir kurz nach 17 Uhr einen sch\u00f6nen Platz, wo wir Jimmy2 abstellen k\u00f6nnen. <\/p>\n\n\n\n<figure class=\"wp-block-image size-large\"><img loading=\"lazy\" decoding=\"async\" width=\"1024\" height=\"768\" src=\"https:\/\/www.jimmy2.ch\/worldpress\/wp-content\/uploads\/2022\/06\/IMG_8333-1024x768.jpg\" alt=\"\" class=\"wp-image-16710\" srcset=\"https:\/\/www.jimmy2.ch\/worldpress\/wp-content\/uploads\/2022\/06\/IMG_8333-1024x768.jpg 1024w, https:\/\/www.jimmy2.ch\/worldpress\/wp-content\/uploads\/2022\/06\/IMG_8333-300x225.jpg 300w, https:\/\/www.jimmy2.ch\/worldpress\/wp-content\/uploads\/2022\/06\/IMG_8333-768x576.jpg 768w, https:\/\/www.jimmy2.ch\/worldpress\/wp-content\/uploads\/2022\/06\/IMG_8333-1536x1152.jpg 1536w, https:\/\/www.jimmy2.ch\/worldpress\/wp-content\/uploads\/2022\/06\/IMG_8333-2048x1536.jpg 2048w\" sizes=\"auto, (max-width: 1024px) 100vw, 1024px\" \/><\/figure>\n\n\n\n<p>Ich schaue mich kurz draussen um. <\/p>\n\n\n\n<figure class=\"wp-block-image size-large\"><img loading=\"lazy\" decoding=\"async\" width=\"1024\" height=\"768\" src=\"https:\/\/www.jimmy2.ch\/worldpress\/wp-content\/uploads\/2022\/06\/IMG_8334-1024x768.jpg\" alt=\"\" class=\"wp-image-16711\" srcset=\"https:\/\/www.jimmy2.ch\/worldpress\/wp-content\/uploads\/2022\/06\/IMG_8334-1024x768.jpg 1024w, https:\/\/www.jimmy2.ch\/worldpress\/wp-content\/uploads\/2022\/06\/IMG_8334-300x225.jpg 300w, https:\/\/www.jimmy2.ch\/worldpress\/wp-content\/uploads\/2022\/06\/IMG_8334-768x576.jpg 768w, https:\/\/www.jimmy2.ch\/worldpress\/wp-content\/uploads\/2022\/06\/IMG_8334-1536x1152.jpg 1536w, https:\/\/www.jimmy2.ch\/worldpress\/wp-content\/uploads\/2022\/06\/IMG_8334-2048x1536.jpg 2048w\" sizes=\"auto, (max-width: 1024px) 100vw, 1024px\" \/><figcaption>diese schmale Br\u00fcck f\u00fchrt zu unserem Nachtlager<\/figcaption><\/figure>\n\n\n\n<figure class=\"wp-block-image size-large\"><img loading=\"lazy\" decoding=\"async\" width=\"1024\" height=\"768\" src=\"https:\/\/www.jimmy2.ch\/worldpress\/wp-content\/uploads\/2022\/06\/IMG_8336-1024x768.jpg\" alt=\"\" class=\"wp-image-16712\" srcset=\"https:\/\/www.jimmy2.ch\/worldpress\/wp-content\/uploads\/2022\/06\/IMG_8336-1024x768.jpg 1024w, https:\/\/www.jimmy2.ch\/worldpress\/wp-content\/uploads\/2022\/06\/IMG_8336-300x225.jpg 300w, https:\/\/www.jimmy2.ch\/worldpress\/wp-content\/uploads\/2022\/06\/IMG_8336-768x576.jpg 768w, https:\/\/www.jimmy2.ch\/worldpress\/wp-content\/uploads\/2022\/06\/IMG_8336-1536x1152.jpg 1536w, https:\/\/www.jimmy2.ch\/worldpress\/wp-content\/uploads\/2022\/06\/IMG_8336-2048x1536.jpg 2048w\" sizes=\"auto, (max-width: 1024px) 100vw, 1024px\" \/><\/figure>\n\n\n\n<p>Dann mache ich Siesta. Kurz vor 20 Uhr telefonieren wir mit Patricia. Wobei ich nicht viel sagen kann. Meine Stimme ist fast nicht mehr vorhanden. <br><br>Viel gegessen haben wir heute nicht. Ich koche ein paar Teigwaren, etwas K\u00e4se dar\u00fcber und fertig ist unser Nachtessen. Christa ist nicht so begeistert. Aber zu mehr habe ich keine Lust.<br><br>Christa geht dann liegen. Ich bin irgendwie zu \u00fcberdreht. Aber kurz nach 22 Uhr ist dann auch f\u00fcr mich Feierabend. Am Abend sind noch 2 weitere Wohnmobile auf den Platz gefahren.<br><br>Heute hat es eigentlich nur 1 x geregnet. Aber wir sind nun schon in einer deutlich w\u00e4rmeren Gegend und gegen Abend haben wir auch schon die Sonne gesehen.<br><br><\/p>\n\n\n<div class=\"wp-block-image\">\n<figure class=\"aligncenter size-large\"><img loading=\"lazy\" decoding=\"async\" width=\"1024\" height=\"1024\" src=\"https:\/\/www.jimmy2.ch\/worldpress\/wp-content\/uploads\/2022\/06\/IMG_8501-e1656274737464-1024x1024.png\" alt=\"\" class=\"wp-image-16729\" srcset=\"https:\/\/www.jimmy2.ch\/worldpress\/wp-content\/uploads\/2022\/06\/IMG_8501-e1656274737464-1024x1024.png 1024w, https:\/\/www.jimmy2.ch\/worldpress\/wp-content\/uploads\/2022\/06\/IMG_8501-e1656274737464-300x300.png 300w, https:\/\/www.jimmy2.ch\/worldpress\/wp-content\/uploads\/2022\/06\/IMG_8501-e1656274737464-175x175.png 175w, https:\/\/www.jimmy2.ch\/worldpress\/wp-content\/uploads\/2022\/06\/IMG_8501-e1656274737464-768x768.png 768w, https:\/\/www.jimmy2.ch\/worldpress\/wp-content\/uploads\/2022\/06\/IMG_8501-e1656274737464.png 1242w\" sizes=\"auto, (max-width: 1024px) 100vw, 1024px\" \/><figcaption>unsere heutige Route<\/figcaption><\/figure><\/div>","protected":false},"excerpt":{"rendered":"<p>#logbuchjimmy2ch Tag 247 Sonntag, 12. Juni 2022 Haukeland &#8211; Torpo \/ Gol N272 km 7 Stunden unterwegs 1 Pause Rastplatz bei Torpo \u00fcber Park4Night \u00fcber eine Br\u00fccke etwas abseits der Strasse aber direkt an der Bahnlinie 60.679247 8.827621 283 M\u00fcM &hellip; <a href=\"https:\/\/www.jimmy2.ch\/worldpress\/2022\/06\/12\/haukeland-torpo-gol-n\/\">Continue reading <span class=\"meta-nav\">&rarr;<\/span><\/a><\/p>\n","protected":false},"author":1,"featured_media":0,"comment_status":"open","ping_status":"open","sticky":false,"template":"","format":"standard","meta":{"footnotes":""},"categories":[886],"tags":[961,964,966,962,963,767,887,768,965,770],"class_list":["post-16696","post","type-post","status-publish","format-standard","hentry","category-norwegen","tag-eidfjord","tag-geilo","tag-gol","tag-hardangerbrua","tag-hardangervidda","tag-leben-im-wohnmobil","tag-norwegen","tag-reisen-im-wohnmobil","tag-torpo","tag-wohnen-im-wohnmobil"],"_links":{"self":[{"href":"https:\/\/www.jimmy2.ch\/worldpress\/wp-json\/wp\/v2\/posts\/16696","targetHints":{"allow":["GET"]}}],"collection":[{"href":"https:\/\/www.jimmy2.ch\/worldpress\/wp-json\/wp\/v2\/posts"}],"about":[{"href":"https:\/\/www.jimmy2.ch\/worldpress\/wp-json\/wp\/v2\/types\/post"}],"author":[{"embeddable":true,"href":"https:\/\/www.jimmy2.ch\/worldpress\/wp-json\/wp\/v2\/users\/1"}],"replies":[{"embeddable":true,"href":"https:\/\/www.jimmy2.ch\/worldpress\/wp-json\/wp\/v2\/comments?post=16696"}],"version-history":[{"count":6,"href":"https:\/\/www.jimmy2.ch\/worldpress\/wp-json\/wp\/v2\/posts\/16696\/revisions"}],"predecessor-version":[{"id":16731,"href":"https:\/\/www.jimmy2.ch\/worldpress\/wp-json\/wp\/v2\/posts\/16696\/revisions\/16731"}],"wp:attachment":[{"href":"https:\/\/www.jimmy2.ch\/worldpress\/wp-json\/wp\/v2\/media?parent=16696"}],"wp:term":[{"taxonomy":"category","embeddable":true,"href":"https:\/\/www.jimmy2.ch\/worldpress\/wp-json\/wp\/v2\/categories?post=16696"},{"taxonomy":"post_tag","embeddable":true,"href":"https:\/\/www.jimmy2.ch\/worldpress\/wp-json\/wp\/v2\/tags?post=16696"}],"curies":[{"name":"wp","href":"https:\/\/api.w.org\/{rel}","templated":true}]}}