{"id":14082,"date":"2022-03-20T22:27:00","date_gmt":"2022-03-20T20:27:00","guid":{"rendered":"http:\/\/www.jimmy2.ch\/worldpress\/?p=14082"},"modified":"2022-03-23T15:37:08","modified_gmt":"2022-03-23T13:37:08","slug":"acoteias-albufeira-3","status":"publish","type":"post","link":"https:\/\/www.jimmy2.ch\/worldpress\/2022\/03\/20\/acoteias-albufeira-3\/","title":{"rendered":"A\u00e7oteias Albufeira"},"content":{"rendered":"\n<p>#logbuchjimmy2ch Tag 163<br><br>Sonntag 20. M\u00e4rz 2022 &#8211; Fr\u00fchlingsanfang um 16.33<br>A\u00e7oteias Albufeira<br>Motorhome Park \/ Parque de Autocaravanas 10 Euro inkl. Strom<br>N37.08800 W08.15987<br><br><br><br>Noch scheint etwas die Sonne. Aber ein kr\u00e4ftiger und frischer Wind weht schon die ganze Nacht und l\u00e4sst Jimmy2 schaukeln. <\/p>\n\n\n\n<p>Christa bringt den M\u00fcll raus und dreht eine Platzrunde. Ich mache den Haushalt und reinige die Scheiben vom Wohnmobil. Dann ist es Zeit f\u00fcr einen Kaffee und etwas im Blog schreiben.<br><br>Christa ist inzwischen bei Elke im Wohnmobil angekommen. Gegen halb ein beginnt es zu Regnen. Christa schafft es gerade noch ins sch\u00fctzende Wohnmobil bevor das Gewitter richtig los legt. Ab und zu sind kleine \u201eHagelk\u00f6rner\u201c mit dabei. <\/p>\n\n\n\n<figure class=\"wp-block-image size-large\"><img loading=\"lazy\" decoding=\"async\" width=\"1024\" height=\"768\" src=\"https:\/\/www.jimmy2.ch\/worldpress\/wp-content\/uploads\/2022\/03\/A8B25E1D-64A1-46D4-8B2C-D0F6CE5F55B1-1024x768.jpeg\" alt=\"\" class=\"wp-image-14123\" srcset=\"https:\/\/www.jimmy2.ch\/worldpress\/wp-content\/uploads\/2022\/03\/A8B25E1D-64A1-46D4-8B2C-D0F6CE5F55B1-1024x768.jpeg 1024w, https:\/\/www.jimmy2.ch\/worldpress\/wp-content\/uploads\/2022\/03\/A8B25E1D-64A1-46D4-8B2C-D0F6CE5F55B1-300x225.jpeg 300w, https:\/\/www.jimmy2.ch\/worldpress\/wp-content\/uploads\/2022\/03\/A8B25E1D-64A1-46D4-8B2C-D0F6CE5F55B1-768x576.jpeg 768w, https:\/\/www.jimmy2.ch\/worldpress\/wp-content\/uploads\/2022\/03\/A8B25E1D-64A1-46D4-8B2C-D0F6CE5F55B1-1536x1152.jpeg 1536w, https:\/\/www.jimmy2.ch\/worldpress\/wp-content\/uploads\/2022\/03\/A8B25E1D-64A1-46D4-8B2C-D0F6CE5F55B1-2048x1536.jpeg 2048w\" sizes=\"auto, (max-width: 1024px) 100vw, 1024px\" \/><\/figure>\n\n\n\n<div class=\"wp-block-image\"><figure class=\"aligncenter size-large\"><img loading=\"lazy\" decoding=\"async\" width=\"768\" height=\"1024\" src=\"https:\/\/www.jimmy2.ch\/worldpress\/wp-content\/uploads\/2022\/03\/E6DF7967-E005-4419-845C-F6F6A31B26F7-768x1024.jpeg\" alt=\"\" class=\"wp-image-14124\" srcset=\"https:\/\/www.jimmy2.ch\/worldpress\/wp-content\/uploads\/2022\/03\/E6DF7967-E005-4419-845C-F6F6A31B26F7-768x1024.jpeg 768w, https:\/\/www.jimmy2.ch\/worldpress\/wp-content\/uploads\/2022\/03\/E6DF7967-E005-4419-845C-F6F6A31B26F7-225x300.jpeg 225w, https:\/\/www.jimmy2.ch\/worldpress\/wp-content\/uploads\/2022\/03\/E6DF7967-E005-4419-845C-F6F6A31B26F7-1152x1536.jpeg 1152w, https:\/\/www.jimmy2.ch\/worldpress\/wp-content\/uploads\/2022\/03\/E6DF7967-E005-4419-845C-F6F6A31B26F7-1536x2048.jpeg 1536w, https:\/\/www.jimmy2.ch\/worldpress\/wp-content\/uploads\/2022\/03\/E6DF7967-E005-4419-845C-F6F6A31B26F7-scaled.jpeg 1920w\" sizes=\"auto, (max-width: 768px) 100vw, 768px\" \/><\/figure><\/div>\n\n\n\n<figure class=\"wp-block-image size-large\"><img loading=\"lazy\" decoding=\"async\" width=\"1024\" height=\"768\" src=\"https:\/\/www.jimmy2.ch\/worldpress\/wp-content\/uploads\/2022\/03\/0E3E0068-9431-4B41-B16A-A66A6D23FBBE-1024x768.jpeg\" alt=\"\" class=\"wp-image-14125\" srcset=\"https:\/\/www.jimmy2.ch\/worldpress\/wp-content\/uploads\/2022\/03\/0E3E0068-9431-4B41-B16A-A66A6D23FBBE-1024x768.jpeg 1024w, https:\/\/www.jimmy2.ch\/worldpress\/wp-content\/uploads\/2022\/03\/0E3E0068-9431-4B41-B16A-A66A6D23FBBE-300x225.jpeg 300w, https:\/\/www.jimmy2.ch\/worldpress\/wp-content\/uploads\/2022\/03\/0E3E0068-9431-4B41-B16A-A66A6D23FBBE-768x576.jpeg 768w, https:\/\/www.jimmy2.ch\/worldpress\/wp-content\/uploads\/2022\/03\/0E3E0068-9431-4B41-B16A-A66A6D23FBBE-1536x1152.jpeg 1536w, https:\/\/www.jimmy2.ch\/worldpress\/wp-content\/uploads\/2022\/03\/0E3E0068-9431-4B41-B16A-A66A6D23FBBE-2048x1536.jpeg 2048w\" sizes=\"auto, (max-width: 1024px) 100vw, 1024px\" \/><\/figure>\n\n\n\n<p>Wir haben geplant beim Chinesen ein Abschiedsessen zu machen. Aber bei dem Wetter\u2026\u2026\u2026. m\u00fcssen wir doch knapp einen Kilometer zu Fuss dahin laufen. <br><br>So l\u00e4dt Christa Elke und J\u00fcrgen vorsorglich zu einem Kaffe ein. Pl\u00f6tzlich Sonnenschein. Eigentlich k\u00f6nnten wir jetzt unseren Kaffee und Kuchen nach draussen verlegen. Aber dann k\u00e4me sicher wieder der Regen.<br><br>Das trockene Wetter bleibt uns erhalten. So marschieren zu sechst, G\u00fcnther und Franziska kommen auch mit, um nach halb sechs Uhr los. <br><br>Bei leckeren chinesischen Speisen verbringen wir einen unterhaltsamen und gem\u00fctlichen Abend. <\/p>\n\n\n\n<figure class=\"wp-block-image size-large\"><img loading=\"lazy\" decoding=\"async\" width=\"1024\" height=\"768\" src=\"https:\/\/www.jimmy2.ch\/worldpress\/wp-content\/uploads\/2022\/03\/65F41D78-14B5-4DE8-884F-A1601411A736-1024x768.jpeg\" alt=\"\" class=\"wp-image-14126\" srcset=\"https:\/\/www.jimmy2.ch\/worldpress\/wp-content\/uploads\/2022\/03\/65F41D78-14B5-4DE8-884F-A1601411A736-1024x768.jpeg 1024w, https:\/\/www.jimmy2.ch\/worldpress\/wp-content\/uploads\/2022\/03\/65F41D78-14B5-4DE8-884F-A1601411A736-300x225.jpeg 300w, https:\/\/www.jimmy2.ch\/worldpress\/wp-content\/uploads\/2022\/03\/65F41D78-14B5-4DE8-884F-A1601411A736-768x576.jpeg 768w, https:\/\/www.jimmy2.ch\/worldpress\/wp-content\/uploads\/2022\/03\/65F41D78-14B5-4DE8-884F-A1601411A736-1536x1152.jpeg 1536w, https:\/\/www.jimmy2.ch\/worldpress\/wp-content\/uploads\/2022\/03\/65F41D78-14B5-4DE8-884F-A1601411A736-2048x1536.jpeg 2048w\" sizes=\"auto, (max-width: 1024px) 100vw, 1024px\" \/><\/figure>\n\n\n\n<p>Als wir das Lokal verlassen nieselt es ein bisschen. Aber daf\u00fcr sind wir ger\u00fcstet. <\/p>\n\n\n\n<figure class=\"wp-block-image size-large\"><img loading=\"lazy\" decoding=\"async\" width=\"1024\" height=\"768\" src=\"https:\/\/www.jimmy2.ch\/worldpress\/wp-content\/uploads\/2022\/03\/21FE3F3B-0A46-4EF0-B5B8-E594AAFDDD21-1024x768.jpeg\" alt=\"\" class=\"wp-image-14127\" srcset=\"https:\/\/www.jimmy2.ch\/worldpress\/wp-content\/uploads\/2022\/03\/21FE3F3B-0A46-4EF0-B5B8-E594AAFDDD21-1024x768.jpeg 1024w, https:\/\/www.jimmy2.ch\/worldpress\/wp-content\/uploads\/2022\/03\/21FE3F3B-0A46-4EF0-B5B8-E594AAFDDD21-300x225.jpeg 300w, https:\/\/www.jimmy2.ch\/worldpress\/wp-content\/uploads\/2022\/03\/21FE3F3B-0A46-4EF0-B5B8-E594AAFDDD21-768x576.jpeg 768w, https:\/\/www.jimmy2.ch\/worldpress\/wp-content\/uploads\/2022\/03\/21FE3F3B-0A46-4EF0-B5B8-E594AAFDDD21-1536x1152.jpeg 1536w, https:\/\/www.jimmy2.ch\/worldpress\/wp-content\/uploads\/2022\/03\/21FE3F3B-0A46-4EF0-B5B8-E594AAFDDD21-2048x1536.jpeg 2048w\" sizes=\"auto, (max-width: 1024px) 100vw, 1024px\" \/><\/figure>\n\n\n\n<p>Gegen halb neun sind wir wieder zur\u00fcck. Morgen reisen alle weiter. Und so verabschieden wir uns, w\u00fcnschen allen eine gute Reise und freuen uns auf das Wiedersehen am 3. Januar 2023 um 10 Uhr bei Carlos\u2026\u2026\u2026<br><br>Tatort und Anne Will fallen heute aus. In der Schweiz ist es schon gegen halb 10 Uhr. <br><\/p>\n","protected":false},"excerpt":{"rendered":"<p>#logbuchjimmy2ch Tag 163 Sonntag 20. M\u00e4rz 2022 &#8211; Fr\u00fchlingsanfang um 16.33A\u00e7oteias AlbufeiraMotorhome Park \/ Parque de Autocaravanas 10 Euro inkl. StromN37.08800 W08.15987 Noch scheint etwas die Sonne. Aber ein kr\u00e4ftiger und frischer Wind weht schon die ganze Nacht und l\u00e4sst &hellip; <a href=\"https:\/\/www.jimmy2.ch\/worldpress\/2022\/03\/20\/acoteias-albufeira-3\/\">Continue reading <span class=\"meta-nav\">&rarr;<\/span><\/a><\/p>\n","protected":false},"author":1,"featured_media":0,"comment_status":"open","ping_status":"open","sticky":false,"template":"","format":"standard","meta":{"footnotes":""},"categories":[344],"tags":[823,359,329,767,820,821,337,768,809,769],"class_list":["post-14082","post","type-post","status-publish","format-standard","hentry","category-portugal","tag-acoteias","tag-albufeira","tag-atlantik","tag-leben-im-wohnmobil","tag-motorhome-park-acoteias","tag-parque-de-autocaravanas-acoteias","tag-portugal","tag-reisen-im-wohnmobil","tag-ueberwintern-in-portugal","tag-ueberwintern-in-spanien"],"_links":{"self":[{"href":"https:\/\/www.jimmy2.ch\/worldpress\/wp-json\/wp\/v2\/posts\/14082","targetHints":{"allow":["GET"]}}],"collection":[{"href":"https:\/\/www.jimmy2.ch\/worldpress\/wp-json\/wp\/v2\/posts"}],"about":[{"href":"https:\/\/www.jimmy2.ch\/worldpress\/wp-json\/wp\/v2\/types\/post"}],"author":[{"embeddable":true,"href":"https:\/\/www.jimmy2.ch\/worldpress\/wp-json\/wp\/v2\/users\/1"}],"replies":[{"embeddable":true,"href":"https:\/\/www.jimmy2.ch\/worldpress\/wp-json\/wp\/v2\/comments?post=14082"}],"version-history":[{"count":4,"href":"https:\/\/www.jimmy2.ch\/worldpress\/wp-json\/wp\/v2\/posts\/14082\/revisions"}],"predecessor-version":[{"id":14134,"href":"https:\/\/www.jimmy2.ch\/worldpress\/wp-json\/wp\/v2\/posts\/14082\/revisions\/14134"}],"wp:attachment":[{"href":"https:\/\/www.jimmy2.ch\/worldpress\/wp-json\/wp\/v2\/media?parent=14082"}],"wp:term":[{"taxonomy":"category","embeddable":true,"href":"https:\/\/www.jimmy2.ch\/worldpress\/wp-json\/wp\/v2\/categories?post=14082"},{"taxonomy":"post_tag","embeddable":true,"href":"https:\/\/www.jimmy2.ch\/worldpress\/wp-json\/wp\/v2\/tags?post=14082"}],"curies":[{"name":"wp","href":"https:\/\/api.w.org\/{rel}","templated":true}]}}