{"id":1380,"date":"2015-11-13T21:20:21","date_gmt":"2015-11-13T20:20:21","guid":{"rendered":"http:\/\/www.jimmy2.ch\/worldpress\/?p=1380"},"modified":"2017-10-29T15:04:00","modified_gmt":"2017-10-29T14:04:00","slug":"fahrpruefung-c1","status":"publish","type":"post","link":"https:\/\/www.jimmy2.ch\/worldpress\/2015\/11\/13\/fahrpruefung-c1\/","title":{"rendered":"Fahrpr\u00fcfung C1"},"content":{"rendered":"<p><strong>Freitag 13. November 2015<\/strong><\/p>\n<p>Um 10 Uhr geht es los im Strassenverkehrsamt Regensdorf.<\/p>\n<p>Nach langen Wochen des \u00dcbens im <a href=\"http:\/\/www.fahrschule-center.ch\/\" target=\"_blank\" rel=\"noopener\">Fahrschul-Center De Cristofaro &amp; Martin in Volketswil und Z\u00fcrich-Oerlikon <\/a>gilt es nun ernst. Die Fahrpr\u00fcfung f\u00fcr den Fahrausweis C1 beginnt.<\/p>\n<p>Von Regensdorf aus geht es auf die Autobahn durch den Gubrist-Tunnel. Dann die Autobahn bei Urdorf-S\u00fcd in Richtung Uitikon-Waldegg verlassen.<\/p>\n<p>Vor Uitkon rechts abbiegen auf die Landikonerstrasse Richtung Wettswil. Der Experte will wissen wie ich die Kehren nach Wettswil hinauf bew\u00e4ltige. Zu seiner \u00dcberraschung wurde die Strasse saniert und es ist absolut kein Problem f\u00fcr mich da hinauf zu fahren. Er ist diese Strecke schon lange nicht mehr gefahren wie er mir erkl\u00e4rt.<\/p>\n<p>Oben angekommen geht es Rechts in die Einfahrt zum Reitstall \u00c4ttenberg. Hier wird das R\u00fcckw\u00e4rtsfahren und das Einparken getestet. Soweit kein Problem.<\/p>\n<p>Weiter geht es wieder Richtung Autbahn. Dann durch den \u00dcetlibergtunnel zum Autobahnende bei der Leichtathletikanlage Sihlh\u00f6lzli.<\/p>\n<p>Via Seebahn- und Hohlstrasse hinauf zur Hardbr\u00fccke. Dann Richtung Koblenz. Bucheggplatz! Dann die Wehntalstrasse entlang. In Z\u00fcrich Affoltern links Richtung Regensdorf und zur\u00fcck zum Strassenverkehrsamt.<\/p>\n<p><a href=\"https:\/\/www.google.ch\/maps\/dir\/Strassenverkehrsamt+Kanton+Z%C3%BCrich+-+Pr%C3%BCfstelle+Regensdorf,+Riedthofstrasse+192,+8105+Regensdorf\/47.3597569,8.451853\/Reitstall+zum+%C3%84ttenberg\/47.3694985,8.5259267\/47.3977793,8.5335055\/47.4206514,8.5026764\/47.4364515,8.4542266\/47.4418214,8.4611789\/@47.3799267,8.4509407,12.25z\/data=!4m20!4m19!1m5!1m1!1s0x47900ca62098f145:0x2757569308ec8413!2m2!1d8.4612309!2d47.4417995!1m0!1m5!1m1!1s0x4790093e5f282d57:0x9d0138409f19394a!2m2!1d8.4595393!2d47.3495941!1m0!1m0!1m0!1m0!1m0!3e0\" target=\"_blank\" rel=\"noopener\"><img loading=\"lazy\" decoding=\"async\" class=\"aligncenter size-medium wp-image-1394\" src=\"https:\/\/www.jimmy2.ch\/worldpress\/wp-content\/uploads\/2017\/10\/2017-10-29-13.37.27-040-IMG_0076-225x300.jpg\" alt=\"\" width=\"225\" height=\"300\" srcset=\"https:\/\/www.jimmy2.ch\/worldpress\/wp-content\/uploads\/2017\/10\/2017-10-29-13.37.27-040-IMG_0076-225x300.jpg 225w, https:\/\/www.jimmy2.ch\/worldpress\/wp-content\/uploads\/2017\/10\/2017-10-29-13.37.27-040-IMG_0076-768x1024.jpg 768w\" sizes=\"auto, (max-width: 225px) 100vw, 225px\" \/><\/a><\/p>\n<p>Da ich schon viele Jahre in dieser Gegend beruflich unterwegs bin sind mir alle Strassen bekannt. W\u00e4hrend der gesammten Pr\u00fcfung haben der Experte und ich uns \u00fcber Gott und die Welt unterhalten. Ein- \/ zweimal musste mich der Experte an den &#8222;\u00dcberhang&#8220; des Fahrzeuges aufmerksam machen.<\/p>\n<p>Um 12 Uhr waren wir nach rund 1 3\/4 Stunden Fahrzeit zur\u00fcck und ich habe die Pr\u00fcfung bestanden. Einen ganz herzlichen Dank an meinen Fahrlehrer Paul Martin.<\/p>\n<p><img loading=\"lazy\" decoding=\"async\" class=\"aligncenter size-medium wp-image-1396\" src=\"https:\/\/www.jimmy2.ch\/worldpress\/wp-content\/uploads\/2017\/10\/IMG_4261-e1509285372405-225x300.jpg\" alt=\"\" width=\"225\" height=\"300\" srcset=\"https:\/\/www.jimmy2.ch\/worldpress\/wp-content\/uploads\/2017\/10\/IMG_4261-e1509285372405-225x300.jpg 225w, https:\/\/www.jimmy2.ch\/worldpress\/wp-content\/uploads\/2017\/10\/IMG_4261-e1509285372405-768x1024.jpg 768w\" sizes=\"auto, (max-width: 225px) 100vw, 225px\" \/><\/p>\n<p>Mit der bestandenen Fahrpr\u00fcfung erschlicht der Versicherungsschutz und nun darf mich mein Fahrlehrer zur\u00fcck nach Z\u00fcrich-\u00d6rlikon fahren.<\/p>\n<p>Und siehe da &#8211; auch der Fahrlehrer f\u00e4hrt im normalen Leben nicht anders als ich auch.<\/p>\n","protected":false},"excerpt":{"rendered":"<p>Freitag 13. November 2015 Um 10 Uhr geht es los im Strassenverkehrsamt Regensdorf. Nach langen Wochen des \u00dcbens im Fahrschul-Center De Cristofaro &amp; Martin in Volketswil und Z\u00fcrich-Oerlikon gilt es nun ernst. Die Fahrpr\u00fcfung f\u00fcr den Fahrausweis C1 beginnt. Von &hellip; <a href=\"https:\/\/www.jimmy2.ch\/worldpress\/2015\/11\/13\/fahrpruefung-c1\/\">Continue reading <span class=\"meta-nav\">&rarr;<\/span><\/a><\/p>\n","protected":false},"author":1,"featured_media":0,"comment_status":"open","ping_status":"open","sticky":false,"template":"","format":"standard","meta":{"footnotes":""},"categories":[72],"tags":[80],"class_list":["post-1380","post","type-post","status-publish","format-standard","hentry","category-schweiz","tag-fahrpruefung-c1"],"_links":{"self":[{"href":"https:\/\/www.jimmy2.ch\/worldpress\/wp-json\/wp\/v2\/posts\/1380","targetHints":{"allow":["GET"]}}],"collection":[{"href":"https:\/\/www.jimmy2.ch\/worldpress\/wp-json\/wp\/v2\/posts"}],"about":[{"href":"https:\/\/www.jimmy2.ch\/worldpress\/wp-json\/wp\/v2\/types\/post"}],"author":[{"embeddable":true,"href":"https:\/\/www.jimmy2.ch\/worldpress\/wp-json\/wp\/v2\/users\/1"}],"replies":[{"embeddable":true,"href":"https:\/\/www.jimmy2.ch\/worldpress\/wp-json\/wp\/v2\/comments?post=1380"}],"version-history":[{"count":5,"href":"https:\/\/www.jimmy2.ch\/worldpress\/wp-json\/wp\/v2\/posts\/1380\/revisions"}],"predecessor-version":[{"id":1397,"href":"https:\/\/www.jimmy2.ch\/worldpress\/wp-json\/wp\/v2\/posts\/1380\/revisions\/1397"}],"wp:attachment":[{"href":"https:\/\/www.jimmy2.ch\/worldpress\/wp-json\/wp\/v2\/media?parent=1380"}],"wp:term":[{"taxonomy":"category","embeddable":true,"href":"https:\/\/www.jimmy2.ch\/worldpress\/wp-json\/wp\/v2\/categories?post=1380"},{"taxonomy":"post_tag","embeddable":true,"href":"https:\/\/www.jimmy2.ch\/worldpress\/wp-json\/wp\/v2\/tags?post=1380"}],"curies":[{"name":"wp","href":"https:\/\/api.w.org\/{rel}","templated":true}]}}