{"id":1333,"date":"2017-09-28T20:21:00","date_gmt":"2017-09-28T19:21:00","guid":{"rendered":"http:\/\/www.jimmy2.ch\/worldpress\/?p=1333"},"modified":"2017-11-30T20:30:38","modified_gmt":"2017-11-30T19:30:38","slug":"schloss-der-aufbautuere-defekt","status":"publish","type":"post","link":"https:\/\/www.jimmy2.ch\/worldpress\/2017\/09\/28\/schloss-der-aufbautuere-defekt\/","title":{"rendered":"Schloss der Aufbaut\u00fcre defekt"},"content":{"rendered":"<p><b>Donnerstag 28. September 2017<br \/>\nBr\u00fcttisellen<\/b><\/p>\n<p>Wie erw\u00e4hnt ist das Schloss an der Aufbaut\u00fcre defekt.<\/p>\n<p>Um das Warum \/ Wieso herauszufinden muss ich die Verkleidung demontieren. Nur wie. Als ich die Verkleidung endlich demontiert hatte war ich schlauer.<\/p>\n<p><a href=\"https:\/\/www.jimmy2.ch\/worldpress\/wp-content\/uploads\/2017\/10\/9A0C614B-718C-4980-A29D-BEF23EA9B6DA-e1507057767710.jpeg\"><img loading=\"lazy\" decoding=\"async\" class=\"aligncenter size-medium wp-image-1336\" src=\"https:\/\/www.jimmy2.ch\/worldpress\/wp-content\/uploads\/2017\/10\/9A0C614B-718C-4980-A29D-BEF23EA9B6DA-e1507057767710-300x300.jpeg\" alt=\"\" width=\"300\" height=\"300\" srcset=\"https:\/\/www.jimmy2.ch\/worldpress\/wp-content\/uploads\/2017\/10\/9A0C614B-718C-4980-A29D-BEF23EA9B6DA-e1507057767710-300x300.jpeg 300w, https:\/\/www.jimmy2.ch\/worldpress\/wp-content\/uploads\/2017\/10\/9A0C614B-718C-4980-A29D-BEF23EA9B6DA-e1507057767710-150x150.jpeg 150w, https:\/\/www.jimmy2.ch\/worldpress\/wp-content\/uploads\/2017\/10\/9A0C614B-718C-4980-A29D-BEF23EA9B6DA-e1507057767710-768x768.jpeg 768w, https:\/\/www.jimmy2.ch\/worldpress\/wp-content\/uploads\/2017\/10\/9A0C614B-718C-4980-A29D-BEF23EA9B6DA-e1507057767710-1024x1024.jpeg 1024w\" sizes=\"auto, (max-width: 300px) 100vw, 300px\" \/><\/a><\/p>\n<p>Nun sah ich weshalb der obere Schliessmechanismus nicht mehr funktionierte &#8211; die Feder ist defekt.<\/p>\n<p><a href=\"https:\/\/www.jimmy2.ch\/worldpress\/wp-content\/uploads\/2017\/10\/3B24D882-139A-4081-8DB1-9BDDC6A8DCDA-e1507057822565.jpeg\"><img loading=\"lazy\" decoding=\"async\" class=\"aligncenter size-medium wp-image-1337\" src=\"https:\/\/www.jimmy2.ch\/worldpress\/wp-content\/uploads\/2017\/10\/3B24D882-139A-4081-8DB1-9BDDC6A8DCDA-e1507057822565-300x300.jpeg\" alt=\"\" width=\"300\" height=\"300\" srcset=\"https:\/\/www.jimmy2.ch\/worldpress\/wp-content\/uploads\/2017\/10\/3B24D882-139A-4081-8DB1-9BDDC6A8DCDA-e1507057822565-300x300.jpeg 300w, https:\/\/www.jimmy2.ch\/worldpress\/wp-content\/uploads\/2017\/10\/3B24D882-139A-4081-8DB1-9BDDC6A8DCDA-e1507057822565-150x150.jpeg 150w, https:\/\/www.jimmy2.ch\/worldpress\/wp-content\/uploads\/2017\/10\/3B24D882-139A-4081-8DB1-9BDDC6A8DCDA-e1507057822565-768x768.jpeg 768w, https:\/\/www.jimmy2.ch\/worldpress\/wp-content\/uploads\/2017\/10\/3B24D882-139A-4081-8DB1-9BDDC6A8DCDA-e1507057822565-1024x1024.jpeg 1024w\" sizes=\"auto, (max-width: 300px) 100vw, 300px\" \/><\/a><\/p>\n<p><a href=\"https:\/\/www.jimmy2.ch\/worldpress\/wp-content\/uploads\/2017\/10\/4D95EA29-E41C-45E1-8370-578517671A85-e1507057853748.jpeg\"><img loading=\"lazy\" decoding=\"async\" class=\"aligncenter size-medium wp-image-1338\" src=\"https:\/\/www.jimmy2.ch\/worldpress\/wp-content\/uploads\/2017\/10\/4D95EA29-E41C-45E1-8370-578517671A85-e1507057853748-300x300.jpeg\" alt=\"\" width=\"300\" height=\"300\" srcset=\"https:\/\/www.jimmy2.ch\/worldpress\/wp-content\/uploads\/2017\/10\/4D95EA29-E41C-45E1-8370-578517671A85-e1507057853748-300x300.jpeg 300w, https:\/\/www.jimmy2.ch\/worldpress\/wp-content\/uploads\/2017\/10\/4D95EA29-E41C-45E1-8370-578517671A85-e1507057853748-150x150.jpeg 150w, https:\/\/www.jimmy2.ch\/worldpress\/wp-content\/uploads\/2017\/10\/4D95EA29-E41C-45E1-8370-578517671A85-e1507057853748-768x768.jpeg 768w, https:\/\/www.jimmy2.ch\/worldpress\/wp-content\/uploads\/2017\/10\/4D95EA29-E41C-45E1-8370-578517671A85-e1507057853748-1024x1024.jpeg 1024w\" sizes=\"auto, (max-width: 300px) 100vw, 300px\" \/><\/a><\/p>\n<p>Nun muss ich schauen wo ich eine solche Feder bekomme.<\/p>\n","protected":false},"excerpt":{"rendered":"<p>Donnerstag 28. September 2017 Br\u00fcttisellen Wie erw\u00e4hnt ist das Schloss an der Aufbaut\u00fcre defekt. Um das Warum \/ Wieso herauszufinden muss ich die Verkleidung demontieren. Nur wie. Als ich die Verkleidung endlich demontiert hatte war ich schlauer. Nun sah ich &hellip; <a href=\"https:\/\/www.jimmy2.ch\/worldpress\/2017\/09\/28\/schloss-der-aufbautuere-defekt\/\">Continue reading <span class=\"meta-nav\">&rarr;<\/span><\/a><\/p>\n","protected":false},"author":1,"featured_media":0,"comment_status":"open","ping_status":"open","sticky":false,"template":"","format":"standard","meta":{"footnotes":""},"categories":[72],"tags":[127,126,125],"class_list":["post-1333","post","type-post","status-publish","format-standard","hentry","category-schweiz","tag-defekt","tag-feder","tag-tuerschloss"],"_links":{"self":[{"href":"https:\/\/www.jimmy2.ch\/worldpress\/wp-json\/wp\/v2\/posts\/1333","targetHints":{"allow":["GET"]}}],"collection":[{"href":"https:\/\/www.jimmy2.ch\/worldpress\/wp-json\/wp\/v2\/posts"}],"about":[{"href":"https:\/\/www.jimmy2.ch\/worldpress\/wp-json\/wp\/v2\/types\/post"}],"author":[{"embeddable":true,"href":"https:\/\/www.jimmy2.ch\/worldpress\/wp-json\/wp\/v2\/users\/1"}],"replies":[{"embeddable":true,"href":"https:\/\/www.jimmy2.ch\/worldpress\/wp-json\/wp\/v2\/comments?post=1333"}],"version-history":[{"count":2,"href":"https:\/\/www.jimmy2.ch\/worldpress\/wp-json\/wp\/v2\/posts\/1333\/revisions"}],"predecessor-version":[{"id":1341,"href":"https:\/\/www.jimmy2.ch\/worldpress\/wp-json\/wp\/v2\/posts\/1333\/revisions\/1341"}],"wp:attachment":[{"href":"https:\/\/www.jimmy2.ch\/worldpress\/wp-json\/wp\/v2\/media?parent=1333"}],"wp:term":[{"taxonomy":"category","embeddable":true,"href":"https:\/\/www.jimmy2.ch\/worldpress\/wp-json\/wp\/v2\/categories?post=1333"},{"taxonomy":"post_tag","embeddable":true,"href":"https:\/\/www.jimmy2.ch\/worldpress\/wp-json\/wp\/v2\/tags?post=1333"}],"curies":[{"name":"wp","href":"https:\/\/api.w.org\/{rel}","templated":true}]}}