{"id":13011,"date":"2022-01-30T23:35:00","date_gmt":"2022-01-30T21:35:00","guid":{"rendered":"http:\/\/www.jimmy2.ch\/worldpress\/?p=13011"},"modified":"2022-02-04T23:52:31","modified_gmt":"2022-02-04T21:52:31","slug":"schlangenbucht-mazarron","status":"publish","type":"post","link":"https:\/\/www.jimmy2.ch\/worldpress\/2022\/01\/30\/schlangenbucht-mazarron\/","title":{"rendered":"Schlangenbucht &#8211; Mazarron"},"content":{"rendered":"\n<p>#logbuchjimmy2ch Tag 114<br><br>Sonntag 30. Januar 2022<br>\u201eSchlangenbucht\u201c, Playa de Percheles N\u00e4he Mazzaron<br>N37.53097 W1.381458<br><br>Wieder ist es mit 7\u00b0C frisch <\/p>\n\n\n\n<figure class=\"wp-block-image size-large\"><img loading=\"lazy\" decoding=\"async\" width=\"1011\" height=\"1024\" src=\"https:\/\/www.jimmy2.ch\/worldpress\/wp-content\/uploads\/2022\/02\/8002AA27-8F25-4606-8370-23A2E3FF26F0-e1644011237336-1011x1024.png\" alt=\"\" class=\"wp-image-13043\" srcset=\"https:\/\/www.jimmy2.ch\/worldpress\/wp-content\/uploads\/2022\/02\/8002AA27-8F25-4606-8370-23A2E3FF26F0-e1644011237336-1011x1024.png 1011w, https:\/\/www.jimmy2.ch\/worldpress\/wp-content\/uploads\/2022\/02\/8002AA27-8F25-4606-8370-23A2E3FF26F0-e1644011237336-296x300.png 296w, https:\/\/www.jimmy2.ch\/worldpress\/wp-content\/uploads\/2022\/02\/8002AA27-8F25-4606-8370-23A2E3FF26F0-e1644011237336-768x778.png 768w, https:\/\/www.jimmy2.ch\/worldpress\/wp-content\/uploads\/2022\/02\/8002AA27-8F25-4606-8370-23A2E3FF26F0-e1644011237336.png 1242w\" sizes=\"auto, (max-width: 1011px) 100vw, 1011px\" \/><\/figure>\n\n\n\n<p>als die Sonne um halb neun auf Jimmy2 scheint. <\/p>\n\n\n\n<figure class=\"wp-block-image size-large\"><img loading=\"lazy\" decoding=\"async\" width=\"1024\" height=\"768\" src=\"https:\/\/www.jimmy2.ch\/worldpress\/wp-content\/uploads\/2022\/02\/0E3777F5-061C-4174-873A-8C83F17B2DCE-1024x768.jpeg\" alt=\"\" class=\"wp-image-13035\" srcset=\"https:\/\/www.jimmy2.ch\/worldpress\/wp-content\/uploads\/2022\/02\/0E3777F5-061C-4174-873A-8C83F17B2DCE-1024x768.jpeg 1024w, https:\/\/www.jimmy2.ch\/worldpress\/wp-content\/uploads\/2022\/02\/0E3777F5-061C-4174-873A-8C83F17B2DCE-300x225.jpeg 300w, https:\/\/www.jimmy2.ch\/worldpress\/wp-content\/uploads\/2022\/02\/0E3777F5-061C-4174-873A-8C83F17B2DCE-768x576.jpeg 768w, https:\/\/www.jimmy2.ch\/worldpress\/wp-content\/uploads\/2022\/02\/0E3777F5-061C-4174-873A-8C83F17B2DCE-1536x1152.jpeg 1536w, https:\/\/www.jimmy2.ch\/worldpress\/wp-content\/uploads\/2022\/02\/0E3777F5-061C-4174-873A-8C83F17B2DCE-2048x1536.jpeg 2048w\" sizes=\"auto, (max-width: 1024px) 100vw, 1024px\" \/><\/figure>\n\n\n\n<p>Wieder wird das Solarpanel installiert. Dann kommt der Roller aus der Garage. Die Temperatur steigt auf 14\u00b0C. Nicht schlecht f\u00fcr 10 Uhr. Viele Warten auf den Beck. Aber der kommt am Sonntag nicht.<br><br>Ich mache mich auf die Suche nach Internet-Empfang um meinen Blog zu aktualisieren. 4 Bilder hochladen und 1 Text bearbeiten = 3\/4 Stunden. Da kommt keine Freude auf.<\/p>\n\n\n\n<figure class=\"wp-block-image size-large\"><img loading=\"lazy\" decoding=\"async\" width=\"1024\" height=\"769\" src=\"https:\/\/www.jimmy2.ch\/worldpress\/wp-content\/uploads\/2022\/02\/19F07B7C-B09E-46F8-9E57-792AF64C3795-1024x769.jpeg\" alt=\"\" class=\"wp-image-13034\" srcset=\"https:\/\/www.jimmy2.ch\/worldpress\/wp-content\/uploads\/2022\/02\/19F07B7C-B09E-46F8-9E57-792AF64C3795-1024x769.jpeg 1024w, https:\/\/www.jimmy2.ch\/worldpress\/wp-content\/uploads\/2022\/02\/19F07B7C-B09E-46F8-9E57-792AF64C3795-300x225.jpeg 300w, https:\/\/www.jimmy2.ch\/worldpress\/wp-content\/uploads\/2022\/02\/19F07B7C-B09E-46F8-9E57-792AF64C3795-768x577.jpeg 768w, https:\/\/www.jimmy2.ch\/worldpress\/wp-content\/uploads\/2022\/02\/19F07B7C-B09E-46F8-9E57-792AF64C3795-1536x1154.jpeg 1536w, https:\/\/www.jimmy2.ch\/worldpress\/wp-content\/uploads\/2022\/02\/19F07B7C-B09E-46F8-9E57-792AF64C3795-2048x1539.jpeg 2048w\" sizes=\"auto, (max-width: 1024px) 100vw, 1024px\" \/><\/figure>\n\n\n\n<p><br>Um halb eins starten wir den Roller und fahren nach Mazarron. Das sind 20 km und etwa 3\/4 Stunden Fahrt. Wir fahren \u00fcber Bolnuevo an den Hafen. <\/p>\n\n\n\n<figure class=\"wp-block-image size-large\"><img loading=\"lazy\" decoding=\"async\" width=\"1024\" height=\"768\" src=\"https:\/\/www.jimmy2.ch\/worldpress\/wp-content\/uploads\/2022\/02\/4F60C362-9135-4106-8264-E79272B1D929-1024x768.jpeg\" alt=\"\" class=\"wp-image-13036\" srcset=\"https:\/\/www.jimmy2.ch\/worldpress\/wp-content\/uploads\/2022\/02\/4F60C362-9135-4106-8264-E79272B1D929-1024x768.jpeg 1024w, https:\/\/www.jimmy2.ch\/worldpress\/wp-content\/uploads\/2022\/02\/4F60C362-9135-4106-8264-E79272B1D929-300x225.jpeg 300w, https:\/\/www.jimmy2.ch\/worldpress\/wp-content\/uploads\/2022\/02\/4F60C362-9135-4106-8264-E79272B1D929-768x576.jpeg 768w, https:\/\/www.jimmy2.ch\/worldpress\/wp-content\/uploads\/2022\/02\/4F60C362-9135-4106-8264-E79272B1D929-1536x1152.jpeg 1536w, https:\/\/www.jimmy2.ch\/worldpress\/wp-content\/uploads\/2022\/02\/4F60C362-9135-4106-8264-E79272B1D929-2048x1536.jpeg 2048w\" sizes=\"auto, (max-width: 1024px) 100vw, 1024px\" \/><\/figure>\n\n\n\n<p>Um halb zwei ist hier schon ganz viel los. <\/p>\n\n\n\n<figure class=\"wp-block-image size-large\"><img loading=\"lazy\" decoding=\"async\" width=\"1024\" height=\"768\" src=\"https:\/\/www.jimmy2.ch\/worldpress\/wp-content\/uploads\/2022\/02\/E4ABB0DA-0473-4B3E-9BFD-716E94E55866-1024x768.jpeg\" alt=\"\" class=\"wp-image-13037\" srcset=\"https:\/\/www.jimmy2.ch\/worldpress\/wp-content\/uploads\/2022\/02\/E4ABB0DA-0473-4B3E-9BFD-716E94E55866-1024x768.jpeg 1024w, https:\/\/www.jimmy2.ch\/worldpress\/wp-content\/uploads\/2022\/02\/E4ABB0DA-0473-4B3E-9BFD-716E94E55866-300x225.jpeg 300w, https:\/\/www.jimmy2.ch\/worldpress\/wp-content\/uploads\/2022\/02\/E4ABB0DA-0473-4B3E-9BFD-716E94E55866-768x576.jpeg 768w, https:\/\/www.jimmy2.ch\/worldpress\/wp-content\/uploads\/2022\/02\/E4ABB0DA-0473-4B3E-9BFD-716E94E55866-1536x1152.jpeg 1536w, https:\/\/www.jimmy2.ch\/worldpress\/wp-content\/uploads\/2022\/02\/E4ABB0DA-0473-4B3E-9BFD-716E94E55866-2048x1536.jpeg 2048w\" sizes=\"auto, (max-width: 1024px) 100vw, 1024px\" \/><\/figure>\n\n\n\n<p>Die Tische in den Restaurants sind alle reserviert. Die Spanier stehen an um einen Tisch zu bekommen. <br><br>Im El Aleman finden wir einen Tisch und ein Menu del d\u00eda das uns anspricht. Es ist zwar ein Schattenplatz, daf\u00fcr in einem Pavillon. Die Bedienung ist nett und spricht deutsch. Ein Student in einem Austauschjahr. Das Essen ausgezeichnet. <\/p>\n\n\n\n<div class=\"wp-block-image\"><figure class=\"aligncenter size-large\"><img loading=\"lazy\" decoding=\"async\" width=\"768\" height=\"1024\" src=\"https:\/\/www.jimmy2.ch\/worldpress\/wp-content\/uploads\/2022\/02\/18D5C34B-7125-4C66-ABD5-9FCC76808E8E-768x1024.jpeg\" alt=\"\" class=\"wp-image-13038\" srcset=\"https:\/\/www.jimmy2.ch\/worldpress\/wp-content\/uploads\/2022\/02\/18D5C34B-7125-4C66-ABD5-9FCC76808E8E-768x1024.jpeg 768w, https:\/\/www.jimmy2.ch\/worldpress\/wp-content\/uploads\/2022\/02\/18D5C34B-7125-4C66-ABD5-9FCC76808E8E-225x300.jpeg 225w, https:\/\/www.jimmy2.ch\/worldpress\/wp-content\/uploads\/2022\/02\/18D5C34B-7125-4C66-ABD5-9FCC76808E8E-1152x1536.jpeg 1152w, https:\/\/www.jimmy2.ch\/worldpress\/wp-content\/uploads\/2022\/02\/18D5C34B-7125-4C66-ABD5-9FCC76808E8E-1536x2048.jpeg 1536w, https:\/\/www.jimmy2.ch\/worldpress\/wp-content\/uploads\/2022\/02\/18D5C34B-7125-4C66-ABD5-9FCC76808E8E-scaled.jpeg 1920w\" sizes=\"auto, (max-width: 768px) 100vw, 768px\" \/><\/figure><\/div>\n\n\n\n<p>Das Dessert ebenso.<\/p>\n\n\n\n<div class=\"wp-block-image\"><figure class=\"aligncenter size-large\"><img loading=\"lazy\" decoding=\"async\" width=\"768\" height=\"1024\" src=\"https:\/\/www.jimmy2.ch\/worldpress\/wp-content\/uploads\/2022\/02\/B104A5F3-F93C-468A-9530-329730016666-768x1024.jpeg\" alt=\"\" class=\"wp-image-13039\" srcset=\"https:\/\/www.jimmy2.ch\/worldpress\/wp-content\/uploads\/2022\/02\/B104A5F3-F93C-468A-9530-329730016666-768x1024.jpeg 768w, https:\/\/www.jimmy2.ch\/worldpress\/wp-content\/uploads\/2022\/02\/B104A5F3-F93C-468A-9530-329730016666-225x300.jpeg 225w, https:\/\/www.jimmy2.ch\/worldpress\/wp-content\/uploads\/2022\/02\/B104A5F3-F93C-468A-9530-329730016666-1152x1536.jpeg 1152w, https:\/\/www.jimmy2.ch\/worldpress\/wp-content\/uploads\/2022\/02\/B104A5F3-F93C-468A-9530-329730016666-1536x2048.jpeg 1536w, https:\/\/www.jimmy2.ch\/worldpress\/wp-content\/uploads\/2022\/02\/B104A5F3-F93C-468A-9530-329730016666-scaled.jpeg 1920w\" sizes=\"auto, (max-width: 768px) 100vw, 768px\" \/><\/figure><\/div>\n\n\n\n<p>Ein Lokal das wir empfehlen k\u00f6nnen. Auch der Preis stimmt. Wir sind in Spanien und da dauert so ein Mittagessen schon mal mehr als 2 Stunden. <\/p>\n\n\n\n<figure class=\"wp-block-image size-large\"><img loading=\"lazy\" decoding=\"async\" width=\"1024\" height=\"768\" src=\"https:\/\/www.jimmy2.ch\/worldpress\/wp-content\/uploads\/2022\/02\/EF0742E0-7EB9-4AF7-8D6D-8D468D3615EC-1024x768.jpeg\" alt=\"\" class=\"wp-image-13040\" srcset=\"https:\/\/www.jimmy2.ch\/worldpress\/wp-content\/uploads\/2022\/02\/EF0742E0-7EB9-4AF7-8D6D-8D468D3615EC-1024x768.jpeg 1024w, https:\/\/www.jimmy2.ch\/worldpress\/wp-content\/uploads\/2022\/02\/EF0742E0-7EB9-4AF7-8D6D-8D468D3615EC-300x225.jpeg 300w, https:\/\/www.jimmy2.ch\/worldpress\/wp-content\/uploads\/2022\/02\/EF0742E0-7EB9-4AF7-8D6D-8D468D3615EC-768x576.jpeg 768w, https:\/\/www.jimmy2.ch\/worldpress\/wp-content\/uploads\/2022\/02\/EF0742E0-7EB9-4AF7-8D6D-8D468D3615EC-1536x1152.jpeg 1536w, https:\/\/www.jimmy2.ch\/worldpress\/wp-content\/uploads\/2022\/02\/EF0742E0-7EB9-4AF7-8D6D-8D468D3615EC-2048x1536.jpeg 2048w\" sizes=\"auto, (max-width: 1024px) 100vw, 1024px\" \/><\/figure>\n\n\n\n<p>Kurz vor f\u00fcnf sind wir wieder auf dem Stellplatz. Christa macht sich auf die Suche nach einem guten Internet-Empfang f\u00fcr das sonnt\u00e4gliche Video-Telefonat mit Patricia. Danach sprechen wir auch noch mit meinem Vater. Es geht ihm soweit gut. Nur das Alleinsein macht ihm zu schaffen.<\/p>\n\n\n\n<figure class=\"wp-block-image size-large\"><img loading=\"lazy\" decoding=\"async\" width=\"1024\" height=\"768\" src=\"https:\/\/www.jimmy2.ch\/worldpress\/wp-content\/uploads\/2022\/02\/7E9EC7EB-5F34-43B6-87FB-6237546E186B-1024x768.jpeg\" alt=\"\" class=\"wp-image-13041\" srcset=\"https:\/\/www.jimmy2.ch\/worldpress\/wp-content\/uploads\/2022\/02\/7E9EC7EB-5F34-43B6-87FB-6237546E186B-1024x768.jpeg 1024w, https:\/\/www.jimmy2.ch\/worldpress\/wp-content\/uploads\/2022\/02\/7E9EC7EB-5F34-43B6-87FB-6237546E186B-300x225.jpeg 300w, https:\/\/www.jimmy2.ch\/worldpress\/wp-content\/uploads\/2022\/02\/7E9EC7EB-5F34-43B6-87FB-6237546E186B-768x576.jpeg 768w, https:\/\/www.jimmy2.ch\/worldpress\/wp-content\/uploads\/2022\/02\/7E9EC7EB-5F34-43B6-87FB-6237546E186B-1536x1152.jpeg 1536w, https:\/\/www.jimmy2.ch\/worldpress\/wp-content\/uploads\/2022\/02\/7E9EC7EB-5F34-43B6-87FB-6237546E186B-2048x1536.jpeg 2048w\" sizes=\"auto, (max-width: 1024px) 100vw, 1024px\" \/><\/figure>\n\n\n\n<figure class=\"wp-block-image size-large\"><img loading=\"lazy\" decoding=\"async\" width=\"1024\" height=\"768\" src=\"https:\/\/www.jimmy2.ch\/worldpress\/wp-content\/uploads\/2022\/02\/D4BEE60B-C64B-4679-8926-2B25EB698AAE-1024x768.jpeg\" alt=\"\" class=\"wp-image-13042\" srcset=\"https:\/\/www.jimmy2.ch\/worldpress\/wp-content\/uploads\/2022\/02\/D4BEE60B-C64B-4679-8926-2B25EB698AAE-1024x768.jpeg 1024w, https:\/\/www.jimmy2.ch\/worldpress\/wp-content\/uploads\/2022\/02\/D4BEE60B-C64B-4679-8926-2B25EB698AAE-300x225.jpeg 300w, https:\/\/www.jimmy2.ch\/worldpress\/wp-content\/uploads\/2022\/02\/D4BEE60B-C64B-4679-8926-2B25EB698AAE-768x576.jpeg 768w, https:\/\/www.jimmy2.ch\/worldpress\/wp-content\/uploads\/2022\/02\/D4BEE60B-C64B-4679-8926-2B25EB698AAE-1536x1152.jpeg 1536w, https:\/\/www.jimmy2.ch\/worldpress\/wp-content\/uploads\/2022\/02\/D4BEE60B-C64B-4679-8926-2B25EB698AAE-2048x1536.jpeg 2048w\" sizes=\"auto, (max-width: 1024px) 100vw, 1024px\" \/><\/figure>\n\n\n\n<p><br>Mit 10\u00b0C ist es eher frisch draussen am Telefon. Wir freuen uns auf das warme Wohnmobil. <br><br>Der TV macht auch heute wieder Zicken. Ist bei diesem Polizeiruf aber zu verkraften. Anne Will interessiert uns heute nicht. So spielen wir eine Runde Rummikube.<br><\/p>\n","protected":false},"excerpt":{"rendered":"<p>#logbuchjimmy2ch Tag 114 Sonntag 30. Januar 2022\u201eSchlangenbucht\u201c, Playa de Percheles N\u00e4he MazzaronN37.53097 W1.381458 Wieder ist es mit 7\u00b0C frisch als die Sonne um halb neun auf Jimmy2 scheint. Wieder wird das Solarpanel installiert. Dann kommt der Roller aus der Garage. &hellip; <a href=\"https:\/\/www.jimmy2.ch\/worldpress\/2022\/01\/30\/schlangenbucht-mazarron\/\">Continue reading <span class=\"meta-nav\">&rarr;<\/span><\/a><\/p>\n","protected":false},"author":1,"featured_media":0,"comment_status":"open","ping_status":"open","sticky":false,"template":"","format":"standard","meta":{"footnotes":""},"categories":[62],"tags":[767,202,393,768,766,101,769,770],"class_list":["post-13011","post","type-post","status-publish","format-standard","hentry","category-spanien","tag-leben-im-wohnmobil","tag-mazarron","tag-mittelmeer","tag-reisen-im-wohnmobil","tag-schlangenbucht","tag-spanien","tag-ueberwintern-in-spanien","tag-wohnen-im-wohnmobil"],"_links":{"self":[{"href":"https:\/\/www.jimmy2.ch\/worldpress\/wp-json\/wp\/v2\/posts\/13011","targetHints":{"allow":["GET"]}}],"collection":[{"href":"https:\/\/www.jimmy2.ch\/worldpress\/wp-json\/wp\/v2\/posts"}],"about":[{"href":"https:\/\/www.jimmy2.ch\/worldpress\/wp-json\/wp\/v2\/types\/post"}],"author":[{"embeddable":true,"href":"https:\/\/www.jimmy2.ch\/worldpress\/wp-json\/wp\/v2\/users\/1"}],"replies":[{"embeddable":true,"href":"https:\/\/www.jimmy2.ch\/worldpress\/wp-json\/wp\/v2\/comments?post=13011"}],"version-history":[{"count":5,"href":"https:\/\/www.jimmy2.ch\/worldpress\/wp-json\/wp\/v2\/posts\/13011\/revisions"}],"predecessor-version":[{"id":13046,"href":"https:\/\/www.jimmy2.ch\/worldpress\/wp-json\/wp\/v2\/posts\/13011\/revisions\/13046"}],"wp:attachment":[{"href":"https:\/\/www.jimmy2.ch\/worldpress\/wp-json\/wp\/v2\/media?parent=13011"}],"wp:term":[{"taxonomy":"category","embeddable":true,"href":"https:\/\/www.jimmy2.ch\/worldpress\/wp-json\/wp\/v2\/categories?post=13011"},{"taxonomy":"post_tag","embeddable":true,"href":"https:\/\/www.jimmy2.ch\/worldpress\/wp-json\/wp\/v2\/tags?post=13011"}],"curies":[{"name":"wp","href":"https:\/\/api.w.org\/{rel}","templated":true}]}}