{"id":12864,"date":"2022-01-22T22:53:00","date_gmt":"2022-01-22T20:53:00","guid":{"rendered":"http:\/\/www.jimmy2.ch\/worldpress\/?p=12864"},"modified":"2022-01-28T19:06:06","modified_gmt":"2022-01-28T17:06:06","slug":"santa-pola-playa-la-ermita-santa-pola","status":"publish","type":"post","link":"https:\/\/www.jimmy2.ch\/worldpress\/2022\/01\/22\/santa-pola-playa-la-ermita-santa-pola\/","title":{"rendered":"Santa Pola &#8211; Playa la Ermita Santa Pola"},"content":{"rendered":"\n<p>#logbuchjimmy2ch Tag 106<br><br>Samstag 22. Januar 2022<br>Santa Pola \/ Playa la Ermita<br>8 km 1\/2 Stunden<br>Parkplatz Playa la Ermita gratis gar nichts vorhanden<br>N38.22489  W0.51147<br><br>Wir schlafen gut. Ich h\u00f6re die Brandung der Wellen. <\/p>\n\n\n\n<figure class=\"wp-block-image size-large\"><img loading=\"lazy\" decoding=\"async\" width=\"1024\" height=\"768\" src=\"https:\/\/www.jimmy2.ch\/worldpress\/wp-content\/uploads\/2022\/01\/ADDE80AB-BB7D-4E26-926A-D7BD8577F5C7-1024x768.jpeg\" alt=\"\" class=\"wp-image-12873\" srcset=\"https:\/\/www.jimmy2.ch\/worldpress\/wp-content\/uploads\/2022\/01\/ADDE80AB-BB7D-4E26-926A-D7BD8577F5C7-1024x768.jpeg 1024w, https:\/\/www.jimmy2.ch\/worldpress\/wp-content\/uploads\/2022\/01\/ADDE80AB-BB7D-4E26-926A-D7BD8577F5C7-300x225.jpeg 300w, https:\/\/www.jimmy2.ch\/worldpress\/wp-content\/uploads\/2022\/01\/ADDE80AB-BB7D-4E26-926A-D7BD8577F5C7-768x576.jpeg 768w, https:\/\/www.jimmy2.ch\/worldpress\/wp-content\/uploads\/2022\/01\/ADDE80AB-BB7D-4E26-926A-D7BD8577F5C7-1536x1152.jpeg 1536w, https:\/\/www.jimmy2.ch\/worldpress\/wp-content\/uploads\/2022\/01\/ADDE80AB-BB7D-4E26-926A-D7BD8577F5C7-2048x1536.jpeg 2048w\" sizes=\"auto, (max-width: 1024px) 100vw, 1024px\" \/><\/figure>\n\n\n\n<p>Kurz nach acht Uhr zieht ein kurzer Regenschauer vor\u00fcber. <\/p>\n\n\n\n<figure class=\"wp-block-image size-large\"><img loading=\"lazy\" decoding=\"async\" width=\"1024\" height=\"768\" src=\"https:\/\/www.jimmy2.ch\/worldpress\/wp-content\/uploads\/2022\/01\/4F764E9A-193F-43D7-BC53-E87D130523C2-1024x768.jpeg\" alt=\"\" class=\"wp-image-12872\" srcset=\"https:\/\/www.jimmy2.ch\/worldpress\/wp-content\/uploads\/2022\/01\/4F764E9A-193F-43D7-BC53-E87D130523C2-1024x768.jpeg 1024w, https:\/\/www.jimmy2.ch\/worldpress\/wp-content\/uploads\/2022\/01\/4F764E9A-193F-43D7-BC53-E87D130523C2-300x225.jpeg 300w, https:\/\/www.jimmy2.ch\/worldpress\/wp-content\/uploads\/2022\/01\/4F764E9A-193F-43D7-BC53-E87D130523C2-768x576.jpeg 768w, https:\/\/www.jimmy2.ch\/worldpress\/wp-content\/uploads\/2022\/01\/4F764E9A-193F-43D7-BC53-E87D130523C2-1536x1152.jpeg 1536w, https:\/\/www.jimmy2.ch\/worldpress\/wp-content\/uploads\/2022\/01\/4F764E9A-193F-43D7-BC53-E87D130523C2-2048x1536.jpeg 2048w\" sizes=\"auto, (max-width: 1024px) 100vw, 1024px\" \/><\/figure>\n\n\n\n<p>Etwa 35 Wohnmobile haben \u00fcber Nacht auf dem Platz gestanden. Nun ziehen viele weiter. Der Platz leert sich. <br><br>Wir nehmen die Spanien-Karte hervor und besprechen unsere Reise-Route. Theoretisch haben wir ja Zeit ohne Ende. Praktisch wollen wir einige Tage vor Ostern \u201ezu Hause\u201c sprich in Waldshut sein. <br><br>Es zeigt sich, dass wir Portugal in diesem Fr\u00fchjahr nicht bereisen werden. Auf unserer R\u00fcckreise wollen wir Madrid einen Besuch abstatten. Aber wer uns kennt weiss, dass wir eine rollende Planung haben und flexibel sind.<br><br>Das Wetter zeigt keine Besserung. Sollte mehr Regen kommen, wird dieser Ort zu einem Schlamm-Parkplatz werden. Das wollen wir uns nicht antun und fahren weiter. <br><br>Nur wenige Kilometer. Gem\u00e4ss CamperContact soll es an der K\u00fcstenstrasse entlang noch eine M\u00f6glichkeit geben frei zu stehen. <br><br>Um 13 Uhr haben wir unser Ziel erreicht. Die Playa la Ermita. <\/p>\n\n\n\n<figure class=\"wp-block-image size-large\"><img loading=\"lazy\" decoding=\"async\" width=\"1024\" height=\"768\" src=\"https:\/\/www.jimmy2.ch\/worldpress\/wp-content\/uploads\/2022\/01\/9CDDECB6-F916-40E0-B0E2-7CEF54C64710-1024x768.jpeg\" alt=\"\" class=\"wp-image-12874\" srcset=\"https:\/\/www.jimmy2.ch\/worldpress\/wp-content\/uploads\/2022\/01\/9CDDECB6-F916-40E0-B0E2-7CEF54C64710-1024x768.jpeg 1024w, https:\/\/www.jimmy2.ch\/worldpress\/wp-content\/uploads\/2022\/01\/9CDDECB6-F916-40E0-B0E2-7CEF54C64710-300x225.jpeg 300w, https:\/\/www.jimmy2.ch\/worldpress\/wp-content\/uploads\/2022\/01\/9CDDECB6-F916-40E0-B0E2-7CEF54C64710-768x576.jpeg 768w, https:\/\/www.jimmy2.ch\/worldpress\/wp-content\/uploads\/2022\/01\/9CDDECB6-F916-40E0-B0E2-7CEF54C64710-1536x1152.jpeg 1536w, https:\/\/www.jimmy2.ch\/worldpress\/wp-content\/uploads\/2022\/01\/9CDDECB6-F916-40E0-B0E2-7CEF54C64710-2048x1536.jpeg 2048w\" sizes=\"auto, (max-width: 1024px) 100vw, 1024px\" \/><\/figure>\n\n\n\n<p>Hier stehen zahlreiche Wohnmobile. Wir finden einen Platz der uns \u201egef\u00e4llt\u201c mit Blick auf\u2018s Meer. 13\u00b0C ist es mittlerweile. Wir spazieren \u00fcber den Platz, schauen uns etwas um und kommen mit einem Basler-Ehepaar ins Gespr\u00e4ch. Sie stehen schon etwas l\u00e4nger hier. <\/p>\n\n\n\n<figure class=\"wp-block-image size-large\"><img loading=\"lazy\" decoding=\"async\" width=\"1024\" height=\"768\" src=\"https:\/\/www.jimmy2.ch\/worldpress\/wp-content\/uploads\/2022\/01\/24A5CAE1-7A65-4707-AE7B-68242FD9C2AA-1024x768.jpeg\" alt=\"\" class=\"wp-image-12875\" srcset=\"https:\/\/www.jimmy2.ch\/worldpress\/wp-content\/uploads\/2022\/01\/24A5CAE1-7A65-4707-AE7B-68242FD9C2AA-1024x768.jpeg 1024w, https:\/\/www.jimmy2.ch\/worldpress\/wp-content\/uploads\/2022\/01\/24A5CAE1-7A65-4707-AE7B-68242FD9C2AA-300x225.jpeg 300w, https:\/\/www.jimmy2.ch\/worldpress\/wp-content\/uploads\/2022\/01\/24A5CAE1-7A65-4707-AE7B-68242FD9C2AA-768x576.jpeg 768w, https:\/\/www.jimmy2.ch\/worldpress\/wp-content\/uploads\/2022\/01\/24A5CAE1-7A65-4707-AE7B-68242FD9C2AA-1536x1152.jpeg 1536w, https:\/\/www.jimmy2.ch\/worldpress\/wp-content\/uploads\/2022\/01\/24A5CAE1-7A65-4707-AE7B-68242FD9C2AA-2048x1536.jpeg 2048w\" sizes=\"auto, (max-width: 1024px) 100vw, 1024px\" \/><\/figure>\n\n\n\n<figure class=\"wp-block-image size-large\"><img loading=\"lazy\" decoding=\"async\" width=\"1024\" height=\"768\" src=\"https:\/\/www.jimmy2.ch\/worldpress\/wp-content\/uploads\/2022\/01\/1A70D7FB-7D4E-43EF-B3AE-F40EACFCB9DE-1024x768.jpeg\" alt=\"\" class=\"wp-image-12877\" srcset=\"https:\/\/www.jimmy2.ch\/worldpress\/wp-content\/uploads\/2022\/01\/1A70D7FB-7D4E-43EF-B3AE-F40EACFCB9DE-1024x768.jpeg 1024w, https:\/\/www.jimmy2.ch\/worldpress\/wp-content\/uploads\/2022\/01\/1A70D7FB-7D4E-43EF-B3AE-F40EACFCB9DE-300x225.jpeg 300w, https:\/\/www.jimmy2.ch\/worldpress\/wp-content\/uploads\/2022\/01\/1A70D7FB-7D4E-43EF-B3AE-F40EACFCB9DE-768x576.jpeg 768w, https:\/\/www.jimmy2.ch\/worldpress\/wp-content\/uploads\/2022\/01\/1A70D7FB-7D4E-43EF-B3AE-F40EACFCB9DE-1536x1152.jpeg 1536w, https:\/\/www.jimmy2.ch\/worldpress\/wp-content\/uploads\/2022\/01\/1A70D7FB-7D4E-43EF-B3AE-F40EACFCB9DE-2048x1536.jpeg 2048w\" sizes=\"auto, (max-width: 1024px) 100vw, 1024px\" \/><\/figure>\n\n\n\n<p><br><br>Frische Luft macht hungrig. Tomatensalat mit Mozarella, Lachs, Brot und PommesChips. Was man so dabei hat. Dann wird wieder an meinem Blog geschrieben und ein Video vorbereitet. <br><br>Am sp\u00e4teren Nachmittag erkundet Christa den Platz. Mir ist es mit 13\u00b0C zu kalt und zu windig. Ich bleibe im Wohnmobil.  Als Christa zur\u00fcck kommt gibt es Kaffee und Panetone.<\/p>\n\n\n\n<div class=\"wp-block-image\"><figure class=\"aligncenter size-large\"><img loading=\"lazy\" decoding=\"async\" width=\"768\" height=\"1024\" src=\"https:\/\/www.jimmy2.ch\/worldpress\/wp-content\/uploads\/2022\/01\/E6EFA8D8-AF98-4FB3-9C6A-67870BF351A1-768x1024.png\" alt=\"\" class=\"wp-image-12876\" srcset=\"https:\/\/www.jimmy2.ch\/worldpress\/wp-content\/uploads\/2022\/01\/E6EFA8D8-AF98-4FB3-9C6A-67870BF351A1-768x1025.png 768w, https:\/\/www.jimmy2.ch\/worldpress\/wp-content\/uploads\/2022\/01\/E6EFA8D8-AF98-4FB3-9C6A-67870BF351A1-225x300.png 225w, https:\/\/www.jimmy2.ch\/worldpress\/wp-content\/uploads\/2022\/01\/E6EFA8D8-AF98-4FB3-9C6A-67870BF351A1-1151x1536.png 1151w, https:\/\/www.jimmy2.ch\/worldpress\/wp-content\/uploads\/2022\/01\/E6EFA8D8-AF98-4FB3-9C6A-67870BF351A1-1535x2048.png 1535w, https:\/\/www.jimmy2.ch\/worldpress\/wp-content\/uploads\/2022\/01\/E6EFA8D8-AF98-4FB3-9C6A-67870BF351A1.png 2048w\" sizes=\"auto, (max-width: 768px) 100vw, 768px\" \/><\/figure><\/div>\n\n\n\n<p><br><br><\/p>\n","protected":false},"excerpt":{"rendered":"<p>#logbuchjimmy2ch Tag 106 Samstag 22. Januar 2022Santa Pola \/ Playa la Ermita8 km 1\/2 StundenParkplatz Playa la Ermita gratis gar nichts vorhandenN38.22489 W0.51147 Wir schlafen gut. Ich h\u00f6re die Brandung der Wellen. Kurz nach acht Uhr zieht ein kurzer Regenschauer &hellip; <a href=\"https:\/\/www.jimmy2.ch\/worldpress\/2022\/01\/22\/santa-pola-playa-la-ermita-santa-pola\/\">Continue reading <span class=\"meta-nav\">&rarr;<\/span><\/a><\/p>\n","protected":false},"author":1,"featured_media":0,"comment_status":"open","ping_status":"open","sticky":false,"template":"","format":"standard","meta":{"footnotes":""},"categories":[62],"tags":[393,754,751,101,752],"class_list":["post-12864","post","type-post","status-publish","format-standard","hentry","category-spanien","tag-mittelmeer","tag-playa-la-ermita","tag-santa-pola","tag-spanien","tag-urbanova"],"_links":{"self":[{"href":"https:\/\/www.jimmy2.ch\/worldpress\/wp-json\/wp\/v2\/posts\/12864","targetHints":{"allow":["GET"]}}],"collection":[{"href":"https:\/\/www.jimmy2.ch\/worldpress\/wp-json\/wp\/v2\/posts"}],"about":[{"href":"https:\/\/www.jimmy2.ch\/worldpress\/wp-json\/wp\/v2\/types\/post"}],"author":[{"embeddable":true,"href":"https:\/\/www.jimmy2.ch\/worldpress\/wp-json\/wp\/v2\/users\/1"}],"replies":[{"embeddable":true,"href":"https:\/\/www.jimmy2.ch\/worldpress\/wp-json\/wp\/v2\/comments?post=12864"}],"version-history":[{"count":2,"href":"https:\/\/www.jimmy2.ch\/worldpress\/wp-json\/wp\/v2\/posts\/12864\/revisions"}],"predecessor-version":[{"id":12880,"href":"https:\/\/www.jimmy2.ch\/worldpress\/wp-json\/wp\/v2\/posts\/12864\/revisions\/12880"}],"wp:attachment":[{"href":"https:\/\/www.jimmy2.ch\/worldpress\/wp-json\/wp\/v2\/media?parent=12864"}],"wp:term":[{"taxonomy":"category","embeddable":true,"href":"https:\/\/www.jimmy2.ch\/worldpress\/wp-json\/wp\/v2\/categories?post=12864"},{"taxonomy":"post_tag","embeddable":true,"href":"https:\/\/www.jimmy2.ch\/worldpress\/wp-json\/wp\/v2\/tags?post=12864"}],"curies":[{"name":"wp","href":"https:\/\/api.w.org\/{rel}","templated":true}]}}