{"id":12788,"date":"2022-01-17T22:43:00","date_gmt":"2022-01-17T20:43:00","guid":{"rendered":"http:\/\/www.jimmy2.ch\/worldpress\/?p=12788"},"modified":"2022-01-18T23:14:20","modified_gmt":"2022-01-18T21:14:20","slug":"calpe-52","status":"publish","type":"post","link":"https:\/\/www.jimmy2.ch\/worldpress\/2022\/01\/17\/calpe-52\/","title":{"rendered":"Calpe"},"content":{"rendered":"\n<p><br>#logbuchjimmy2ch Tag 101<br><br>Montag 17. Januar 2022<br>Calpe \/ Sol de Calpe Boreal <br><br><br><br>Wieder ein kalte Nacht. 1\u00b0C ist es kurz vor neun als die Sonne am Horizont erscheint. Sch\u00f6n anzusehen. <\/p>\n\n\n\n<figure class=\"wp-block-image size-large\"><img loading=\"lazy\" decoding=\"async\" width=\"1024\" height=\"768\" src=\"https:\/\/www.jimmy2.ch\/worldpress\/wp-content\/uploads\/2022\/01\/A6402431-61A8-4AE4-BE45-5DBF4B2C7D19-1024x768.jpeg\" alt=\"\" class=\"wp-image-12797\" srcset=\"https:\/\/www.jimmy2.ch\/worldpress\/wp-content\/uploads\/2022\/01\/A6402431-61A8-4AE4-BE45-5DBF4B2C7D19-1024x768.jpeg 1024w, https:\/\/www.jimmy2.ch\/worldpress\/wp-content\/uploads\/2022\/01\/A6402431-61A8-4AE4-BE45-5DBF4B2C7D19-300x225.jpeg 300w, https:\/\/www.jimmy2.ch\/worldpress\/wp-content\/uploads\/2022\/01\/A6402431-61A8-4AE4-BE45-5DBF4B2C7D19-768x576.jpeg 768w, https:\/\/www.jimmy2.ch\/worldpress\/wp-content\/uploads\/2022\/01\/A6402431-61A8-4AE4-BE45-5DBF4B2C7D19-1536x1152.jpeg 1536w, https:\/\/www.jimmy2.ch\/worldpress\/wp-content\/uploads\/2022\/01\/A6402431-61A8-4AE4-BE45-5DBF4B2C7D19-2048x1536.jpeg 2048w\" sizes=\"auto, (max-width: 1024px) 100vw, 1024px\" \/><\/figure>\n\n\n\n<figure class=\"wp-block-image size-large\"><img loading=\"lazy\" decoding=\"async\" width=\"1024\" height=\"768\" src=\"https:\/\/www.jimmy2.ch\/worldpress\/wp-content\/uploads\/2022\/01\/EAA9A8BF-2B14-463A-90F4-4FB48785BF2C-1024x768.jpeg\" alt=\"\" class=\"wp-image-12798\" srcset=\"https:\/\/www.jimmy2.ch\/worldpress\/wp-content\/uploads\/2022\/01\/EAA9A8BF-2B14-463A-90F4-4FB48785BF2C-1024x768.jpeg 1024w, https:\/\/www.jimmy2.ch\/worldpress\/wp-content\/uploads\/2022\/01\/EAA9A8BF-2B14-463A-90F4-4FB48785BF2C-300x225.jpeg 300w, https:\/\/www.jimmy2.ch\/worldpress\/wp-content\/uploads\/2022\/01\/EAA9A8BF-2B14-463A-90F4-4FB48785BF2C-768x576.jpeg 768w, https:\/\/www.jimmy2.ch\/worldpress\/wp-content\/uploads\/2022\/01\/EAA9A8BF-2B14-463A-90F4-4FB48785BF2C-1536x1152.jpeg 1536w, https:\/\/www.jimmy2.ch\/worldpress\/wp-content\/uploads\/2022\/01\/EAA9A8BF-2B14-463A-90F4-4FB48785BF2C-2048x1536.jpeg 2048w\" sizes=\"auto, (max-width: 1024px) 100vw, 1024px\" \/><\/figure>\n\n\n\n<figure class=\"wp-block-image size-large\"><img loading=\"lazy\" decoding=\"async\" width=\"1024\" height=\"768\" src=\"https:\/\/www.jimmy2.ch\/worldpress\/wp-content\/uploads\/2022\/01\/13D95B09-897D-4632-9994-4C7393F82D8C-1024x768.jpeg\" alt=\"\" class=\"wp-image-12799\" srcset=\"https:\/\/www.jimmy2.ch\/worldpress\/wp-content\/uploads\/2022\/01\/13D95B09-897D-4632-9994-4C7393F82D8C-1024x768.jpeg 1024w, https:\/\/www.jimmy2.ch\/worldpress\/wp-content\/uploads\/2022\/01\/13D95B09-897D-4632-9994-4C7393F82D8C-300x225.jpeg 300w, https:\/\/www.jimmy2.ch\/worldpress\/wp-content\/uploads\/2022\/01\/13D95B09-897D-4632-9994-4C7393F82D8C-768x576.jpeg 768w, https:\/\/www.jimmy2.ch\/worldpress\/wp-content\/uploads\/2022\/01\/13D95B09-897D-4632-9994-4C7393F82D8C-1536x1152.jpeg 1536w, https:\/\/www.jimmy2.ch\/worldpress\/wp-content\/uploads\/2022\/01\/13D95B09-897D-4632-9994-4C7393F82D8C-2048x1536.jpeg 2048w\" sizes=\"auto, (max-width: 1024px) 100vw, 1024px\" \/><\/figure>\n\n\n\n<p>Heute findet unsere grosses \u201eAbschieds-Kaffee-Kr\u00e4nzli\u201c statt. Christa ist schon fr\u00fch unterwegs um einen frischen Zitronen-Kuchen im Consum zu holen. <br><br>Da ich Christa nicht im Wege stehen will, sitze ich draussen an der Sonne. Immer wenn sich eine Wolke vor die Sonne schiebt wird es \u201ekalt\u201c. <\/p>\n\n\n\n<figure class=\"wp-block-image size-large\"><img loading=\"lazy\" decoding=\"async\" width=\"1024\" height=\"768\" src=\"https:\/\/www.jimmy2.ch\/worldpress\/wp-content\/uploads\/2022\/01\/E1D084A7-83AD-4F44-81AC-CA22E1561D3D-1024x768.jpeg\" alt=\"\" class=\"wp-image-12800\" srcset=\"https:\/\/www.jimmy2.ch\/worldpress\/wp-content\/uploads\/2022\/01\/E1D084A7-83AD-4F44-81AC-CA22E1561D3D-1024x768.jpeg 1024w, https:\/\/www.jimmy2.ch\/worldpress\/wp-content\/uploads\/2022\/01\/E1D084A7-83AD-4F44-81AC-CA22E1561D3D-300x225.jpeg 300w, https:\/\/www.jimmy2.ch\/worldpress\/wp-content\/uploads\/2022\/01\/E1D084A7-83AD-4F44-81AC-CA22E1561D3D-768x576.jpeg 768w, https:\/\/www.jimmy2.ch\/worldpress\/wp-content\/uploads\/2022\/01\/E1D084A7-83AD-4F44-81AC-CA22E1561D3D-1536x1152.jpeg 1536w, https:\/\/www.jimmy2.ch\/worldpress\/wp-content\/uploads\/2022\/01\/E1D084A7-83AD-4F44-81AC-CA22E1561D3D-2048x1536.jpeg 2048w\" sizes=\"auto, (max-width: 1024px) 100vw, 1024px\" \/><\/figure>\n\n\n\n<p>Gegen halb zwei geht es los. Meine grosse Aufgabe ist es, den Tisch zum Nachbarn r\u00fcber zu stellen. <\/p>\n\n\n\n<div class=\"wp-block-image\"><figure class=\"aligncenter size-large\"><img loading=\"lazy\" decoding=\"async\" width=\"768\" height=\"1024\" src=\"https:\/\/www.jimmy2.ch\/worldpress\/wp-content\/uploads\/2022\/01\/4F4D46A5-0D71-45DF-9DD3-FBE406F87B4C-768x1024.jpeg\" alt=\"\" class=\"wp-image-12802\" srcset=\"https:\/\/www.jimmy2.ch\/worldpress\/wp-content\/uploads\/2022\/01\/4F4D46A5-0D71-45DF-9DD3-FBE406F87B4C-768x1024.jpeg 768w, https:\/\/www.jimmy2.ch\/worldpress\/wp-content\/uploads\/2022\/01\/4F4D46A5-0D71-45DF-9DD3-FBE406F87B4C-225x300.jpeg 225w, https:\/\/www.jimmy2.ch\/worldpress\/wp-content\/uploads\/2022\/01\/4F4D46A5-0D71-45DF-9DD3-FBE406F87B4C-1152x1536.jpeg 1152w, https:\/\/www.jimmy2.ch\/worldpress\/wp-content\/uploads\/2022\/01\/4F4D46A5-0D71-45DF-9DD3-FBE406F87B4C-1536x2048.jpeg 1536w, https:\/\/www.jimmy2.ch\/worldpress\/wp-content\/uploads\/2022\/01\/4F4D46A5-0D71-45DF-9DD3-FBE406F87B4C-scaled.jpeg 1920w\" sizes=\"auto, (max-width: 768px) 100vw, 768px\" \/><\/figure><\/div>\n\n\n\n<p>Das \u201eAbschieds-Kaffee-Kr\u00e4nzli\u201c findet auf dem Platz von J\u00fcrgen und Christel statt. Sie haben den sonnigsten Platz von uns. Vielen Dank J\u00fcrgen und Christel, dass wir Euren Platz benutzen d\u00fcrfen. <\/p>\n\n\n\n<figure class=\"wp-block-image size-large\"><img loading=\"lazy\" decoding=\"async\" width=\"1024\" height=\"768\" src=\"https:\/\/www.jimmy2.ch\/worldpress\/wp-content\/uploads\/2022\/01\/39A85292-1208-4ED5-A5FD-DB27550B6BC5-1024x768.jpeg\" alt=\"\" class=\"wp-image-12801\" srcset=\"https:\/\/www.jimmy2.ch\/worldpress\/wp-content\/uploads\/2022\/01\/39A85292-1208-4ED5-A5FD-DB27550B6BC5-1024x768.jpeg 1024w, https:\/\/www.jimmy2.ch\/worldpress\/wp-content\/uploads\/2022\/01\/39A85292-1208-4ED5-A5FD-DB27550B6BC5-300x225.jpeg 300w, https:\/\/www.jimmy2.ch\/worldpress\/wp-content\/uploads\/2022\/01\/39A85292-1208-4ED5-A5FD-DB27550B6BC5-768x576.jpeg 768w, https:\/\/www.jimmy2.ch\/worldpress\/wp-content\/uploads\/2022\/01\/39A85292-1208-4ED5-A5FD-DB27550B6BC5-1536x1152.jpeg 1536w, https:\/\/www.jimmy2.ch\/worldpress\/wp-content\/uploads\/2022\/01\/39A85292-1208-4ED5-A5FD-DB27550B6BC5-2048x1536.jpeg 2048w\" sizes=\"auto, (max-width: 1024px) 100vw, 1024px\" \/><\/figure>\n\n\n\n<p><br>Die Tische werden gedeckt.<\/p>\n\n\n\n<figure class=\"wp-block-image size-large\"><img loading=\"lazy\" decoding=\"async\" width=\"1024\" height=\"768\" src=\"https:\/\/www.jimmy2.ch\/worldpress\/wp-content\/uploads\/2022\/01\/403ECFE1-54DC-4157-87B7-2F5B50F8710F-1024x768.jpeg\" alt=\"\" class=\"wp-image-12803\" srcset=\"https:\/\/www.jimmy2.ch\/worldpress\/wp-content\/uploads\/2022\/01\/403ECFE1-54DC-4157-87B7-2F5B50F8710F-1024x768.jpeg 1024w, https:\/\/www.jimmy2.ch\/worldpress\/wp-content\/uploads\/2022\/01\/403ECFE1-54DC-4157-87B7-2F5B50F8710F-300x225.jpeg 300w, https:\/\/www.jimmy2.ch\/worldpress\/wp-content\/uploads\/2022\/01\/403ECFE1-54DC-4157-87B7-2F5B50F8710F-768x576.jpeg 768w, https:\/\/www.jimmy2.ch\/worldpress\/wp-content\/uploads\/2022\/01\/403ECFE1-54DC-4157-87B7-2F5B50F8710F-1536x1152.jpeg 1536w, https:\/\/www.jimmy2.ch\/worldpress\/wp-content\/uploads\/2022\/01\/403ECFE1-54DC-4157-87B7-2F5B50F8710F-2048x1536.jpeg 2048w\" sizes=\"auto, (max-width: 1024px) 100vw, 1024px\" \/><\/figure>\n\n\n\n<p>Dann trudeln die G\u00e4ste ein und ein entspanntes und gem\u00fctliches Zusammensitzen beginnt. <\/p>\n\n\n\n<figure class=\"wp-block-image size-large\"><img loading=\"lazy\" decoding=\"async\" width=\"1024\" height=\"768\" src=\"https:\/\/www.jimmy2.ch\/worldpress\/wp-content\/uploads\/2022\/01\/812E82E7-CBD0-44A7-8282-2B8070061A1E-1024x768.jpeg\" alt=\"\" class=\"wp-image-12804\" srcset=\"https:\/\/www.jimmy2.ch\/worldpress\/wp-content\/uploads\/2022\/01\/812E82E7-CBD0-44A7-8282-2B8070061A1E-1024x768.jpeg 1024w, https:\/\/www.jimmy2.ch\/worldpress\/wp-content\/uploads\/2022\/01\/812E82E7-CBD0-44A7-8282-2B8070061A1E-300x225.jpeg 300w, https:\/\/www.jimmy2.ch\/worldpress\/wp-content\/uploads\/2022\/01\/812E82E7-CBD0-44A7-8282-2B8070061A1E-768x576.jpeg 768w, https:\/\/www.jimmy2.ch\/worldpress\/wp-content\/uploads\/2022\/01\/812E82E7-CBD0-44A7-8282-2B8070061A1E-1536x1152.jpeg 1536w, https:\/\/www.jimmy2.ch\/worldpress\/wp-content\/uploads\/2022\/01\/812E82E7-CBD0-44A7-8282-2B8070061A1E-2048x1536.jpeg 2048w\" sizes=\"auto, (max-width: 1024px) 100vw, 1024px\" \/><figcaption>Christa schneidet den Zitronen-Kuchen an. Der ist sehr begehrt.<\/figcaption><\/figure>\n\n\n\n<figure class=\"wp-block-image size-large\"><img loading=\"lazy\" decoding=\"async\" width=\"1024\" height=\"768\" src=\"https:\/\/www.jimmy2.ch\/worldpress\/wp-content\/uploads\/2022\/01\/EB7D7F7B-4A1E-498D-AE46-09F084C83822-1024x768.jpeg\" alt=\"\" class=\"wp-image-12805\" srcset=\"https:\/\/www.jimmy2.ch\/worldpress\/wp-content\/uploads\/2022\/01\/EB7D7F7B-4A1E-498D-AE46-09F084C83822-1024x768.jpeg 1024w, https:\/\/www.jimmy2.ch\/worldpress\/wp-content\/uploads\/2022\/01\/EB7D7F7B-4A1E-498D-AE46-09F084C83822-300x225.jpeg 300w, https:\/\/www.jimmy2.ch\/worldpress\/wp-content\/uploads\/2022\/01\/EB7D7F7B-4A1E-498D-AE46-09F084C83822-768x576.jpeg 768w, https:\/\/www.jimmy2.ch\/worldpress\/wp-content\/uploads\/2022\/01\/EB7D7F7B-4A1E-498D-AE46-09F084C83822-1536x1152.jpeg 1536w, https:\/\/www.jimmy2.ch\/worldpress\/wp-content\/uploads\/2022\/01\/EB7D7F7B-4A1E-498D-AE46-09F084C83822-2048x1536.jpeg 2048w\" sizes=\"auto, (max-width: 1024px) 100vw, 1024px\" \/><\/figure>\n\n\n\n<div class=\"wp-block-image\"><figure class=\"aligncenter size-large\"><img loading=\"lazy\" decoding=\"async\" width=\"768\" height=\"1024\" src=\"https:\/\/www.jimmy2.ch\/worldpress\/wp-content\/uploads\/2022\/01\/A8F00991-63EA-4D6A-8EFF-000488676F34-768x1024.jpeg\" alt=\"\" class=\"wp-image-12806\" srcset=\"https:\/\/www.jimmy2.ch\/worldpress\/wp-content\/uploads\/2022\/01\/A8F00991-63EA-4D6A-8EFF-000488676F34-768x1024.jpeg 768w, https:\/\/www.jimmy2.ch\/worldpress\/wp-content\/uploads\/2022\/01\/A8F00991-63EA-4D6A-8EFF-000488676F34-225x300.jpeg 225w, https:\/\/www.jimmy2.ch\/worldpress\/wp-content\/uploads\/2022\/01\/A8F00991-63EA-4D6A-8EFF-000488676F34-1152x1536.jpeg 1152w, https:\/\/www.jimmy2.ch\/worldpress\/wp-content\/uploads\/2022\/01\/A8F00991-63EA-4D6A-8EFF-000488676F34.jpeg 1200w\" sizes=\"auto, (max-width: 768px) 100vw, 768px\" \/><\/figure><\/div>\n\n\n\n<div class=\"wp-block-image\"><figure class=\"aligncenter size-large\"><img loading=\"lazy\" decoding=\"async\" width=\"768\" height=\"1024\" src=\"https:\/\/www.jimmy2.ch\/worldpress\/wp-content\/uploads\/2022\/01\/836FEADD-86EB-4BDC-8505-BA5624555002-768x1024.jpeg\" alt=\"\" class=\"wp-image-12807\" srcset=\"https:\/\/www.jimmy2.ch\/worldpress\/wp-content\/uploads\/2022\/01\/836FEADD-86EB-4BDC-8505-BA5624555002-768x1024.jpeg 768w, https:\/\/www.jimmy2.ch\/worldpress\/wp-content\/uploads\/2022\/01\/836FEADD-86EB-4BDC-8505-BA5624555002-225x300.jpeg 225w, https:\/\/www.jimmy2.ch\/worldpress\/wp-content\/uploads\/2022\/01\/836FEADD-86EB-4BDC-8505-BA5624555002-1152x1536.jpeg 1152w, https:\/\/www.jimmy2.ch\/worldpress\/wp-content\/uploads\/2022\/01\/836FEADD-86EB-4BDC-8505-BA5624555002.jpeg 1536w\" sizes=\"auto, (max-width: 768px) 100vw, 768px\" \/><figcaption>Nach den S\u00fcss-Speisen gibt es Sekt f\u00fcr die Damen und Bier f\u00fcr die Herren. Dazu Chips und Nachos.<\/figcaption><\/figure><\/div>\n\n\n\n<div class=\"wp-block-image\"><figure class=\"aligncenter size-large\"><img loading=\"lazy\" decoding=\"async\" width=\"768\" height=\"1024\" src=\"https:\/\/www.jimmy2.ch\/worldpress\/wp-content\/uploads\/2022\/01\/26DDFE38-C937-4E1F-92AA-0902C6D449B3-768x1024.jpeg\" alt=\"\" class=\"wp-image-12808\" srcset=\"https:\/\/www.jimmy2.ch\/worldpress\/wp-content\/uploads\/2022\/01\/26DDFE38-C937-4E1F-92AA-0902C6D449B3-768x1024.jpeg 768w, https:\/\/www.jimmy2.ch\/worldpress\/wp-content\/uploads\/2022\/01\/26DDFE38-C937-4E1F-92AA-0902C6D449B3-225x300.jpeg 225w, https:\/\/www.jimmy2.ch\/worldpress\/wp-content\/uploads\/2022\/01\/26DDFE38-C937-4E1F-92AA-0902C6D449B3-1152x1536.jpeg 1152w, https:\/\/www.jimmy2.ch\/worldpress\/wp-content\/uploads\/2022\/01\/26DDFE38-C937-4E1F-92AA-0902C6D449B3.jpeg 1536w\" sizes=\"auto, (max-width: 768px) 100vw, 768px\" \/><\/figure><\/div>\n\n\n\n<p><br>Kurz nach f\u00fcnf wird es frisch. Die Sonne verliert an Kraft. Das \u201eAbschieds-Kaffee-Kr\u00e4nzli\u201c l\u00f6st sich auf. Wir verstauen die St\u00fchle in die Garage, stellen den Tisch zur\u00fcck und waschen das Geschirr ab. <br><br>Dann ist auch f\u00fcr uns Feierabend. Es war ein sch\u00f6ner Nachmittag. Christa hat es gefallen. Sie ist zufrieden. Ich denke die anderen auch.<br><br>Draussen beginnen die Temperaturen wieder zu sinken. Eine weitere kalte Nacht steht uns bevor.<\/p>\n","protected":false},"excerpt":{"rendered":"<p>#logbuchjimmy2ch Tag 101 Montag 17. Januar 2022Calpe \/ Sol de Calpe Boreal Wieder ein kalte Nacht. 1\u00b0C ist es kurz vor neun als die Sonne am Horizont erscheint. Sch\u00f6n anzusehen. Heute findet unsere grosses \u201eAbschieds-Kaffee-Kr\u00e4nzli\u201c statt. Christa ist schon fr\u00fch &hellip; <a href=\"https:\/\/www.jimmy2.ch\/worldpress\/2022\/01\/17\/calpe-52\/\">Continue reading <span class=\"meta-nav\">&rarr;<\/span><\/a><\/p>\n","protected":false},"author":1,"featured_media":0,"comment_status":"open","ping_status":"open","sticky":false,"template":"","format":"standard","meta":{"footnotes":""},"categories":[62],"tags":[26,717,101],"class_list":["post-12788","post","type-post","status-publish","format-standard","hentry","category-spanien","tag-calpe","tag-sol-de-calpe-boreal","tag-spanien"],"_links":{"self":[{"href":"https:\/\/www.jimmy2.ch\/worldpress\/wp-json\/wp\/v2\/posts\/12788","targetHints":{"allow":["GET"]}}],"collection":[{"href":"https:\/\/www.jimmy2.ch\/worldpress\/wp-json\/wp\/v2\/posts"}],"about":[{"href":"https:\/\/www.jimmy2.ch\/worldpress\/wp-json\/wp\/v2\/types\/post"}],"author":[{"embeddable":true,"href":"https:\/\/www.jimmy2.ch\/worldpress\/wp-json\/wp\/v2\/users\/1"}],"replies":[{"embeddable":true,"href":"https:\/\/www.jimmy2.ch\/worldpress\/wp-json\/wp\/v2\/comments?post=12788"}],"version-history":[{"count":4,"href":"https:\/\/www.jimmy2.ch\/worldpress\/wp-json\/wp\/v2\/posts\/12788\/revisions"}],"predecessor-version":[{"id":12811,"href":"https:\/\/www.jimmy2.ch\/worldpress\/wp-json\/wp\/v2\/posts\/12788\/revisions\/12811"}],"wp:attachment":[{"href":"https:\/\/www.jimmy2.ch\/worldpress\/wp-json\/wp\/v2\/media?parent=12788"}],"wp:term":[{"taxonomy":"category","embeddable":true,"href":"https:\/\/www.jimmy2.ch\/worldpress\/wp-json\/wp\/v2\/categories?post=12788"},{"taxonomy":"post_tag","embeddable":true,"href":"https:\/\/www.jimmy2.ch\/worldpress\/wp-json\/wp\/v2\/tags?post=12788"}],"curies":[{"name":"wp","href":"https:\/\/api.w.org\/{rel}","templated":true}]}}