{"id":12663,"date":"2022-01-04T22:34:00","date_gmt":"2022-01-04T20:34:00","guid":{"rendered":"http:\/\/www.jimmy2.ch\/worldpress\/?p=12663"},"modified":"2022-01-06T12:10:36","modified_gmt":"2022-01-06T10:10:36","slug":"calpe-altea","status":"publish","type":"post","link":"https:\/\/www.jimmy2.ch\/worldpress\/2022\/01\/04\/calpe-altea\/","title":{"rendered":"Calpe &#8211; Altea"},"content":{"rendered":"\n<p>#logbuchjimmy2ch Tag 88<br><br>Dienstag 4. Januar 2022 &#8211; Geburtstag Patricia<br>Calpe \/ Sol de Calpe Boreal <br><br>Der Tag beginnt mit Sonne und blauem Himmel. <\/p>\n\n\n\n<p>Unsere Tochter Patricia feiert heute ihren 30. Geburtstag. Herzlichen Gl\u00fcckwunsch Pati.<\/p>\n\n\n\n<p>Unglaublich wie schnell die Zeit vergeht. Es gibt viele sch\u00f6ne Erinnerungen. Patricia hat von Schwiegersohn Flo ein Wellness-Weekend geschenkt bekommen. Wir w\u00fcnschen viel Vergn\u00fcgen. Lass es Dir gut gehen.<\/p>\n\n\n\n<figure class=\"wp-block-image size-large\"><img loading=\"lazy\" decoding=\"async\" width=\"1024\" height=\"576\" src=\"https:\/\/www.jimmy2.ch\/worldpress\/wp-content\/uploads\/2022\/01\/6BBF5E76-1827-458A-9802-0C8465E0FF1E-1024x576.jpeg\" alt=\"\" class=\"wp-image-12682\" srcset=\"https:\/\/www.jimmy2.ch\/worldpress\/wp-content\/uploads\/2022\/01\/6BBF5E76-1827-458A-9802-0C8465E0FF1E-1024x576.jpeg 1024w, https:\/\/www.jimmy2.ch\/worldpress\/wp-content\/uploads\/2022\/01\/6BBF5E76-1827-458A-9802-0C8465E0FF1E-300x169.jpeg 300w, https:\/\/www.jimmy2.ch\/worldpress\/wp-content\/uploads\/2022\/01\/6BBF5E76-1827-458A-9802-0C8465E0FF1E-768x432.jpeg 768w, https:\/\/www.jimmy2.ch\/worldpress\/wp-content\/uploads\/2022\/01\/6BBF5E76-1827-458A-9802-0C8465E0FF1E-1536x864.jpeg 1536w, https:\/\/www.jimmy2.ch\/worldpress\/wp-content\/uploads\/2022\/01\/6BBF5E76-1827-458A-9802-0C8465E0FF1E.jpeg 1920w\" sizes=\"auto, (max-width: 1024px) 100vw, 1024px\" \/><\/figure>\n\n\n\n<p>Aber nun vom kalten Andermatt zur\u00fcck ins warme Calpe. Christa m\u00f6chte die russisch-orthodoxe Kirche in Altea besuchen. Danach an die Promenade von Altea. <br><br>So starten wir kurz vor eins den Roller und machen uns auf den Weg. Die Kirche ist offen und kann von jedermann * frau besucht werden. Ich bin nicht so der Kircheng\u00e4nger und bewache, w\u00e4hrend Christa die Kirche besucht, unseren Roller.<\/p>\n\n\n\n<figure class=\"wp-block-image size-large\"><img loading=\"lazy\" decoding=\"async\" width=\"1024\" height=\"768\" src=\"https:\/\/www.jimmy2.ch\/worldpress\/wp-content\/uploads\/2022\/01\/01CE8526-120D-4C2D-93FE-DD68CD0FE93C-1024x768.jpeg\" alt=\"\" class=\"wp-image-12655\" srcset=\"https:\/\/www.jimmy2.ch\/worldpress\/wp-content\/uploads\/2022\/01\/01CE8526-120D-4C2D-93FE-DD68CD0FE93C-1024x768.jpeg 1024w, https:\/\/www.jimmy2.ch\/worldpress\/wp-content\/uploads\/2022\/01\/01CE8526-120D-4C2D-93FE-DD68CD0FE93C-300x225.jpeg 300w, https:\/\/www.jimmy2.ch\/worldpress\/wp-content\/uploads\/2022\/01\/01CE8526-120D-4C2D-93FE-DD68CD0FE93C-768x576.jpeg 768w, https:\/\/www.jimmy2.ch\/worldpress\/wp-content\/uploads\/2022\/01\/01CE8526-120D-4C2D-93FE-DD68CD0FE93C-1536x1152.jpeg 1536w, https:\/\/www.jimmy2.ch\/worldpress\/wp-content\/uploads\/2022\/01\/01CE8526-120D-4C2D-93FE-DD68CD0FE93C-2048x1536.jpeg 2048w\" sizes=\"auto, (max-width: 1024px) 100vw, 1024px\" \/><\/figure>\n\n\n\n<figure class=\"wp-block-image size-large\"><img loading=\"lazy\" decoding=\"async\" width=\"1024\" height=\"768\" src=\"https:\/\/www.jimmy2.ch\/worldpress\/wp-content\/uploads\/2022\/01\/4A30E41E-831C-49F3-8F7F-D24131B5759D-1024x768.jpeg\" alt=\"\" class=\"wp-image-12656\" srcset=\"https:\/\/www.jimmy2.ch\/worldpress\/wp-content\/uploads\/2022\/01\/4A30E41E-831C-49F3-8F7F-D24131B5759D-1024x768.jpeg 1024w, https:\/\/www.jimmy2.ch\/worldpress\/wp-content\/uploads\/2022\/01\/4A30E41E-831C-49F3-8F7F-D24131B5759D-300x225.jpeg 300w, https:\/\/www.jimmy2.ch\/worldpress\/wp-content\/uploads\/2022\/01\/4A30E41E-831C-49F3-8F7F-D24131B5759D-768x576.jpeg 768w, https:\/\/www.jimmy2.ch\/worldpress\/wp-content\/uploads\/2022\/01\/4A30E41E-831C-49F3-8F7F-D24131B5759D-1536x1152.jpeg 1536w, https:\/\/www.jimmy2.ch\/worldpress\/wp-content\/uploads\/2022\/01\/4A30E41E-831C-49F3-8F7F-D24131B5759D-2048x1536.jpeg 2048w\" sizes=\"auto, (max-width: 1024px) 100vw, 1024px\" \/><\/figure>\n\n\n\n<figure class=\"wp-block-image size-large\"><img loading=\"lazy\" decoding=\"async\" width=\"1024\" height=\"768\" src=\"https:\/\/www.jimmy2.ch\/worldpress\/wp-content\/uploads\/2022\/01\/5358BD22-4C2C-4FF7-A18B-06D4DF94A029-1024x768.jpeg\" alt=\"\" class=\"wp-image-12654\" srcset=\"https:\/\/www.jimmy2.ch\/worldpress\/wp-content\/uploads\/2022\/01\/5358BD22-4C2C-4FF7-A18B-06D4DF94A029-1024x768.jpeg 1024w, https:\/\/www.jimmy2.ch\/worldpress\/wp-content\/uploads\/2022\/01\/5358BD22-4C2C-4FF7-A18B-06D4DF94A029-300x225.jpeg 300w, https:\/\/www.jimmy2.ch\/worldpress\/wp-content\/uploads\/2022\/01\/5358BD22-4C2C-4FF7-A18B-06D4DF94A029-768x576.jpeg 768w, https:\/\/www.jimmy2.ch\/worldpress\/wp-content\/uploads\/2022\/01\/5358BD22-4C2C-4FF7-A18B-06D4DF94A029-1536x1152.jpeg 1536w, https:\/\/www.jimmy2.ch\/worldpress\/wp-content\/uploads\/2022\/01\/5358BD22-4C2C-4FF7-A18B-06D4DF94A029-2048x1536.jpeg 2048w\" sizes=\"auto, (max-width: 1024px) 100vw, 1024px\" \/><figcaption>Altea Hills &#8211; da m\u00f6chte ich einmal rauffahren. Heute ist die Zeit zu knapp daf\u00fcr. Vielleicht ein andermal.<\/figcaption><\/figure>\n\n\n\n<p>Die Promenade von Altea ist eine riesige Baustelle. Sieht man auf den Fotos nicht. <\/p>\n\n\n\n<figure class=\"wp-block-image size-large\"><img loading=\"lazy\" decoding=\"async\" width=\"1024\" height=\"768\" src=\"https:\/\/www.jimmy2.ch\/worldpress\/wp-content\/uploads\/2022\/01\/373491D3-7D1E-4A65-88C2-9D22D005075D-1024x768.jpeg\" alt=\"\" class=\"wp-image-12657\" srcset=\"https:\/\/www.jimmy2.ch\/worldpress\/wp-content\/uploads\/2022\/01\/373491D3-7D1E-4A65-88C2-9D22D005075D-1024x768.jpeg 1024w, https:\/\/www.jimmy2.ch\/worldpress\/wp-content\/uploads\/2022\/01\/373491D3-7D1E-4A65-88C2-9D22D005075D-300x225.jpeg 300w, https:\/\/www.jimmy2.ch\/worldpress\/wp-content\/uploads\/2022\/01\/373491D3-7D1E-4A65-88C2-9D22D005075D-768x576.jpeg 768w, https:\/\/www.jimmy2.ch\/worldpress\/wp-content\/uploads\/2022\/01\/373491D3-7D1E-4A65-88C2-9D22D005075D-1536x1152.jpeg 1536w, https:\/\/www.jimmy2.ch\/worldpress\/wp-content\/uploads\/2022\/01\/373491D3-7D1E-4A65-88C2-9D22D005075D-2048x1536.jpeg 2048w\" sizes=\"auto, (max-width: 1024px) 100vw, 1024px\" \/><\/figure>\n\n\n\n<figure class=\"wp-block-image size-large\"><img loading=\"lazy\" decoding=\"async\" width=\"1024\" height=\"768\" src=\"https:\/\/www.jimmy2.ch\/worldpress\/wp-content\/uploads\/2022\/01\/87C6E0EE-84FC-4213-83F9-86C1EA8A033F-1024x768.jpeg\" alt=\"\" class=\"wp-image-12658\" srcset=\"https:\/\/www.jimmy2.ch\/worldpress\/wp-content\/uploads\/2022\/01\/87C6E0EE-84FC-4213-83F9-86C1EA8A033F-1024x768.jpeg 1024w, https:\/\/www.jimmy2.ch\/worldpress\/wp-content\/uploads\/2022\/01\/87C6E0EE-84FC-4213-83F9-86C1EA8A033F-300x225.jpeg 300w, https:\/\/www.jimmy2.ch\/worldpress\/wp-content\/uploads\/2022\/01\/87C6E0EE-84FC-4213-83F9-86C1EA8A033F-768x576.jpeg 768w, https:\/\/www.jimmy2.ch\/worldpress\/wp-content\/uploads\/2022\/01\/87C6E0EE-84FC-4213-83F9-86C1EA8A033F-1536x1152.jpeg 1536w, https:\/\/www.jimmy2.ch\/worldpress\/wp-content\/uploads\/2022\/01\/87C6E0EE-84FC-4213-83F9-86C1EA8A033F-2048x1536.jpeg 2048w\" sizes=\"auto, (max-width: 1024px) 100vw, 1024px\" \/><\/figure>\n\n\n\n<figure class=\"wp-block-image size-large\"><img loading=\"lazy\" decoding=\"async\" width=\"1024\" height=\"768\" src=\"https:\/\/www.jimmy2.ch\/worldpress\/wp-content\/uploads\/2022\/01\/7D105A9E-50C2-435C-8591-2F69B273C6BC-1024x768.jpeg\" alt=\"\" class=\"wp-image-12659\" srcset=\"https:\/\/www.jimmy2.ch\/worldpress\/wp-content\/uploads\/2022\/01\/7D105A9E-50C2-435C-8591-2F69B273C6BC-1024x768.jpeg 1024w, https:\/\/www.jimmy2.ch\/worldpress\/wp-content\/uploads\/2022\/01\/7D105A9E-50C2-435C-8591-2F69B273C6BC-300x225.jpeg 300w, https:\/\/www.jimmy2.ch\/worldpress\/wp-content\/uploads\/2022\/01\/7D105A9E-50C2-435C-8591-2F69B273C6BC-768x576.jpeg 768w, https:\/\/www.jimmy2.ch\/worldpress\/wp-content\/uploads\/2022\/01\/7D105A9E-50C2-435C-8591-2F69B273C6BC-1536x1152.jpeg 1536w, https:\/\/www.jimmy2.ch\/worldpress\/wp-content\/uploads\/2022\/01\/7D105A9E-50C2-435C-8591-2F69B273C6BC-2048x1536.jpeg 2048w\" sizes=\"auto, (max-width: 1024px) 100vw, 1024px\" \/><\/figure>\n\n\n\n<p>Im Cerca de Mar nehmen wir das Menu del Di\u00e0. Wir bekommen einen Platz unter dem Zelt aber an der Sonne. Es dauert seine Zeit bis sich jemand um uns k\u00fcmmert. Da m\u00fcssen wir uns Schweizer erst noch daran gew\u00f6hnen. Ich nehme C\u00e9sar Salat und Mini Hamburger (eine Art Hackbraten) &#8211; Christa Croquetten und panierten Fisch. Der Salat ist geniessbar. Der Fisch auch. Der Rest ist zu stark gew\u00fcrzt. Ich f\u00fcr meinen Teil kann das Lokal nicht weiter empfehlen. Wir m\u00fcssen sehr lange warten und dann noch der Chefin winken, damit wir den Caf\u00e9-con-leche und den Dessert bekommen. Creme catalan &#8211; sehr gut weil sehr s\u00fcss und klebrig. Auch das mit dem Bezahlen zieht sich wieder in die L\u00e4nge. Mehr als 2 Stunden haben wir hier verbracht. Solange die Sonne scheint ist es angenehm. Aber seit seit einer halben Stunde sitzen wir Schatten und das ist doch recht frisch.<\/p>\n\n\n\n<p><\/p>\n\n\n\n<figure class=\"wp-block-image size-large\"><img loading=\"lazy\" decoding=\"async\" width=\"1024\" height=\"768\" src=\"https:\/\/www.jimmy2.ch\/worldpress\/wp-content\/uploads\/2022\/01\/17E4C819-13E1-426B-AA18-996AE3498809-1024x768.jpeg\" alt=\"\" class=\"wp-image-12660\" srcset=\"https:\/\/www.jimmy2.ch\/worldpress\/wp-content\/uploads\/2022\/01\/17E4C819-13E1-426B-AA18-996AE3498809-1024x768.jpeg 1024w, https:\/\/www.jimmy2.ch\/worldpress\/wp-content\/uploads\/2022\/01\/17E4C819-13E1-426B-AA18-996AE3498809-300x225.jpeg 300w, https:\/\/www.jimmy2.ch\/worldpress\/wp-content\/uploads\/2022\/01\/17E4C819-13E1-426B-AA18-996AE3498809-768x576.jpeg 768w, https:\/\/www.jimmy2.ch\/worldpress\/wp-content\/uploads\/2022\/01\/17E4C819-13E1-426B-AA18-996AE3498809-1536x1152.jpeg 1536w, https:\/\/www.jimmy2.ch\/worldpress\/wp-content\/uploads\/2022\/01\/17E4C819-13E1-426B-AA18-996AE3498809-2048x1536.jpeg 2048w\" sizes=\"auto, (max-width: 1024px) 100vw, 1024px\" \/><\/figure>\n\n\n\n<p><\/p>\n\n\n\n<p>Nachdem wir endlich bezahlen konnten spazieren wir zum Roller zur\u00fcck und fahren nach Hause. Hier sitzt niemand mehr draussen. Ein frischer Wind weht und es ist frisch. So verziehen auch wir uns ins warme Wohnmobil. Machen eine kleine Siesta. <\/p>\n\n\n\n<p><\/p>\n\n\n\n<p>Heute kommt Wilder. Die 4. Staffel der SRF-Krimiserie. Zugleich das Staffel-Finale. Noch etwas z\u00e4h und un\u00fcbersichtlich. Kann sich noch entwickeln. In einer Woche geht es weiter. <\/p>\n\n\n\n<p>Wir spielen 2 Partien Rummikube.  Es st\u00fcrmt wieder. Und wie!<\/p>\n\n\n\n<p><\/p>\n\n\n\n<p>Die Wetterprognose f\u00fcr die kommenden Tage. Man beachte Freitag den 7. Januar.  <\/p>\n\n\n\n<div class=\"wp-block-image\"><figure class=\"aligncenter size-large\"><img loading=\"lazy\" decoding=\"async\" width=\"576\" height=\"1024\" src=\"https:\/\/www.jimmy2.ch\/worldpress\/wp-content\/uploads\/2022\/01\/B3F5B69C-47B0-4DCD-AC0C-2143276D8573-576x1024.jpeg\" alt=\"\" class=\"wp-image-12661\" srcset=\"https:\/\/www.jimmy2.ch\/worldpress\/wp-content\/uploads\/2022\/01\/B3F5B69C-47B0-4DCD-AC0C-2143276D8573-576x1024.jpeg 576w, https:\/\/www.jimmy2.ch\/worldpress\/wp-content\/uploads\/2022\/01\/B3F5B69C-47B0-4DCD-AC0C-2143276D8573-169x300.jpeg 169w, https:\/\/www.jimmy2.ch\/worldpress\/wp-content\/uploads\/2022\/01\/B3F5B69C-47B0-4DCD-AC0C-2143276D8573-768x1365.jpeg 768w, https:\/\/www.jimmy2.ch\/worldpress\/wp-content\/uploads\/2022\/01\/B3F5B69C-47B0-4DCD-AC0C-2143276D8573-864x1536.jpeg 864w, https:\/\/www.jimmy2.ch\/worldpress\/wp-content\/uploads\/2022\/01\/B3F5B69C-47B0-4DCD-AC0C-2143276D8573-1152x2048.jpeg 1152w, https:\/\/www.jimmy2.ch\/worldpress\/wp-content\/uploads\/2022\/01\/B3F5B69C-47B0-4DCD-AC0C-2143276D8573.jpeg 1242w\" sizes=\"auto, (max-width: 576px) 100vw, 576px\" \/><\/figure><\/div>\n\n\n\n<p><br><br><br><\/p>\n","protected":false},"excerpt":{"rendered":"<p>#logbuchjimmy2ch Tag 88 Dienstag 4. Januar 2022 &#8211; Geburtstag PatriciaCalpe \/ Sol de Calpe Boreal Der Tag beginnt mit Sonne und blauem Himmel. Unsere Tochter Patricia feiert heute ihren 30. Geburtstag. Herzlichen Gl\u00fcckwunsch Pati. Unglaublich wie schnell die Zeit vergeht. &hellip; <a href=\"https:\/\/www.jimmy2.ch\/worldpress\/2022\/01\/04\/calpe-altea\/\">Continue reading <span class=\"meta-nav\">&rarr;<\/span><\/a><\/p>\n","protected":false},"author":1,"featured_media":0,"comment_status":"open","ping_status":"open","sticky":false,"template":"","format":"standard","meta":{"footnotes":""},"categories":[62],"tags":[28,26,157,717,101,112],"class_list":["post-12663","post","type-post","status-publish","format-standard","hentry","category-spanien","tag-altea","tag-calpe","tag-roller-fahren","tag-sol-de-calpe-boreal","tag-spanien","tag-sturm"],"_links":{"self":[{"href":"https:\/\/www.jimmy2.ch\/worldpress\/wp-json\/wp\/v2\/posts\/12663","targetHints":{"allow":["GET"]}}],"collection":[{"href":"https:\/\/www.jimmy2.ch\/worldpress\/wp-json\/wp\/v2\/posts"}],"about":[{"href":"https:\/\/www.jimmy2.ch\/worldpress\/wp-json\/wp\/v2\/types\/post"}],"author":[{"embeddable":true,"href":"https:\/\/www.jimmy2.ch\/worldpress\/wp-json\/wp\/v2\/users\/1"}],"replies":[{"embeddable":true,"href":"https:\/\/www.jimmy2.ch\/worldpress\/wp-json\/wp\/v2\/comments?post=12663"}],"version-history":[{"count":6,"href":"https:\/\/www.jimmy2.ch\/worldpress\/wp-json\/wp\/v2\/posts\/12663\/revisions"}],"predecessor-version":[{"id":12683,"href":"https:\/\/www.jimmy2.ch\/worldpress\/wp-json\/wp\/v2\/posts\/12663\/revisions\/12683"}],"wp:attachment":[{"href":"https:\/\/www.jimmy2.ch\/worldpress\/wp-json\/wp\/v2\/media?parent=12663"}],"wp:term":[{"taxonomy":"category","embeddable":true,"href":"https:\/\/www.jimmy2.ch\/worldpress\/wp-json\/wp\/v2\/categories?post=12663"},{"taxonomy":"post_tag","embeddable":true,"href":"https:\/\/www.jimmy2.ch\/worldpress\/wp-json\/wp\/v2\/tags?post=12663"}],"curies":[{"name":"wp","href":"https:\/\/api.w.org\/{rel}","templated":true}]}}