{"id":11796,"date":"2021-11-10T21:39:00","date_gmt":"2021-11-10T19:39:00","guid":{"rendered":"http:\/\/www.jimmy2.ch\/worldpress\/?p=11796"},"modified":"2021-11-12T22:13:55","modified_gmt":"2021-11-12T20:13:55","slug":"cabrera-de-mar-mont-roig-del-campo-naehe-cambrils","status":"publish","type":"post","link":"https:\/\/www.jimmy2.ch\/worldpress\/2021\/11\/10\/cabrera-de-mar-mont-roig-del-campo-naehe-cambrils\/","title":{"rendered":"Cabrera de Mar &#8211;  Mont-roig del Campo (N\u00e4he Cambrils)"},"content":{"rendered":"\n<p>#logbuchjimmy2ch Tag 33<br><br>Mittwoch 10. November 2021<br>Cabrera de Mar (N\u00e4he Mataro) &#8211; Mont-roig del Camp (N\u00e4he Cambrils)<br>171km 4 Stunden unterwegs <br>Camperpark Playa y Fiesta 14 Euro\/Nacht inkl. Strom 6 A, V + E<br>41.04309 \/ 0.99424<br><br>Es ist bew\u00f6lkt. In der Nacht ist Wind und Sturm aufgezogen. Jimmy2 schaukelte ein paar Mal. Noch ist es trocken. So stehe ich kurz nach 8 Uhr auf und beginne Jimmy2 reisefertig zu machen. Garage aufr\u00e4umen, den Roller einladen und festzurren. Kaum fertig damit beginnt es zu Regen. Nicht viel und nicht lang. Aber unsere Nachbarn erwischen diese Phase beim Aufladen Ihrer Roller. Der Platz leert sich. Wir duschen noch und fr\u00fchst\u00fccken. Dann sind auch wir bereit. Der Platz ist fast leer. <\/p>\n\n\n\n<figure class=\"wp-block-image size-large\"><img loading=\"lazy\" decoding=\"async\" width=\"1024\" height=\"768\" src=\"https:\/\/www.jimmy2.ch\/worldpress\/wp-content\/uploads\/2021\/11\/DF17F10A-D2DD-414B-A396-878A30C24571-1024x768.jpeg\" alt=\"\" class=\"wp-image-11805\" srcset=\"https:\/\/www.jimmy2.ch\/worldpress\/wp-content\/uploads\/2021\/11\/DF17F10A-D2DD-414B-A396-878A30C24571-1024x768.jpeg 1024w, https:\/\/www.jimmy2.ch\/worldpress\/wp-content\/uploads\/2021\/11\/DF17F10A-D2DD-414B-A396-878A30C24571-300x225.jpeg 300w, https:\/\/www.jimmy2.ch\/worldpress\/wp-content\/uploads\/2021\/11\/DF17F10A-D2DD-414B-A396-878A30C24571-768x576.jpeg 768w, https:\/\/www.jimmy2.ch\/worldpress\/wp-content\/uploads\/2021\/11\/DF17F10A-D2DD-414B-A396-878A30C24571-1536x1152.jpeg 1536w, https:\/\/www.jimmy2.ch\/worldpress\/wp-content\/uploads\/2021\/11\/DF17F10A-D2DD-414B-A396-878A30C24571-2048x1536.jpeg 2048w\" sizes=\"auto, (max-width: 1024px) 100vw, 1024px\" \/><\/figure>\n\n\n\n<p>Um 11 Uhr machen wir uns auf den Weg Richtung Cambrils. Es ist stark bew\u00f6lkt aber kein Regen. Es geht dem Meer entlang nach Barcelona. <\/p>\n\n\n\n<figure class=\"wp-block-image size-large\"><img loading=\"lazy\" decoding=\"async\" width=\"1024\" height=\"768\" src=\"https:\/\/www.jimmy2.ch\/worldpress\/wp-content\/uploads\/2021\/11\/GOPR2270-1024x768.jpg\" alt=\"\" class=\"wp-image-11782\" srcset=\"https:\/\/www.jimmy2.ch\/worldpress\/wp-content\/uploads\/2021\/11\/GOPR2270-1024x768.jpg 1024w, https:\/\/www.jimmy2.ch\/worldpress\/wp-content\/uploads\/2021\/11\/GOPR2270-300x225.jpg 300w, https:\/\/www.jimmy2.ch\/worldpress\/wp-content\/uploads\/2021\/11\/GOPR2270-768x576.jpg 768w, https:\/\/www.jimmy2.ch\/worldpress\/wp-content\/uploads\/2021\/11\/GOPR2270-1536x1152.jpg 1536w, https:\/\/www.jimmy2.ch\/worldpress\/wp-content\/uploads\/2021\/11\/GOPR2270-2048x1536.jpg 2048w\" sizes=\"auto, (max-width: 1024px) 100vw, 1024px\" \/><\/figure>\n\n\n\n<p>Das durchqueren wir auf der C31 in dem wir durch viele Tunnels fahren.  <\/p>\n\n\n\n<figure class=\"wp-block-image size-large\"><img loading=\"lazy\" decoding=\"async\" width=\"1024\" height=\"768\" src=\"https:\/\/www.jimmy2.ch\/worldpress\/wp-content\/uploads\/2021\/11\/GOPR2276-1024x768.jpg\" alt=\"\" class=\"wp-image-11783\" srcset=\"https:\/\/www.jimmy2.ch\/worldpress\/wp-content\/uploads\/2021\/11\/GOPR2276-1024x768.jpg 1024w, https:\/\/www.jimmy2.ch\/worldpress\/wp-content\/uploads\/2021\/11\/GOPR2276-300x225.jpg 300w, https:\/\/www.jimmy2.ch\/worldpress\/wp-content\/uploads\/2021\/11\/GOPR2276-768x576.jpg 768w, https:\/\/www.jimmy2.ch\/worldpress\/wp-content\/uploads\/2021\/11\/GOPR2276-1536x1152.jpg 1536w, https:\/\/www.jimmy2.ch\/worldpress\/wp-content\/uploads\/2021\/11\/GOPR2276-2048x1536.jpg 2048w\" sizes=\"auto, (max-width: 1024px) 100vw, 1024px\" \/><\/figure>\n\n\n\n<div class=\"wp-block-image\"><figure class=\"aligncenter size-full\"><img loading=\"lazy\" decoding=\"async\" width=\"2048\" height=\"2732\" src=\"https:\/\/www.jimmy2.ch\/worldpress\/wp-content\/uploads\/2021\/11\/5FA4BFBA-616F-4C6C-A2CB-2D4DA8F387C8.png\" alt=\"\" class=\"wp-image-11806\" srcset=\"https:\/\/www.jimmy2.ch\/worldpress\/wp-content\/uploads\/2021\/11\/5FA4BFBA-616F-4C6C-A2CB-2D4DA8F387C8.png 2048w, https:\/\/www.jimmy2.ch\/worldpress\/wp-content\/uploads\/2021\/11\/5FA4BFBA-616F-4C6C-A2CB-2D4DA8F387C8-225x300.png 225w, https:\/\/www.jimmy2.ch\/worldpress\/wp-content\/uploads\/2021\/11\/5FA4BFBA-616F-4C6C-A2CB-2D4DA8F387C8-768x1025.png 768w, https:\/\/www.jimmy2.ch\/worldpress\/wp-content\/uploads\/2021\/11\/5FA4BFBA-616F-4C6C-A2CB-2D4DA8F387C8-1151x1536.png 1151w, https:\/\/www.jimmy2.ch\/worldpress\/wp-content\/uploads\/2021\/11\/5FA4BFBA-616F-4C6C-A2CB-2D4DA8F387C8-1535x2048.png 1535w\" sizes=\"auto, (max-width: 2048px) 100vw, 2048px\" \/><\/figure><\/div>\n\n\n\n<div class=\"wp-block-image\"><figure class=\"aligncenter size-full\"><img loading=\"lazy\" decoding=\"async\" width=\"2048\" height=\"2732\" src=\"https:\/\/www.jimmy2.ch\/worldpress\/wp-content\/uploads\/2021\/11\/B299931F-A4A1-48C3-8C15-11C7FB768C05.png\" alt=\"\" class=\"wp-image-11807\" srcset=\"https:\/\/www.jimmy2.ch\/worldpress\/wp-content\/uploads\/2021\/11\/B299931F-A4A1-48C3-8C15-11C7FB768C05.png 2048w, https:\/\/www.jimmy2.ch\/worldpress\/wp-content\/uploads\/2021\/11\/B299931F-A4A1-48C3-8C15-11C7FB768C05-225x300.png 225w, https:\/\/www.jimmy2.ch\/worldpress\/wp-content\/uploads\/2021\/11\/B299931F-A4A1-48C3-8C15-11C7FB768C05-768x1025.png 768w, https:\/\/www.jimmy2.ch\/worldpress\/wp-content\/uploads\/2021\/11\/B299931F-A4A1-48C3-8C15-11C7FB768C05-1151x1536.png 1151w, https:\/\/www.jimmy2.ch\/worldpress\/wp-content\/uploads\/2021\/11\/B299931F-A4A1-48C3-8C15-11C7FB768C05-1535x2048.png 1535w\" sizes=\"auto, (max-width: 2048px) 100vw, 2048px\" \/><\/figure><\/div>\n\n\n\n<p>Dann kurz auf die A2 bis Molins de Rei. Hier biegen wir ab auf die B24 \/ N-340. Quer durchs \u201eGebirge\u201c fahren wir Richtung Vilafranca del Pened\u00e8s. Eine sch\u00f6ne Gegend. Viele Rebst\u00f6cke. Hier wird der \u201eCava\u201c angebaut. <\/p>\n\n\n\n<figure class=\"wp-block-image size-large\"><img loading=\"lazy\" decoding=\"async\" width=\"1024\" height=\"768\" src=\"https:\/\/www.jimmy2.ch\/worldpress\/wp-content\/uploads\/2021\/11\/B5746485-7234-4E43-8493-6282DC5F0487-1024x768.jpeg\" alt=\"\" class=\"wp-image-11817\" srcset=\"https:\/\/www.jimmy2.ch\/worldpress\/wp-content\/uploads\/2021\/11\/B5746485-7234-4E43-8493-6282DC5F0487-1024x768.jpeg 1024w, https:\/\/www.jimmy2.ch\/worldpress\/wp-content\/uploads\/2021\/11\/B5746485-7234-4E43-8493-6282DC5F0487-300x225.jpeg 300w, https:\/\/www.jimmy2.ch\/worldpress\/wp-content\/uploads\/2021\/11\/B5746485-7234-4E43-8493-6282DC5F0487-768x576.jpeg 768w, https:\/\/www.jimmy2.ch\/worldpress\/wp-content\/uploads\/2021\/11\/B5746485-7234-4E43-8493-6282DC5F0487-1536x1152.jpeg 1536w, https:\/\/www.jimmy2.ch\/worldpress\/wp-content\/uploads\/2021\/11\/B5746485-7234-4E43-8493-6282DC5F0487-2048x1536.jpeg 2048w\" sizes=\"auto, (max-width: 1024px) 100vw, 1024px\" \/><\/figure>\n\n\n\n<figure class=\"wp-block-image size-large is-resized\"><img loading=\"lazy\" decoding=\"async\" src=\"https:\/\/www.jimmy2.ch\/worldpress\/wp-content\/uploads\/2021\/11\/BF352713-4E57-4111-BA7D-93FD0939E8A8-1024x768.jpeg\" alt=\"\" class=\"wp-image-11818\" width=\"840\" height=\"630\" srcset=\"https:\/\/www.jimmy2.ch\/worldpress\/wp-content\/uploads\/2021\/11\/BF352713-4E57-4111-BA7D-93FD0939E8A8-1024x768.jpeg 1024w, https:\/\/www.jimmy2.ch\/worldpress\/wp-content\/uploads\/2021\/11\/BF352713-4E57-4111-BA7D-93FD0939E8A8-300x225.jpeg 300w, https:\/\/www.jimmy2.ch\/worldpress\/wp-content\/uploads\/2021\/11\/BF352713-4E57-4111-BA7D-93FD0939E8A8-768x576.jpeg 768w, https:\/\/www.jimmy2.ch\/worldpress\/wp-content\/uploads\/2021\/11\/BF352713-4E57-4111-BA7D-93FD0939E8A8-1536x1152.jpeg 1536w, https:\/\/www.jimmy2.ch\/worldpress\/wp-content\/uploads\/2021\/11\/BF352713-4E57-4111-BA7D-93FD0939E8A8-2048x1536.jpeg 2048w\" sizes=\"auto, (max-width: 840px) 100vw, 840px\" \/><\/figure>\n\n\n\n<figure class=\"wp-block-image size-large\"><img loading=\"lazy\" decoding=\"async\" width=\"1024\" height=\"768\" src=\"https:\/\/www.jimmy2.ch\/worldpress\/wp-content\/uploads\/2021\/11\/9368A766-F12F-4755-977E-ADF755BA774C-1024x768.jpeg\" alt=\"\" class=\"wp-image-11819\" srcset=\"https:\/\/www.jimmy2.ch\/worldpress\/wp-content\/uploads\/2021\/11\/9368A766-F12F-4755-977E-ADF755BA774C-1024x768.jpeg 1024w, https:\/\/www.jimmy2.ch\/worldpress\/wp-content\/uploads\/2021\/11\/9368A766-F12F-4755-977E-ADF755BA774C-300x225.jpeg 300w, https:\/\/www.jimmy2.ch\/worldpress\/wp-content\/uploads\/2021\/11\/9368A766-F12F-4755-977E-ADF755BA774C-768x576.jpeg 768w, https:\/\/www.jimmy2.ch\/worldpress\/wp-content\/uploads\/2021\/11\/9368A766-F12F-4755-977E-ADF755BA774C-1536x1152.jpeg 1536w, https:\/\/www.jimmy2.ch\/worldpress\/wp-content\/uploads\/2021\/11\/9368A766-F12F-4755-977E-ADF755BA774C-2048x1536.jpeg 2048w\" sizes=\"auto, (max-width: 1024px) 100vw, 1024px\" \/><\/figure>\n\n\n\n<figure class=\"wp-block-image size-large\"><img loading=\"lazy\" decoding=\"async\" width=\"1024\" height=\"768\" src=\"https:\/\/www.jimmy2.ch\/worldpress\/wp-content\/uploads\/2021\/11\/293EDD94-64D3-4711-B9AA-24501BC63FCF-1024x768.jpeg\" alt=\"\" class=\"wp-image-11820\" srcset=\"https:\/\/www.jimmy2.ch\/worldpress\/wp-content\/uploads\/2021\/11\/293EDD94-64D3-4711-B9AA-24501BC63FCF-1024x768.jpeg 1024w, https:\/\/www.jimmy2.ch\/worldpress\/wp-content\/uploads\/2021\/11\/293EDD94-64D3-4711-B9AA-24501BC63FCF-300x225.jpeg 300w, https:\/\/www.jimmy2.ch\/worldpress\/wp-content\/uploads\/2021\/11\/293EDD94-64D3-4711-B9AA-24501BC63FCF-768x576.jpeg 768w, https:\/\/www.jimmy2.ch\/worldpress\/wp-content\/uploads\/2021\/11\/293EDD94-64D3-4711-B9AA-24501BC63FCF-1536x1152.jpeg 1536w, https:\/\/www.jimmy2.ch\/worldpress\/wp-content\/uploads\/2021\/11\/293EDD94-64D3-4711-B9AA-24501BC63FCF-2048x1536.jpeg 2048w\" sizes=\"auto, (max-width: 1024px) 100vw, 1024px\" \/><\/figure>\n\n\n\n<p>\u00dcber Valls, Alcover und Reus kommen wir wieder ans Meer hinunter. Um 15 Uhr treffen wir auf dem Camperpark Playa y Fiesta ein. <\/p>\n\n\n\n<figure class=\"wp-block-image size-large\"><img loading=\"lazy\" decoding=\"async\" width=\"1024\" height=\"768\" src=\"https:\/\/www.jimmy2.ch\/worldpress\/wp-content\/uploads\/2021\/11\/GOPR2360-1024x768.jpg\" alt=\"\" class=\"wp-image-11790\" srcset=\"https:\/\/www.jimmy2.ch\/worldpress\/wp-content\/uploads\/2021\/11\/GOPR2360-1024x768.jpg 1024w, https:\/\/www.jimmy2.ch\/worldpress\/wp-content\/uploads\/2021\/11\/GOPR2360-300x225.jpg 300w, https:\/\/www.jimmy2.ch\/worldpress\/wp-content\/uploads\/2021\/11\/GOPR2360-768x576.jpg 768w, https:\/\/www.jimmy2.ch\/worldpress\/wp-content\/uploads\/2021\/11\/GOPR2360-1536x1152.jpg 1536w, https:\/\/www.jimmy2.ch\/worldpress\/wp-content\/uploads\/2021\/11\/GOPR2360-2048x1536.jpg 2048w\" sizes=\"auto, (max-width: 1024px) 100vw, 1024px\" \/><\/figure>\n\n\n\n<figure class=\"wp-block-image size-large\"><img loading=\"lazy\" decoding=\"async\" width=\"1024\" height=\"768\" src=\"https:\/\/www.jimmy2.ch\/worldpress\/wp-content\/uploads\/2021\/11\/GOPR2361-1024x768.jpg\" alt=\"\" class=\"wp-image-11791\" srcset=\"https:\/\/www.jimmy2.ch\/worldpress\/wp-content\/uploads\/2021\/11\/GOPR2361-1024x768.jpg 1024w, https:\/\/www.jimmy2.ch\/worldpress\/wp-content\/uploads\/2021\/11\/GOPR2361-300x225.jpg 300w, https:\/\/www.jimmy2.ch\/worldpress\/wp-content\/uploads\/2021\/11\/GOPR2361-768x576.jpg 768w, https:\/\/www.jimmy2.ch\/worldpress\/wp-content\/uploads\/2021\/11\/GOPR2361-1536x1152.jpg 1536w, https:\/\/www.jimmy2.ch\/worldpress\/wp-content\/uploads\/2021\/11\/GOPR2361-2048x1536.jpg 2048w\" sizes=\"auto, (max-width: 1024px) 100vw, 1024px\" \/><\/figure>\n\n\n\n<p>An der Schranke ein Ticket ziehen und einen Platz suchen. Viele Wohnmobile stehen schon hier. <\/p>\n\n\n\n<figure class=\"wp-block-image size-large\"><img loading=\"lazy\" decoding=\"async\" width=\"1024\" height=\"768\" src=\"https:\/\/www.jimmy2.ch\/worldpress\/wp-content\/uploads\/2021\/11\/GOPR2370-1024x768.jpg\" alt=\"\" class=\"wp-image-11792\" srcset=\"https:\/\/www.jimmy2.ch\/worldpress\/wp-content\/uploads\/2021\/11\/GOPR2370-1024x768.jpg 1024w, https:\/\/www.jimmy2.ch\/worldpress\/wp-content\/uploads\/2021\/11\/GOPR2370-300x225.jpg 300w, https:\/\/www.jimmy2.ch\/worldpress\/wp-content\/uploads\/2021\/11\/GOPR2370-768x576.jpg 768w, https:\/\/www.jimmy2.ch\/worldpress\/wp-content\/uploads\/2021\/11\/GOPR2370-1536x1152.jpg 1536w, https:\/\/www.jimmy2.ch\/worldpress\/wp-content\/uploads\/2021\/11\/GOPR2370-2048x1536.jpg 2048w\" sizes=\"auto, (max-width: 1024px) 100vw, 1024px\" \/><\/figure>\n\n\n\n<figure class=\"wp-block-image size-large\"><img loading=\"lazy\" decoding=\"async\" width=\"1024\" height=\"768\" src=\"https:\/\/www.jimmy2.ch\/worldpress\/wp-content\/uploads\/2021\/11\/GOPR2375-1024x768.jpg\" alt=\"\" class=\"wp-image-11793\" srcset=\"https:\/\/www.jimmy2.ch\/worldpress\/wp-content\/uploads\/2021\/11\/GOPR2375-1024x768.jpg 1024w, https:\/\/www.jimmy2.ch\/worldpress\/wp-content\/uploads\/2021\/11\/GOPR2375-300x225.jpg 300w, https:\/\/www.jimmy2.ch\/worldpress\/wp-content\/uploads\/2021\/11\/GOPR2375-768x576.jpg 768w, https:\/\/www.jimmy2.ch\/worldpress\/wp-content\/uploads\/2021\/11\/GOPR2375-1536x1152.jpg 1536w, https:\/\/www.jimmy2.ch\/worldpress\/wp-content\/uploads\/2021\/11\/GOPR2375-2048x1536.jpg 2048w\" sizes=\"auto, (max-width: 1024px) 100vw, 1024px\" \/><\/figure>\n\n\n\n<p>Weitere kommen nach uns. Wir finden einen \u201esch\u00f6nen\u201c Platz mit Sicht auf\u2018s Meer. <\/p>\n\n\n\n<div class=\"wp-block-image\"><figure class=\"aligncenter size-full\"><img loading=\"lazy\" decoding=\"async\" width=\"2560\" height=\"1920\" src=\"https:\/\/www.jimmy2.ch\/worldpress\/wp-content\/uploads\/2021\/11\/GOPR2378-scaled.jpg\" alt=\"\" class=\"wp-image-11794\" srcset=\"https:\/\/www.jimmy2.ch\/worldpress\/wp-content\/uploads\/2021\/11\/GOPR2378-scaled.jpg 2560w, https:\/\/www.jimmy2.ch\/worldpress\/wp-content\/uploads\/2021\/11\/GOPR2378-300x225.jpg 300w, https:\/\/www.jimmy2.ch\/worldpress\/wp-content\/uploads\/2021\/11\/GOPR2378-1024x768.jpg 1024w, https:\/\/www.jimmy2.ch\/worldpress\/wp-content\/uploads\/2021\/11\/GOPR2378-768x576.jpg 768w, https:\/\/www.jimmy2.ch\/worldpress\/wp-content\/uploads\/2021\/11\/GOPR2378-1536x1152.jpg 1536w, https:\/\/www.jimmy2.ch\/worldpress\/wp-content\/uploads\/2021\/11\/GOPR2378-2048x1536.jpg 2048w\" sizes=\"auto, (max-width: 2560px) 100vw, 2560px\" \/><\/figure><\/div>\n\n\n\n<p>Noch ein kurzer Schwatz mit deutschen Nachbarn. Schon fallen die ersten Tropfen. So bleiben wir den Rest des Nachmittages zu Hause. Machen Siesta. Vom Chefkoch gibt es heute Spaghetti Bolognese. In den Nachrichten h\u00f6ren wir, wie in Europa die Corona-Infektions-Zahlen explodieren. Ich denke, das wird dann auch noch nach Spanien und Portugal r\u00fcber schwappen. Wir geniessen es hier so lange es noch m\u00f6glich ist.<br><\/p>\n\n\n\n<div class=\"wp-block-image\"><figure class=\"aligncenter size-full\"><img loading=\"lazy\" decoding=\"async\" width=\"2048\" height=\"2732\" src=\"https:\/\/www.jimmy2.ch\/worldpress\/wp-content\/uploads\/2021\/11\/DA83634E-7AD1-4F7B-BB4C-6C29B890AB9C.png\" alt=\"\" class=\"wp-image-11808\" srcset=\"https:\/\/www.jimmy2.ch\/worldpress\/wp-content\/uploads\/2021\/11\/DA83634E-7AD1-4F7B-BB4C-6C29B890AB9C.png 2048w, https:\/\/www.jimmy2.ch\/worldpress\/wp-content\/uploads\/2021\/11\/DA83634E-7AD1-4F7B-BB4C-6C29B890AB9C-225x300.png 225w, https:\/\/www.jimmy2.ch\/worldpress\/wp-content\/uploads\/2021\/11\/DA83634E-7AD1-4F7B-BB4C-6C29B890AB9C-768x1025.png 768w, https:\/\/www.jimmy2.ch\/worldpress\/wp-content\/uploads\/2021\/11\/DA83634E-7AD1-4F7B-BB4C-6C29B890AB9C-1151x1536.png 1151w, https:\/\/www.jimmy2.ch\/worldpress\/wp-content\/uploads\/2021\/11\/DA83634E-7AD1-4F7B-BB4C-6C29B890AB9C-1535x2048.png 1535w\" sizes=\"auto, (max-width: 2048px) 100vw, 2048px\" \/><\/figure><\/div>\n\n\n\n<figure class=\"wp-block-image size-large\"><img loading=\"lazy\" decoding=\"async\" width=\"1024\" height=\"768\" src=\"https:\/\/www.jimmy2.ch\/worldpress\/wp-content\/uploads\/2021\/11\/6113E093-FACA-4D02-9F8E-3A2D391E1D7F-1024x768.jpeg\" alt=\"\" class=\"wp-image-11809\" srcset=\"https:\/\/www.jimmy2.ch\/worldpress\/wp-content\/uploads\/2021\/11\/6113E093-FACA-4D02-9F8E-3A2D391E1D7F-1024x768.jpeg 1024w, https:\/\/www.jimmy2.ch\/worldpress\/wp-content\/uploads\/2021\/11\/6113E093-FACA-4D02-9F8E-3A2D391E1D7F-300x225.jpeg 300w, https:\/\/www.jimmy2.ch\/worldpress\/wp-content\/uploads\/2021\/11\/6113E093-FACA-4D02-9F8E-3A2D391E1D7F-768x576.jpeg 768w, https:\/\/www.jimmy2.ch\/worldpress\/wp-content\/uploads\/2021\/11\/6113E093-FACA-4D02-9F8E-3A2D391E1D7F-1536x1152.jpeg 1536w, https:\/\/www.jimmy2.ch\/worldpress\/wp-content\/uploads\/2021\/11\/6113E093-FACA-4D02-9F8E-3A2D391E1D7F-2048x1536.jpeg 2048w\" sizes=\"auto, (max-width: 1024px) 100vw, 1024px\" \/><\/figure>\n","protected":false},"excerpt":{"rendered":"<p>#logbuchjimmy2ch Tag 33 Mittwoch 10. November 2021Cabrera de Mar (N\u00e4he Mataro) &#8211; Mont-roig del Camp (N\u00e4he Cambrils)171km 4 Stunden unterwegs Camperpark Playa y Fiesta 14 Euro\/Nacht inkl. Strom 6 A, V + E41.04309 \/ 0.99424 Es ist bew\u00f6lkt. In der &hellip; <a href=\"https:\/\/www.jimmy2.ch\/worldpress\/2021\/11\/10\/cabrera-de-mar-mont-roig-del-campo-naehe-cambrils\/\">Continue reading <span class=\"meta-nav\">&rarr;<\/span><\/a><\/p>\n","protected":false},"author":1,"featured_media":0,"comment_status":"open","ping_status":"open","sticky":false,"template":"","format":"standard","meta":{"footnotes":""},"categories":[62],"tags":[708,713,714,393,712,101],"class_list":["post-11796","post","type-post","status-publish","format-standard","hentry","category-spanien","tag-cabrera-de-mar","tag-cambrils","tag-camperpark-playa-y-fiesta","tag-mittelmeer","tag-mont-roig-del-camp","tag-spanien"],"_links":{"self":[{"href":"https:\/\/www.jimmy2.ch\/worldpress\/wp-json\/wp\/v2\/posts\/11796","targetHints":{"allow":["GET"]}}],"collection":[{"href":"https:\/\/www.jimmy2.ch\/worldpress\/wp-json\/wp\/v2\/posts"}],"about":[{"href":"https:\/\/www.jimmy2.ch\/worldpress\/wp-json\/wp\/v2\/types\/post"}],"author":[{"embeddable":true,"href":"https:\/\/www.jimmy2.ch\/worldpress\/wp-json\/wp\/v2\/users\/1"}],"replies":[{"embeddable":true,"href":"https:\/\/www.jimmy2.ch\/worldpress\/wp-json\/wp\/v2\/comments?post=11796"}],"version-history":[{"count":6,"href":"https:\/\/www.jimmy2.ch\/worldpress\/wp-json\/wp\/v2\/posts\/11796\/revisions"}],"predecessor-version":[{"id":11837,"href":"https:\/\/www.jimmy2.ch\/worldpress\/wp-json\/wp\/v2\/posts\/11796\/revisions\/11837"}],"wp:attachment":[{"href":"https:\/\/www.jimmy2.ch\/worldpress\/wp-json\/wp\/v2\/media?parent=11796"}],"wp:term":[{"taxonomy":"category","embeddable":true,"href":"https:\/\/www.jimmy2.ch\/worldpress\/wp-json\/wp\/v2\/categories?post=11796"},{"taxonomy":"post_tag","embeddable":true,"href":"https:\/\/www.jimmy2.ch\/worldpress\/wp-json\/wp\/v2\/tags?post=11796"}],"curies":[{"name":"wp","href":"https:\/\/api.w.org\/{rel}","templated":true}]}}