{"id":11740,"date":"2021-11-08T22:13:00","date_gmt":"2021-11-08T20:13:00","guid":{"rendered":"http:\/\/www.jimmy2.ch\/worldpress\/?p=11740"},"modified":"2021-11-09T12:19:53","modified_gmt":"2021-11-09T10:19:53","slug":"cabrera-de-mar","status":"publish","type":"post","link":"https:\/\/www.jimmy2.ch\/worldpress\/2021\/11\/08\/cabrera-de-mar\/","title":{"rendered":"Cabrera de Mar"},"content":{"rendered":"\n<p>#logbuchjimmy2ch Tag 31<br><br>Montag 8. November 2021<br>Cabrera de Mar (N\u00e4he Mataro)<br>Area Camper Barcelona Beach  15 Euro\/Nacht inkl. Strom V + E<br>41.51258 \/ 2.40019<br><br>Es ist halb sieben, sternenklar und 6\u00b0C kalt. Ich bringe unsere W\u00e4sche nochmals zum Trockner. Bevor mir jemand anderer zuvorkommt. Early bird catches the worm. <\/p>\n\n\n\n<figure class=\"wp-block-image size-large\"><img loading=\"lazy\" decoding=\"async\" width=\"1024\" height=\"768\" src=\"https:\/\/www.jimmy2.ch\/worldpress\/wp-content\/uploads\/2021\/11\/B2192C8D-AD68-4F42-932D-8B6E63404263-1024x768.jpeg\" alt=\"\" class=\"wp-image-11763\" srcset=\"https:\/\/www.jimmy2.ch\/worldpress\/wp-content\/uploads\/2021\/11\/B2192C8D-AD68-4F42-932D-8B6E63404263-1024x768.jpeg 1024w, https:\/\/www.jimmy2.ch\/worldpress\/wp-content\/uploads\/2021\/11\/B2192C8D-AD68-4F42-932D-8B6E63404263-300x225.jpeg 300w, https:\/\/www.jimmy2.ch\/worldpress\/wp-content\/uploads\/2021\/11\/B2192C8D-AD68-4F42-932D-8B6E63404263-768x576.jpeg 768w, https:\/\/www.jimmy2.ch\/worldpress\/wp-content\/uploads\/2021\/11\/B2192C8D-AD68-4F42-932D-8B6E63404263-1536x1152.jpeg 1536w, https:\/\/www.jimmy2.ch\/worldpress\/wp-content\/uploads\/2021\/11\/B2192C8D-AD68-4F42-932D-8B6E63404263-2048x1536.jpeg 2048w\" sizes=\"auto, (max-width: 1024px) 100vw, 1024px\" \/><\/figure>\n\n\n\n<p>Dann gehe ich nochmals ins warme Bett. Um viertel vor acht stehe ich auf. Der W\u00e4schetrockner ist fertig und die W\u00e4sche trocken. Nun k\u00f6nnen wir uns auf den sch\u00f6nen sonnigen Tag freuen. Der kleine Van rechts neben uns verl\u00e4sst den Platz. Genau der richtige Zeitpunkt um den Roller aus der Garage zu holen. Auch links von uns verlassen die Wohnmobile ihre Pl\u00e4tze. Aber es dauert nicht lange. 2 Franzosen reisen an. Sie haben etwas gr\u00f6ssere Wohnmobile und nutzen den Platz voll aus. Man kann gerade noch zwischen unseren beiden Wohnmobilen durchgehen und die Klappen \u00f6ffnen. <\/p>\n\n\n\n<div class=\"wp-block-image\"><figure class=\"aligncenter size-large\"><img loading=\"lazy\" decoding=\"async\" width=\"768\" height=\"1024\" src=\"https:\/\/www.jimmy2.ch\/worldpress\/wp-content\/uploads\/2021\/11\/637D9337-29F1-4970-8FFF-07D4A014CB4C-768x1024.jpeg\" alt=\"\" class=\"wp-image-11774\" srcset=\"https:\/\/www.jimmy2.ch\/worldpress\/wp-content\/uploads\/2021\/11\/637D9337-29F1-4970-8FFF-07D4A014CB4C-768x1024.jpeg 768w, https:\/\/www.jimmy2.ch\/worldpress\/wp-content\/uploads\/2021\/11\/637D9337-29F1-4970-8FFF-07D4A014CB4C-225x300.jpeg 225w, https:\/\/www.jimmy2.ch\/worldpress\/wp-content\/uploads\/2021\/11\/637D9337-29F1-4970-8FFF-07D4A014CB4C-1152x1536.jpeg 1152w, https:\/\/www.jimmy2.ch\/worldpress\/wp-content\/uploads\/2021\/11\/637D9337-29F1-4970-8FFF-07D4A014CB4C-1536x2048.jpeg 1536w, https:\/\/www.jimmy2.ch\/worldpress\/wp-content\/uploads\/2021\/11\/637D9337-29F1-4970-8FFF-07D4A014CB4C-scaled.jpeg 1920w\" sizes=\"auto, (max-width: 768px) 100vw, 768px\" \/><\/figure><\/div>\n\n\n\n<p>Die Pl\u00e4tze hier sind nicht besonders breit. Aber es reicht. Wir haben die St\u00fchle rausgestellt und den Platz von Van in Beschlag genommen. Es wird warm. Zeit die kurzen Hosen anzuziehen.<\/p>\n\n\n\n<figure class=\"wp-block-image size-large\"><img loading=\"lazy\" decoding=\"async\" width=\"1024\" height=\"768\" src=\"https:\/\/www.jimmy2.ch\/worldpress\/wp-content\/uploads\/2021\/11\/42D74674-23E1-4181-87DA-722119B4F393-1024x768.jpeg\" alt=\"\" class=\"wp-image-11764\" srcset=\"https:\/\/www.jimmy2.ch\/worldpress\/wp-content\/uploads\/2021\/11\/42D74674-23E1-4181-87DA-722119B4F393-1024x768.jpeg 1024w, https:\/\/www.jimmy2.ch\/worldpress\/wp-content\/uploads\/2021\/11\/42D74674-23E1-4181-87DA-722119B4F393-300x225.jpeg 300w, https:\/\/www.jimmy2.ch\/worldpress\/wp-content\/uploads\/2021\/11\/42D74674-23E1-4181-87DA-722119B4F393-768x576.jpeg 768w, https:\/\/www.jimmy2.ch\/worldpress\/wp-content\/uploads\/2021\/11\/42D74674-23E1-4181-87DA-722119B4F393-1536x1152.jpeg 1536w, https:\/\/www.jimmy2.ch\/worldpress\/wp-content\/uploads\/2021\/11\/42D74674-23E1-4181-87DA-722119B4F393-2048x1536.jpeg 2048w\" sizes=\"auto, (max-width: 1024px) 100vw, 1024px\" \/><\/figure>\n\n\n\n<p>Auch hier dauert es nicht lange. Ein weiterer Franzose stellt sein Fahrzeug knapp neben die Grenze. So m\u00fcssen wir die St\u00fchle vor das Wohnmobil stellen. Nun sind die Pl\u00e4tze besetzt und wir k\u00f6nnen gem\u00fctlich draussen an der Sonne  sitzen und das herrliche Wetter geniessen. <\/p>\n\n\n\n<figure class=\"wp-block-image size-large\"><img loading=\"lazy\" decoding=\"async\" width=\"1024\" height=\"768\" src=\"https:\/\/www.jimmy2.ch\/worldpress\/wp-content\/uploads\/2021\/11\/F8F5BBC5-6515-45B8-89B5-5A9FB3F71E39-1024x768.jpeg\" alt=\"\" class=\"wp-image-11765\" srcset=\"https:\/\/www.jimmy2.ch\/worldpress\/wp-content\/uploads\/2021\/11\/F8F5BBC5-6515-45B8-89B5-5A9FB3F71E39-1024x768.jpeg 1024w, https:\/\/www.jimmy2.ch\/worldpress\/wp-content\/uploads\/2021\/11\/F8F5BBC5-6515-45B8-89B5-5A9FB3F71E39-300x225.jpeg 300w, https:\/\/www.jimmy2.ch\/worldpress\/wp-content\/uploads\/2021\/11\/F8F5BBC5-6515-45B8-89B5-5A9FB3F71E39-768x576.jpeg 768w, https:\/\/www.jimmy2.ch\/worldpress\/wp-content\/uploads\/2021\/11\/F8F5BBC5-6515-45B8-89B5-5A9FB3F71E39-1536x1152.jpeg 1536w, https:\/\/www.jimmy2.ch\/worldpress\/wp-content\/uploads\/2021\/11\/F8F5BBC5-6515-45B8-89B5-5A9FB3F71E39-2048x1536.jpeg 2048w\" sizes=\"auto, (max-width: 1024px) 100vw, 1024px\" \/><\/figure>\n\n\n\n<figure class=\"wp-block-image size-large\"><img loading=\"lazy\" decoding=\"async\" width=\"1024\" height=\"768\" src=\"https:\/\/www.jimmy2.ch\/worldpress\/wp-content\/uploads\/2021\/11\/73D63CCF-1DFE-4550-A9E6-ABCB95DAA584-1024x768.jpeg\" alt=\"\" class=\"wp-image-11766\" srcset=\"https:\/\/www.jimmy2.ch\/worldpress\/wp-content\/uploads\/2021\/11\/73D63CCF-1DFE-4550-A9E6-ABCB95DAA584-1024x768.jpeg 1024w, https:\/\/www.jimmy2.ch\/worldpress\/wp-content\/uploads\/2021\/11\/73D63CCF-1DFE-4550-A9E6-ABCB95DAA584-300x225.jpeg 300w, https:\/\/www.jimmy2.ch\/worldpress\/wp-content\/uploads\/2021\/11\/73D63CCF-1DFE-4550-A9E6-ABCB95DAA584-768x576.jpeg 768w, https:\/\/www.jimmy2.ch\/worldpress\/wp-content\/uploads\/2021\/11\/73D63CCF-1DFE-4550-A9E6-ABCB95DAA584-1536x1152.jpeg 1536w, https:\/\/www.jimmy2.ch\/worldpress\/wp-content\/uploads\/2021\/11\/73D63CCF-1DFE-4550-A9E6-ABCB95DAA584-2048x1536.jpeg 2048w\" sizes=\"auto, (max-width: 1024px) 100vw, 1024px\" \/><\/figure>\n\n\n\n<p>Am fr\u00fchen Nachmittag fahren wir mit dem Roller nach Mataro. Im Dolce Vita geniessen wir das Menu del dia. Unglaublich was man hier f\u00fcr Euro 12.95 bekommt. Uns schmeckt es. Der Service ist nett und zuvorkommend. <\/p>\n\n\n\n<figure class=\"wp-block-image size-large\"><img loading=\"lazy\" decoding=\"async\" width=\"1024\" height=\"768\" src=\"https:\/\/www.jimmy2.ch\/worldpress\/wp-content\/uploads\/2021\/11\/12B9E41A-0D8F-42E9-BA21-9E4D03EF7335-1024x768.jpeg\" alt=\"\" class=\"wp-image-11767\" srcset=\"https:\/\/www.jimmy2.ch\/worldpress\/wp-content\/uploads\/2021\/11\/12B9E41A-0D8F-42E9-BA21-9E4D03EF7335-1024x768.jpeg 1024w, https:\/\/www.jimmy2.ch\/worldpress\/wp-content\/uploads\/2021\/11\/12B9E41A-0D8F-42E9-BA21-9E4D03EF7335-300x225.jpeg 300w, https:\/\/www.jimmy2.ch\/worldpress\/wp-content\/uploads\/2021\/11\/12B9E41A-0D8F-42E9-BA21-9E4D03EF7335-768x576.jpeg 768w, https:\/\/www.jimmy2.ch\/worldpress\/wp-content\/uploads\/2021\/11\/12B9E41A-0D8F-42E9-BA21-9E4D03EF7335-1536x1152.jpeg 1536w, https:\/\/www.jimmy2.ch\/worldpress\/wp-content\/uploads\/2021\/11\/12B9E41A-0D8F-42E9-BA21-9E4D03EF7335-2048x1536.jpeg 2048w\" sizes=\"auto, (max-width: 1024px) 100vw, 1024px\" \/><\/figure>\n\n\n\n<p>Nach dem Essen machen wir einen Verdauungs-Spaziergang am Hafen entlang. <\/p>\n\n\n\n<figure class=\"wp-block-image size-large\"><img loading=\"lazy\" decoding=\"async\" width=\"1024\" height=\"768\" src=\"https:\/\/www.jimmy2.ch\/worldpress\/wp-content\/uploads\/2021\/11\/C8B649D8-EE11-4BC9-893E-F070F574FEA8-1024x768.jpeg\" alt=\"\" class=\"wp-image-11768\" srcset=\"https:\/\/www.jimmy2.ch\/worldpress\/wp-content\/uploads\/2021\/11\/C8B649D8-EE11-4BC9-893E-F070F574FEA8-1024x768.jpeg 1024w, https:\/\/www.jimmy2.ch\/worldpress\/wp-content\/uploads\/2021\/11\/C8B649D8-EE11-4BC9-893E-F070F574FEA8-300x225.jpeg 300w, https:\/\/www.jimmy2.ch\/worldpress\/wp-content\/uploads\/2021\/11\/C8B649D8-EE11-4BC9-893E-F070F574FEA8-768x576.jpeg 768w, https:\/\/www.jimmy2.ch\/worldpress\/wp-content\/uploads\/2021\/11\/C8B649D8-EE11-4BC9-893E-F070F574FEA8-1536x1152.jpeg 1536w, https:\/\/www.jimmy2.ch\/worldpress\/wp-content\/uploads\/2021\/11\/C8B649D8-EE11-4BC9-893E-F070F574FEA8-2048x1536.jpeg 2048w\" sizes=\"auto, (max-width: 1024px) 100vw, 1024px\" \/><\/figure>\n\n\n\n<figure class=\"wp-block-image size-large\"><img loading=\"lazy\" decoding=\"async\" width=\"1024\" height=\"768\" src=\"https:\/\/www.jimmy2.ch\/worldpress\/wp-content\/uploads\/2021\/11\/13222C44-90A7-4469-B66E-7AFB16412ED1-1024x768.jpeg\" alt=\"\" class=\"wp-image-11769\" srcset=\"https:\/\/www.jimmy2.ch\/worldpress\/wp-content\/uploads\/2021\/11\/13222C44-90A7-4469-B66E-7AFB16412ED1-1024x768.jpeg 1024w, https:\/\/www.jimmy2.ch\/worldpress\/wp-content\/uploads\/2021\/11\/13222C44-90A7-4469-B66E-7AFB16412ED1-300x225.jpeg 300w, https:\/\/www.jimmy2.ch\/worldpress\/wp-content\/uploads\/2021\/11\/13222C44-90A7-4469-B66E-7AFB16412ED1-768x576.jpeg 768w, https:\/\/www.jimmy2.ch\/worldpress\/wp-content\/uploads\/2021\/11\/13222C44-90A7-4469-B66E-7AFB16412ED1-1536x1152.jpeg 1536w, https:\/\/www.jimmy2.ch\/worldpress\/wp-content\/uploads\/2021\/11\/13222C44-90A7-4469-B66E-7AFB16412ED1-2048x1536.jpeg 2048w\" sizes=\"auto, (max-width: 1024px) 100vw, 1024px\" \/><\/figure>\n\n\n\n<figure class=\"wp-block-image size-full is-resized\"><img loading=\"lazy\" decoding=\"async\" src=\"https:\/\/www.jimmy2.ch\/worldpress\/wp-content\/uploads\/2021\/11\/E5F35E95-5058-42B5-B0FF-EFB8EAF13E65.jpeg\" alt=\"\" class=\"wp-image-11771\" width=\"840\" height=\"630\" srcset=\"https:\/\/www.jimmy2.ch\/worldpress\/wp-content\/uploads\/2021\/11\/E5F35E95-5058-42B5-B0FF-EFB8EAF13E65.jpeg 1024w, https:\/\/www.jimmy2.ch\/worldpress\/wp-content\/uploads\/2021\/11\/E5F35E95-5058-42B5-B0FF-EFB8EAF13E65-300x225.jpeg 300w, https:\/\/www.jimmy2.ch\/worldpress\/wp-content\/uploads\/2021\/11\/E5F35E95-5058-42B5-B0FF-EFB8EAF13E65-768x576.jpeg 768w\" sizes=\"auto, (max-width: 840px) 100vw, 840px\" \/><\/figure>\n\n\n\n<figure class=\"wp-block-image size-full\"><img loading=\"lazy\" decoding=\"async\" width=\"1024\" height=\"768\" src=\"https:\/\/www.jimmy2.ch\/worldpress\/wp-content\/uploads\/2021\/11\/558DF430-C9C0-4943-8050-EE755213C8CD.jpeg\" alt=\"\" class=\"wp-image-11772\" srcset=\"https:\/\/www.jimmy2.ch\/worldpress\/wp-content\/uploads\/2021\/11\/558DF430-C9C0-4943-8050-EE755213C8CD.jpeg 1024w, https:\/\/www.jimmy2.ch\/worldpress\/wp-content\/uploads\/2021\/11\/558DF430-C9C0-4943-8050-EE755213C8CD-300x225.jpeg 300w, https:\/\/www.jimmy2.ch\/worldpress\/wp-content\/uploads\/2021\/11\/558DF430-C9C0-4943-8050-EE755213C8CD-768x576.jpeg 768w\" sizes=\"auto, (max-width: 1024px) 100vw, 1024px\" \/><\/figure>\n\n\n\n<figure class=\"wp-block-image size-large\"><img loading=\"lazy\" decoding=\"async\" width=\"1024\" height=\"768\" src=\"https:\/\/www.jimmy2.ch\/worldpress\/wp-content\/uploads\/2021\/11\/D48AFE39-6713-4CC0-A02E-A7206FF6BDD6-1024x768.jpeg\" alt=\"\" class=\"wp-image-11770\" srcset=\"https:\/\/www.jimmy2.ch\/worldpress\/wp-content\/uploads\/2021\/11\/D48AFE39-6713-4CC0-A02E-A7206FF6BDD6-1024x768.jpeg 1024w, https:\/\/www.jimmy2.ch\/worldpress\/wp-content\/uploads\/2021\/11\/D48AFE39-6713-4CC0-A02E-A7206FF6BDD6-300x225.jpeg 300w, https:\/\/www.jimmy2.ch\/worldpress\/wp-content\/uploads\/2021\/11\/D48AFE39-6713-4CC0-A02E-A7206FF6BDD6-768x576.jpeg 768w, https:\/\/www.jimmy2.ch\/worldpress\/wp-content\/uploads\/2021\/11\/D48AFE39-6713-4CC0-A02E-A7206FF6BDD6-1536x1152.jpeg 1536w, https:\/\/www.jimmy2.ch\/worldpress\/wp-content\/uploads\/2021\/11\/D48AFE39-6713-4CC0-A02E-A7206FF6BDD6-2048x1536.jpeg 2048w\" sizes=\"auto, (max-width: 1024px) 100vw, 1024px\" \/><\/figure>\n\n\n\n<p>Mit dem Roller fahren wir anschliessend noch durch Mataro. Auf einen weiteren Spaziergang im Centrum haben wir keine Lust mehr. Zudem ist die Mehrheit der Gesch\u00e4fte um diese Uhrzeit geschlossen. Also geht es wieder zur\u00fcck. Die Sonne steht direkt in Fahrtrichtung und scheint mir voll ins Visier. So muss ich h\u00f6llisch aufpassen damit ich keine Fussg\u00e4nger oder Rotlichter \u00fcbersehe. <br><br>Zu Hause ist die Sonne schon zu schwach um noch draussen sitzen zu k\u00f6nnen. Also verziehen wir uns ins noch warme Wohnmobil. <br><br>Heute schliesse ich Jimmy2 an den Landstrom an. Der ist im Preis enthalten. Die Absicherung ist 10 A. So kann ich die Heizung mit 1 kW und den K\u00fchlschrank mit Strom betreiben und Gas sparen. <br><\/p>\n\n\n\n<div class=\"wp-block-image\"><figure class=\"aligncenter size-large\"><img loading=\"lazy\" decoding=\"async\" width=\"768\" height=\"1024\" src=\"https:\/\/www.jimmy2.ch\/worldpress\/wp-content\/uploads\/2021\/11\/99B660E4-BAB3-4651-9A3A-83E138F6D5D6-768x1024.jpeg\" alt=\"\" class=\"wp-image-11773\" srcset=\"https:\/\/www.jimmy2.ch\/worldpress\/wp-content\/uploads\/2021\/11\/99B660E4-BAB3-4651-9A3A-83E138F6D5D6-768x1025.jpeg 768w, https:\/\/www.jimmy2.ch\/worldpress\/wp-content\/uploads\/2021\/11\/99B660E4-BAB3-4651-9A3A-83E138F6D5D6-225x300.jpeg 225w, https:\/\/www.jimmy2.ch\/worldpress\/wp-content\/uploads\/2021\/11\/99B660E4-BAB3-4651-9A3A-83E138F6D5D6-1151x1536.jpeg 1151w, https:\/\/www.jimmy2.ch\/worldpress\/wp-content\/uploads\/2021\/11\/99B660E4-BAB3-4651-9A3A-83E138F6D5D6-1535x2048.jpeg 1535w, https:\/\/www.jimmy2.ch\/worldpress\/wp-content\/uploads\/2021\/11\/99B660E4-BAB3-4651-9A3A-83E138F6D5D6-scaled.jpeg 1919w\" sizes=\"auto, (max-width: 768px) 100vw, 768px\" \/><\/figure><\/div>\n","protected":false},"excerpt":{"rendered":"<p>#logbuchjimmy2ch Tag 31 Montag 8. November 2021Cabrera de Mar (N\u00e4he Mataro)Area Camper Barcelona Beach 15 Euro\/Nacht inkl. Strom V + E41.51258 \/ 2.40019 Es ist halb sieben, sternenklar und 6\u00b0C kalt. Ich bringe unsere W\u00e4sche nochmals zum Trockner. Bevor mir &hellip; <a href=\"https:\/\/www.jimmy2.ch\/worldpress\/2021\/11\/08\/cabrera-de-mar\/\">Continue reading <span class=\"meta-nav\">&rarr;<\/span><\/a><\/p>\n","protected":false},"author":1,"featured_media":0,"comment_status":"open","ping_status":"open","sticky":false,"template":"","format":"standard","meta":{"footnotes":""},"categories":[62],"tags":[710,708,709,393],"class_list":["post-11740","post","type-post","status-publish","format-standard","hentry","category-spanien","tag-area-camper-barcelona-beach","tag-cabrera-de-mar","tag-mataro","tag-mittelmeer"],"_links":{"self":[{"href":"https:\/\/www.jimmy2.ch\/worldpress\/wp-json\/wp\/v2\/posts\/11740","targetHints":{"allow":["GET"]}}],"collection":[{"href":"https:\/\/www.jimmy2.ch\/worldpress\/wp-json\/wp\/v2\/posts"}],"about":[{"href":"https:\/\/www.jimmy2.ch\/worldpress\/wp-json\/wp\/v2\/types\/post"}],"author":[{"embeddable":true,"href":"https:\/\/www.jimmy2.ch\/worldpress\/wp-json\/wp\/v2\/users\/1"}],"replies":[{"embeddable":true,"href":"https:\/\/www.jimmy2.ch\/worldpress\/wp-json\/wp\/v2\/comments?post=11740"}],"version-history":[{"count":3,"href":"https:\/\/www.jimmy2.ch\/worldpress\/wp-json\/wp\/v2\/posts\/11740\/revisions"}],"predecessor-version":[{"id":11776,"href":"https:\/\/www.jimmy2.ch\/worldpress\/wp-json\/wp\/v2\/posts\/11740\/revisions\/11776"}],"wp:attachment":[{"href":"https:\/\/www.jimmy2.ch\/worldpress\/wp-json\/wp\/v2\/media?parent=11740"}],"wp:term":[{"taxonomy":"category","embeddable":true,"href":"https:\/\/www.jimmy2.ch\/worldpress\/wp-json\/wp\/v2\/categories?post=11740"},{"taxonomy":"post_tag","embeddable":true,"href":"https:\/\/www.jimmy2.ch\/worldpress\/wp-json\/wp\/v2\/tags?post=11740"}],"curies":[{"name":"wp","href":"https:\/\/api.w.org\/{rel}","templated":true}]}}