{"id":11040,"date":"2021-09-08T21:13:00","date_gmt":"2021-09-08T19:13:00","guid":{"rendered":"http:\/\/www.jimmy2.ch\/worldpress\/?p=11040"},"modified":"2021-09-09T15:29:29","modified_gmt":"2021-09-09T13:29:29","slug":"zu-hause-6-8-september","status":"publish","type":"post","link":"https:\/\/www.jimmy2.ch\/worldpress\/2021\/09\/08\/zu-hause-6-8-september\/","title":{"rendered":"zu Hause 6. &#8211; 8. September"},"content":{"rendered":"\n<p><br>Montag 6. September 2021<br>Wir schlafen direkt unter dem Dach. Diese nacht ist warm. Trotz offenem Fenster. Es ist noch dunkel wie ich aufstehe. Halb sechs. Wie immer. So wird es auch bleiben solange wir noch im Haus wohnen. 14\u00b0 ist es draussen. <br><br>Wieder etwas im B\u00fcro arbeiten. Die Bew\u00f6lkung verzieht sich und die Sonne und die W\u00e4rme kommen. Wie fast jeden Tag fahre ich gegen 10 Uhr zur Entsorgung. Viel Altmetall diesmal.<br><br>Dann geht es wieder an den Ricardo-Shop f\u00fcllen. <br><br><br>Anschliessend gibt es einen kleinen Snack. Wieder auf dem Balkon. <\/p>\n\n\n\n<figure class=\"wp-block-image size-large\"><img loading=\"lazy\" decoding=\"async\" width=\"1024\" height=\"768\" src=\"https:\/\/www.jimmy2.ch\/worldpress\/wp-content\/uploads\/2021\/09\/E040A94B-A36F-4CF1-B060-C9A47D07A5AC-1024x768.jpeg\" alt=\"\" class=\"wp-image-11059\" srcset=\"https:\/\/www.jimmy2.ch\/worldpress\/wp-content\/uploads\/2021\/09\/E040A94B-A36F-4CF1-B060-C9A47D07A5AC-1024x768.jpeg 1024w, https:\/\/www.jimmy2.ch\/worldpress\/wp-content\/uploads\/2021\/09\/E040A94B-A36F-4CF1-B060-C9A47D07A5AC-300x225.jpeg 300w, https:\/\/www.jimmy2.ch\/worldpress\/wp-content\/uploads\/2021\/09\/E040A94B-A36F-4CF1-B060-C9A47D07A5AC-768x576.jpeg 768w, https:\/\/www.jimmy2.ch\/worldpress\/wp-content\/uploads\/2021\/09\/E040A94B-A36F-4CF1-B060-C9A47D07A5AC-1536x1152.jpeg 1536w, https:\/\/www.jimmy2.ch\/worldpress\/wp-content\/uploads\/2021\/09\/E040A94B-A36F-4CF1-B060-C9A47D07A5AC-2048x1536.jpeg 2048w\" sizes=\"auto, (max-width: 1024px) 100vw, 1024px\" \/><\/figure>\n\n\n\n<p>Ich muss den morgigen Tag vorbereiten. Die Firma die meine Kunden \u00fcbernommen hat kommt die restlichen Unterlagen und Materialien abholen. Das braucht mehr Zeit als gedacht. Aber ich brauche das. Ohne Termin l\u00e4uft das bei mir nicht.<br><br>Bei unserem Projekt:<br><br>Reisen im Wohnmobil \/ Wohnen im Reisemobil<br>der Countdown steht bei &#8211; 57<br><br>dreht sich noch immer alles um\u2019s Entsorgen und verkaufen \u00fcber Ricardo.<br><\/p>\n\n\n\n<p>Wie jeden Abend in den letzen Tagen sitze ich auf dem Balkon. Geniessen solange das Wetter es noch erlaubt.<br><br><br><br><br>Dienstag 7. September 2021<br>Um 8 Uhr haben wir einen Termin im Glattzenzengtum. Noch nichts los. Die L\u00e4den \u00f6ffnen erst um 9 Uhr. Aber im Migros gibt es schon Kaffee und Gipfeli. <\/p>\n\n\n\n<figure class=\"wp-block-image size-large\"><img loading=\"lazy\" decoding=\"async\" width=\"1024\" height=\"768\" src=\"https:\/\/www.jimmy2.ch\/worldpress\/wp-content\/uploads\/2021\/09\/158605F9-AD96-47D6-80B5-A9D09F5E1723-1024x768.jpeg\" alt=\"\" class=\"wp-image-11060\" srcset=\"https:\/\/www.jimmy2.ch\/worldpress\/wp-content\/uploads\/2021\/09\/158605F9-AD96-47D6-80B5-A9D09F5E1723-1024x768.jpeg 1024w, https:\/\/www.jimmy2.ch\/worldpress\/wp-content\/uploads\/2021\/09\/158605F9-AD96-47D6-80B5-A9D09F5E1723-300x225.jpeg 300w, https:\/\/www.jimmy2.ch\/worldpress\/wp-content\/uploads\/2021\/09\/158605F9-AD96-47D6-80B5-A9D09F5E1723-768x576.jpeg 768w, https:\/\/www.jimmy2.ch\/worldpress\/wp-content\/uploads\/2021\/09\/158605F9-AD96-47D6-80B5-A9D09F5E1723-1536x1152.jpeg 1536w, https:\/\/www.jimmy2.ch\/worldpress\/wp-content\/uploads\/2021\/09\/158605F9-AD96-47D6-80B5-A9D09F5E1723-2048x1536.jpeg 2048w\" sizes=\"auto, (max-width: 1024px) 100vw, 1024px\" \/><\/figure>\n\n\n\n<figure class=\"wp-block-image size-large\"><img loading=\"lazy\" decoding=\"async\" width=\"1024\" height=\"768\" src=\"https:\/\/www.jimmy2.ch\/worldpress\/wp-content\/uploads\/2021\/09\/14B43DF7-209E-470F-948E-5427CBDDBEA6-1024x768.jpeg\" alt=\"\" class=\"wp-image-11061\" srcset=\"https:\/\/www.jimmy2.ch\/worldpress\/wp-content\/uploads\/2021\/09\/14B43DF7-209E-470F-948E-5427CBDDBEA6-1024x768.jpeg 1024w, https:\/\/www.jimmy2.ch\/worldpress\/wp-content\/uploads\/2021\/09\/14B43DF7-209E-470F-948E-5427CBDDBEA6-300x225.jpeg 300w, https:\/\/www.jimmy2.ch\/worldpress\/wp-content\/uploads\/2021\/09\/14B43DF7-209E-470F-948E-5427CBDDBEA6-768x576.jpeg 768w, https:\/\/www.jimmy2.ch\/worldpress\/wp-content\/uploads\/2021\/09\/14B43DF7-209E-470F-948E-5427CBDDBEA6-1536x1152.jpeg 1536w, https:\/\/www.jimmy2.ch\/worldpress\/wp-content\/uploads\/2021\/09\/14B43DF7-209E-470F-948E-5427CBDDBEA6-2048x1536.jpeg 2048w\" sizes=\"auto, (max-width: 1024px) 100vw, 1024px\" \/><\/figure>\n\n\n\n<figure class=\"wp-block-image size-large\"><img loading=\"lazy\" decoding=\"async\" width=\"1024\" height=\"768\" src=\"https:\/\/www.jimmy2.ch\/worldpress\/wp-content\/uploads\/2021\/09\/04E821E4-F6B1-425C-91CD-A34D5E4F08CE-1024x768.jpeg\" alt=\"\" class=\"wp-image-11062\" srcset=\"https:\/\/www.jimmy2.ch\/worldpress\/wp-content\/uploads\/2021\/09\/04E821E4-F6B1-425C-91CD-A34D5E4F08CE-1024x768.jpeg 1024w, https:\/\/www.jimmy2.ch\/worldpress\/wp-content\/uploads\/2021\/09\/04E821E4-F6B1-425C-91CD-A34D5E4F08CE-300x225.jpeg 300w, https:\/\/www.jimmy2.ch\/worldpress\/wp-content\/uploads\/2021\/09\/04E821E4-F6B1-425C-91CD-A34D5E4F08CE-768x576.jpeg 768w, https:\/\/www.jimmy2.ch\/worldpress\/wp-content\/uploads\/2021\/09\/04E821E4-F6B1-425C-91CD-A34D5E4F08CE-1536x1152.jpeg 1536w, https:\/\/www.jimmy2.ch\/worldpress\/wp-content\/uploads\/2021\/09\/04E821E4-F6B1-425C-91CD-A34D5E4F08CE-2048x1536.jpeg 2048w\" sizes=\"auto, (max-width: 1024px) 100vw, 1024px\" \/><\/figure>\n\n\n\n<figure class=\"wp-block-image size-large\"><img loading=\"lazy\" decoding=\"async\" width=\"1024\" height=\"768\" src=\"https:\/\/www.jimmy2.ch\/worldpress\/wp-content\/uploads\/2021\/09\/FB234F6E-257C-49A1-B23D-9DF678BE3E6F-1024x768.jpeg\" alt=\"\" class=\"wp-image-11063\" srcset=\"https:\/\/www.jimmy2.ch\/worldpress\/wp-content\/uploads\/2021\/09\/FB234F6E-257C-49A1-B23D-9DF678BE3E6F-1024x768.jpeg 1024w, https:\/\/www.jimmy2.ch\/worldpress\/wp-content\/uploads\/2021\/09\/FB234F6E-257C-49A1-B23D-9DF678BE3E6F-300x225.jpeg 300w, https:\/\/www.jimmy2.ch\/worldpress\/wp-content\/uploads\/2021\/09\/FB234F6E-257C-49A1-B23D-9DF678BE3E6F-768x576.jpeg 768w, https:\/\/www.jimmy2.ch\/worldpress\/wp-content\/uploads\/2021\/09\/FB234F6E-257C-49A1-B23D-9DF678BE3E6F-1536x1152.jpeg 1536w, https:\/\/www.jimmy2.ch\/worldpress\/wp-content\/uploads\/2021\/09\/FB234F6E-257C-49A1-B23D-9DF678BE3E6F-2048x1536.jpeg 2048w\" sizes=\"auto, (max-width: 1024px) 100vw, 1024px\" \/><\/figure>\n\n\n\n<p>Wieder zu Hause muss ich weitere Unterlagen f\u00fcr die Gesch\u00e4fts\u00fcbergabe parat machen. Gleichzeitig kann ich auch vieles entsorgen. <br><br>Das Wetter ist heute nicht mehr so strahlend sch\u00f6n wie in den letzten Tagen. <br><br>Nach dem Fr\u00fchst\u00fcck werden weitere Artikel bei Ricardo eingestellt. Das was ich jetzt einstelle ist nicht so im Trend. Aber versuchen kann man es. <br><br>Um halb zwei findet die \u00dcbergabe meines Gesch\u00e4ftes statt. Jetzt ist es wirklich so weit. Keinen Aussendienstarbeit mehr. Morgen werde ich die Ansage auf dem Telefonbeantworter anpassen. Muss mir noch was schlaues einfallen lassen.<br><br>Nachdem die Gesch\u00e4fts\u00fcbergabe abgeschlossen ist. Trage ich die restlichen Sachen vom Besprechungsraum in die Garage. <br><br>Um halb f\u00fcnf kommt der Ricardo Kunde der den Sonnenschirm und 4 Blumenkistli ersteigert hat. Er kommt mit einem kleinen VW. Kein Platz f\u00fcr den Sonnenschirm. So nimmt er nur die Blumenkistli mit. Den Sonnenschirm holt er sp\u00e4ter ab. Bezahlt hat er aber schon beides.<br><br>Um halb sieben kommen 4 starke junge M\u00e4nner um die grossen Blumenkisten abzuholen. Ruck zuck sind sie auf dem Autoanh\u00e4nger verladen und weg. So macht Ricardo Spass. <br><br>Nun kann der Grill angeworfen werden und bald gibt es Nachtessen. Immer noch auf dem Balkon. <\/p>\n\n\n\n<figure class=\"wp-block-image size-large\"><img loading=\"lazy\" decoding=\"async\" width=\"1024\" height=\"768\" src=\"https:\/\/www.jimmy2.ch\/worldpress\/wp-content\/uploads\/2021\/09\/CC8DFDE4-E05E-4E2C-9CB6-504DDA77C18A-1024x768.jpeg\" alt=\"\" class=\"wp-image-11054\" srcset=\"https:\/\/www.jimmy2.ch\/worldpress\/wp-content\/uploads\/2021\/09\/CC8DFDE4-E05E-4E2C-9CB6-504DDA77C18A-1024x768.jpeg 1024w, https:\/\/www.jimmy2.ch\/worldpress\/wp-content\/uploads\/2021\/09\/CC8DFDE4-E05E-4E2C-9CB6-504DDA77C18A-300x225.jpeg 300w, https:\/\/www.jimmy2.ch\/worldpress\/wp-content\/uploads\/2021\/09\/CC8DFDE4-E05E-4E2C-9CB6-504DDA77C18A-768x576.jpeg 768w, https:\/\/www.jimmy2.ch\/worldpress\/wp-content\/uploads\/2021\/09\/CC8DFDE4-E05E-4E2C-9CB6-504DDA77C18A-1536x1152.jpeg 1536w, https:\/\/www.jimmy2.ch\/worldpress\/wp-content\/uploads\/2021\/09\/CC8DFDE4-E05E-4E2C-9CB6-504DDA77C18A-2048x1536.jpeg 2048w\" sizes=\"auto, (max-width: 1024px) 100vw, 1024px\" \/><\/figure>\n\n\n\n<p><br><br><br>Mittwoch 8. September 2021<br>Eine unruhige 2. Nachth\u00e4lfte. Es ist dr\u00fccken warm im Schlafzimmer. So bin ich um halb vier schon munter. Um 5 stehe ich auf.<br>Im B\u00fcro hat es immer was zu tun. Und das noch eine ganze Weile<br>Um 10.15 Uhr habe ich einen Termin beim Hautarzt. Ein \u201eMuttermal\u201c wird entfernt und an einer anderen Stelle eine Gewebeprobe entnommen.<br><br>Um halb zw\u00f6lf bin ich wieder zu Hause. Ein kleiner Imbiss. Dann Fotos machen f\u00fcr Ricardo und den Shop f\u00fcllen.<br><br>Um 14 Uhr sind wir bei einem ehemaligen Schulkollegen von mir in N\u00e4nikon eingeladen. Fr\u00fcher haben wir \u00f6fters getroffen. In den letzten Jahren nur noch wenn wir uns in N\u00e4nikon zuf\u00e4llig \u00fcber den Weg gefahren sind. Wir lassen die Vergangenenheit revue passieren und denken nach, was die Zunkunft bringen wird. <br><br>Bevor es nach Hause geht fahren wir beim Brockenhaus vorbei. Zu Hause wartet schon der Ricardo-Kunde von gestern. Heute hat er ein gr\u00f6sseres Fahrzeug dabei und kann den Sonnen-Schirm mitnehmen.<br><br>Die Entsorgung ist heute bis 18.30 Uhr ge\u00f6ffnet. Das lasse ich mit nicht entgehen.<br><br>Gem\u00e4ss SRF Meteo steht ein Wetterwechsel bevor. So soll heute der letzte sch\u00f6ne warme Tag gewesen sein. Ich geniesse nochmals \u201emeinen\u201c Balkon. Wer weiss, vielleicht zum letzten Mal.<\/p>\n","protected":false},"excerpt":{"rendered":"<p>Montag 6. September 2021Wir schlafen direkt unter dem Dach. Diese nacht ist warm. Trotz offenem Fenster. Es ist noch dunkel wie ich aufstehe. Halb sechs. Wie immer. So wird es auch bleiben solange wir noch im Haus wohnen. 14\u00b0 ist &hellip; <a href=\"https:\/\/www.jimmy2.ch\/worldpress\/2021\/09\/08\/zu-hause-6-8-september\/\">Continue reading <span class=\"meta-nav\">&rarr;<\/span><\/a><\/p>\n","protected":false},"author":1,"featured_media":0,"comment_status":"open","ping_status":"open","sticky":false,"template":"","format":"standard","meta":{"footnotes":""},"categories":[72],"tags":[680,677,587],"class_list":["post-11040","post","type-post","status-publish","format-standard","hentry","category-schweiz","tag-balkon","tag-entsorgen","tag-zu-hause"],"_links":{"self":[{"href":"https:\/\/www.jimmy2.ch\/worldpress\/wp-json\/wp\/v2\/posts\/11040","targetHints":{"allow":["GET"]}}],"collection":[{"href":"https:\/\/www.jimmy2.ch\/worldpress\/wp-json\/wp\/v2\/posts"}],"about":[{"href":"https:\/\/www.jimmy2.ch\/worldpress\/wp-json\/wp\/v2\/types\/post"}],"author":[{"embeddable":true,"href":"https:\/\/www.jimmy2.ch\/worldpress\/wp-json\/wp\/v2\/users\/1"}],"replies":[{"embeddable":true,"href":"https:\/\/www.jimmy2.ch\/worldpress\/wp-json\/wp\/v2\/comments?post=11040"}],"version-history":[{"count":3,"href":"https:\/\/www.jimmy2.ch\/worldpress\/wp-json\/wp\/v2\/posts\/11040\/revisions"}],"predecessor-version":[{"id":11064,"href":"https:\/\/www.jimmy2.ch\/worldpress\/wp-json\/wp\/v2\/posts\/11040\/revisions\/11064"}],"wp:attachment":[{"href":"https:\/\/www.jimmy2.ch\/worldpress\/wp-json\/wp\/v2\/media?parent=11040"}],"wp:term":[{"taxonomy":"category","embeddable":true,"href":"https:\/\/www.jimmy2.ch\/worldpress\/wp-json\/wp\/v2\/categories?post=11040"},{"taxonomy":"post_tag","embeddable":true,"href":"https:\/\/www.jimmy2.ch\/worldpress\/wp-json\/wp\/v2\/tags?post=11040"}],"curies":[{"name":"wp","href":"https:\/\/api.w.org\/{rel}","templated":true}]}}