{"id":1038,"date":"2017-04-28T21:39:31","date_gmt":"2017-04-28T20:39:31","guid":{"rendered":"http:\/\/www.jimmy2.ch\/worldpress\/?p=1038"},"modified":"2020-09-24T20:01:01","modified_gmt":"2020-09-24T19:01:01","slug":"bad-saeckingen","status":"publish","type":"post","link":"https:\/\/www.jimmy2.ch\/worldpress\/2017\/04\/28\/bad-saeckingen\/","title":{"rendered":"Bad S\u00e4ckingen"},"content":{"rendered":"<p style=\"text-align: center;\"><strong>Freitag 28. April 2017<\/strong><\/p>\n<p style=\"text-align: center;\">Br\u00fcttisellen \u2013 Bad S\u00e4ckingen \/ 77 km<br \/>\n\u00abWinter\u00bb &#8211; \u00abFr\u00fchling\u00bb<\/p>\n<p style=\"text-align: center;\">Stellplatz inkl. Strom und Entsorgung Euro 12.00\/Nacht<\/p>\n<p>Als ich um halb Sechs zum Fenster hinaus schaue muss ich laut lachen. Draussen liegt Schnee!! Und nicht mal wenig. Alles ist weiss \u2013 ausser den Strassen.<\/p>\n<div id=\"attachment_1044\" style=\"width: 310px\" class=\"wp-caption aligncenter\"><a href=\"https:\/\/www.jimmy2.ch\/worldpress\/wp-content\/uploads\/2017\/04\/IMG_7218.jpg\"><img loading=\"lazy\" decoding=\"async\" aria-describedby=\"caption-attachment-1044\" class=\"size-medium wp-image-1044\" src=\"https:\/\/www.jimmy2.ch\/worldpress\/wp-content\/uploads\/2017\/04\/IMG_7218-300x225.jpg\" alt=\"Br\u00fcttisellen 28.4.2017\" width=\"300\" height=\"225\" srcset=\"https:\/\/www.jimmy2.ch\/worldpress\/wp-content\/uploads\/2017\/04\/IMG_7218-300x225.jpg 300w, https:\/\/www.jimmy2.ch\/worldpress\/wp-content\/uploads\/2017\/04\/IMG_7218-768x576.jpg 768w, https:\/\/www.jimmy2.ch\/worldpress\/wp-content\/uploads\/2017\/04\/IMG_7218-1024x768.jpg 1024w\" sizes=\"auto, (max-width: 300px) 100vw, 300px\" \/><\/a><p id=\"caption-attachment-1044\" class=\"wp-caption-text\">Br\u00fcttisellen am Freitag 28. April 2017<\/p><\/div>\n<p>Und wir wollen heute mit unserem Wohnmobil in ein verl\u00e4ngertes Wochenende aufbrechen. Gestern schon habe ich das Wasser aufgef\u00fcllt und die Toilette parat gemacht. Nun bringe ich noch ein paar Sachen ins Wohnmobil. Draussen ist es etwas \u00fcber 0\u00b0. In Wohnmobil 15\u00b0, da ich vorsorglich gestern die Heizung eingestellt habe.<\/p>\n<div id=\"attachment_1043\" style=\"width: 310px\" class=\"wp-caption aligncenter\"><a href=\"https:\/\/www.jimmy2.ch\/worldpress\/wp-content\/uploads\/2017\/04\/IMG_7217.jpg\"><img loading=\"lazy\" decoding=\"async\" aria-describedby=\"caption-attachment-1043\" class=\"size-medium wp-image-1043\" src=\"https:\/\/www.jimmy2.ch\/worldpress\/wp-content\/uploads\/2017\/04\/IMG_7217-300x225.jpg\" alt=\"\" width=\"300\" height=\"225\" srcset=\"https:\/\/www.jimmy2.ch\/worldpress\/wp-content\/uploads\/2017\/04\/IMG_7217-300x225.jpg 300w, https:\/\/www.jimmy2.ch\/worldpress\/wp-content\/uploads\/2017\/04\/IMG_7217-768x576.jpg 768w, https:\/\/www.jimmy2.ch\/worldpress\/wp-content\/uploads\/2017\/04\/IMG_7217-1024x768.jpg 1024w\" sizes=\"auto, (max-width: 300px) 100vw, 300px\" \/><\/a><p id=\"caption-attachment-1043\" class=\"wp-caption-text\">April 2017 und es hat Schnee auf dem Dach unseres Wohnmobiles<\/p><\/div>\n<p>Nun muss ich aber noch etwas arbeiten. Um sieben Uhr fahre ich los.<\/p>\n<div id=\"attachment_1046\" style=\"width: 310px\" class=\"wp-caption aligncenter\"><a href=\"https:\/\/www.jimmy2.ch\/worldpress\/wp-content\/uploads\/2017\/04\/IMG_7223.jpg\"><img loading=\"lazy\" decoding=\"async\" aria-describedby=\"caption-attachment-1046\" class=\"size-medium wp-image-1046\" src=\"https:\/\/www.jimmy2.ch\/worldpress\/wp-content\/uploads\/2017\/04\/IMG_7223-300x225.jpg\" alt=\"\" width=\"300\" height=\"225\" srcset=\"https:\/\/www.jimmy2.ch\/worldpress\/wp-content\/uploads\/2017\/04\/IMG_7223-300x225.jpg 300w, https:\/\/www.jimmy2.ch\/worldpress\/wp-content\/uploads\/2017\/04\/IMG_7223-768x576.jpg 768w, https:\/\/www.jimmy2.ch\/worldpress\/wp-content\/uploads\/2017\/04\/IMG_7223-1024x768.jpg 1024w\" sizes=\"auto, (max-width: 300px) 100vw, 300px\" \/><\/a><p id=\"caption-attachment-1046\" class=\"wp-caption-text\">Freitag 28. April 2017 etwas oberhalb von Ebmatingen &#8211; tiefster Winter<\/p><\/div>\n<p>Als ich um halb eins retour komme ist der Schnee weg und es regnet.<\/p>\n<p><a href=\"https:\/\/www.jimmy2.ch\/worldpress\/wp-content\/uploads\/2017\/04\/IMG_7219.jpg\"><img loading=\"lazy\" decoding=\"async\" class=\"size-medium wp-image-1045 aligncenter\" src=\"https:\/\/www.jimmy2.ch\/worldpress\/wp-content\/uploads\/2017\/04\/IMG_7219-300x225.jpg\" alt=\"\" width=\"300\" height=\"225\" srcset=\"https:\/\/www.jimmy2.ch\/worldpress\/wp-content\/uploads\/2017\/04\/IMG_7219-300x225.jpg 300w, https:\/\/www.jimmy2.ch\/worldpress\/wp-content\/uploads\/2017\/04\/IMG_7219-768x576.jpg 768w, https:\/\/www.jimmy2.ch\/worldpress\/wp-content\/uploads\/2017\/04\/IMG_7219-1024x768.jpg 1024w\" sizes=\"auto, (max-width: 300px) 100vw, 300px\" \/><\/a><\/p>\n<p>Wir essen noch etwas Kleines zu Mittag. Dann packen wir die Lebensmittel und die Bettdecken ein. Um 14 Uhr geht es los.<\/p>\n<p style=\"text-align: center;\">Unser Ziel Bad S\u00e4ckingen in Deutschland.<\/p>\n<div id=\"attachment_1050\" style=\"width: 310px\" class=\"wp-caption aligncenter\"><a href=\"https:\/\/www.jimmy2.ch\/worldpress\/wp-content\/uploads\/2017\/04\/IMG_7232.jpg\"><img loading=\"lazy\" decoding=\"async\" aria-describedby=\"caption-attachment-1050\" class=\"size-medium wp-image-1050\" src=\"https:\/\/www.jimmy2.ch\/worldpress\/wp-content\/uploads\/2017\/04\/IMG_7232-300x225.jpg\" alt=\"\" width=\"300\" height=\"225\" srcset=\"https:\/\/www.jimmy2.ch\/worldpress\/wp-content\/uploads\/2017\/04\/IMG_7232-300x225.jpg 300w, https:\/\/www.jimmy2.ch\/worldpress\/wp-content\/uploads\/2017\/04\/IMG_7232-768x576.jpg 768w, https:\/\/www.jimmy2.ch\/worldpress\/wp-content\/uploads\/2017\/04\/IMG_7232-1024x768.jpg 1024w\" sizes=\"auto, (max-width: 300px) 100vw, 300px\" \/><\/a><p id=\"caption-attachment-1050\" class=\"wp-caption-text\">Bad S\u00e4ckingen Stadtplan<\/p><\/div>\n<p>Da es auf dem Nordring schon viel Verkehr hat nehmen wir die Strecke dem Rhein entlang. Das ist etwas k\u00fcrzer, dauert aber l\u00e4nger.<\/p>\n<p>Unterwegs wird das Wetter immer besser. Und als wir kurz vor 16 Uhr in Bad S\u00e4ckingen ankommen scheint die Sonne und es liegt ein Hauch Fr\u00fchling in der Luft.<\/p>\n<p>Es sind schon ein paar Wohnmobile auf dem Stellplatz. Gegen Abend sind nur noch wenige Pl\u00e4tze frei.<\/p>\n<div id=\"attachment_1048\" style=\"width: 310px\" class=\"wp-caption aligncenter\"><a href=\"https:\/\/www.jimmy2.ch\/worldpress\/wp-content\/uploads\/2017\/04\/IMG_7230.jpg\"><img loading=\"lazy\" decoding=\"async\" aria-describedby=\"caption-attachment-1048\" class=\"size-medium wp-image-1048\" src=\"https:\/\/www.jimmy2.ch\/worldpress\/wp-content\/uploads\/2017\/04\/IMG_7230-300x225.jpg\" alt=\"\" width=\"300\" height=\"225\" srcset=\"https:\/\/www.jimmy2.ch\/worldpress\/wp-content\/uploads\/2017\/04\/IMG_7230-300x225.jpg 300w, https:\/\/www.jimmy2.ch\/worldpress\/wp-content\/uploads\/2017\/04\/IMG_7230-768x576.jpg 768w, https:\/\/www.jimmy2.ch\/worldpress\/wp-content\/uploads\/2017\/04\/IMG_7230-1024x768.jpg 1024w\" sizes=\"auto, (max-width: 300px) 100vw, 300px\" \/><\/a><p id=\"caption-attachment-1048\" class=\"wp-caption-text\">Bad S\u00e4ckingen Stellplatz<\/p><\/div>\n<p>Ein Morelo mit Berner Kennzeichnen f\u00e4hrt auf den Platz und stellt sich mit geb\u00fchrendem Abstand neben uns. Wir freuen uns, dieses sch\u00f6ne Fahrzeug nun bestaunen zu k\u00f6nnen. Leider ist unsere Freude nur von kurzer Dauer. Ein Fahrzeug mit Deutschen-Kennzeichen quetscht sich zwischen uns.<\/p>\n<div id=\"attachment_1049\" style=\"width: 310px\" class=\"wp-caption aligncenter\"><a href=\"https:\/\/www.jimmy2.ch\/worldpress\/wp-content\/uploads\/2017\/04\/IMG_7231.jpg\"><img loading=\"lazy\" decoding=\"async\" aria-describedby=\"caption-attachment-1049\" class=\"size-medium wp-image-1049\" src=\"https:\/\/www.jimmy2.ch\/worldpress\/wp-content\/uploads\/2017\/04\/IMG_7231-300x225.jpg\" alt=\"\" width=\"300\" height=\"225\" srcset=\"https:\/\/www.jimmy2.ch\/worldpress\/wp-content\/uploads\/2017\/04\/IMG_7231-300x225.jpg 300w, https:\/\/www.jimmy2.ch\/worldpress\/wp-content\/uploads\/2017\/04\/IMG_7231-768x576.jpg 768w, https:\/\/www.jimmy2.ch\/worldpress\/wp-content\/uploads\/2017\/04\/IMG_7231-1024x768.jpg 1024w\" sizes=\"auto, (max-width: 300px) 100vw, 300px\" \/><\/a><p id=\"caption-attachment-1049\" class=\"wp-caption-text\">Bad S\u00e4ckingen Stellplatz<\/p><\/div>\n<p>Wir unternehmen noch einen kurzen Spaziergang in die Altstadt. Es ist sch\u00f6n hier. Christa macht einen Besuch in der Kirche. Dann geht es dem Rhein entlang retour.<\/p>\n<p>Christa wurde erst letzten Freitag am Knie operiert und kann deshalb nur kurze Strecken gehen.<\/p>\n<p>Wieder im Wohnmobil machen wir eine kurze Siesta. Dann ist es schon Zeit f\u00fcr das Nachtessen. Es gibt Wurst und Brot. Dann schauen wir wieder einmal TV. Ein Special von \u00abAuf und davon\u00bb steht auf dem Programm.<\/p>\n<p>Dann noch eine letzte Runde mit Jimmy und dann geht es ab ins Bett.<\/p>\n","protected":false},"excerpt":{"rendered":"<p>Freitag 28. April 2017 Br\u00fcttisellen \u2013 Bad S\u00e4ckingen \/ 77 km \u00abWinter\u00bb &#8211; \u00abFr\u00fchling\u00bb Stellplatz inkl. Strom und Entsorgung Euro 12.00\/Nacht Als ich um halb Sechs zum Fenster hinaus schaue muss ich laut lachen. Draussen liegt Schnee!! Und nicht mal &hellip; <a href=\"https:\/\/www.jimmy2.ch\/worldpress\/2017\/04\/28\/bad-saeckingen\/\">Continue reading <span class=\"meta-nav\">&rarr;<\/span><\/a><\/p>\n","protected":false},"author":1,"featured_media":0,"comment_status":"open","ping_status":"open","sticky":false,"template":"","format":"standard","meta":{"footnotes":""},"categories":[63,72],"tags":[53],"class_list":["post-1038","post","type-post","status-publish","format-standard","hentry","category-deutschland","category-schweiz","tag-bad-saeckingen"],"_links":{"self":[{"href":"https:\/\/www.jimmy2.ch\/worldpress\/wp-json\/wp\/v2\/posts\/1038","targetHints":{"allow":["GET"]}}],"collection":[{"href":"https:\/\/www.jimmy2.ch\/worldpress\/wp-json\/wp\/v2\/posts"}],"about":[{"href":"https:\/\/www.jimmy2.ch\/worldpress\/wp-json\/wp\/v2\/types\/post"}],"author":[{"embeddable":true,"href":"https:\/\/www.jimmy2.ch\/worldpress\/wp-json\/wp\/v2\/users\/1"}],"replies":[{"embeddable":true,"href":"https:\/\/www.jimmy2.ch\/worldpress\/wp-json\/wp\/v2\/comments?post=1038"}],"version-history":[{"count":5,"href":"https:\/\/www.jimmy2.ch\/worldpress\/wp-json\/wp\/v2\/posts\/1038\/revisions"}],"predecessor-version":[{"id":7911,"href":"https:\/\/www.jimmy2.ch\/worldpress\/wp-json\/wp\/v2\/posts\/1038\/revisions\/7911"}],"wp:attachment":[{"href":"https:\/\/www.jimmy2.ch\/worldpress\/wp-json\/wp\/v2\/media?parent=1038"}],"wp:term":[{"taxonomy":"category","embeddable":true,"href":"https:\/\/www.jimmy2.ch\/worldpress\/wp-json\/wp\/v2\/categories?post=1038"},{"taxonomy":"post_tag","embeddable":true,"href":"https:\/\/www.jimmy2.ch\/worldpress\/wp-json\/wp\/v2\/tags?post=1038"}],"curies":[{"name":"wp","href":"https:\/\/api.w.org\/{rel}","templated":true}]}}