{"id":10073,"date":"2021-07-04T21:15:00","date_gmt":"2021-07-04T19:15:00","guid":{"rendered":"http:\/\/www.jimmy2.ch\/worldpress\/?p=10073"},"modified":"2021-07-11T21:30:44","modified_gmt":"2021-07-11T19:30:44","slug":"zu-hause-28-juni-4-juli","status":"publish","type":"post","link":"https:\/\/www.jimmy2.ch\/worldpress\/2021\/07\/04\/zu-hause-28-juni-4-juli\/","title":{"rendered":"zu Hause 28. Juni &#8211; 4. Juli"},"content":{"rendered":"\n<p>Montag 28. Juni 2021<br>Ein sonniger und warmer Tag. Wir sind mit entr\u00fcmpeln und entsorgen besch\u00e4ftigt. 190 kg Altlasten bringe ich dem Entsorgungscenter. <br><br>Unser Projekt: <br>Wohnen im Reisemobil \/ Reisen im Wohnmobil<br>der Countdown steht bei -126<br><br>ist auf Kurs. <br><br>F\u00fcr heute Abend werden starke Gewitter und Sturmb\u00f6en angek\u00fcndigt. Dunkle Wolken ziehen auf. <\/p>\n\n\n\n<figure class=\"wp-block-image size-large\"><img loading=\"lazy\" decoding=\"async\" width=\"1024\" height=\"768\" src=\"https:\/\/www.jimmy2.ch\/worldpress\/wp-content\/uploads\/2021\/07\/IMG_8584-1024x768.jpg\" alt=\"\" class=\"wp-image-10083\" srcset=\"https:\/\/www.jimmy2.ch\/worldpress\/wp-content\/uploads\/2021\/07\/IMG_8584-1024x768.jpg 1024w, https:\/\/www.jimmy2.ch\/worldpress\/wp-content\/uploads\/2021\/07\/IMG_8584-300x225.jpg 300w, https:\/\/www.jimmy2.ch\/worldpress\/wp-content\/uploads\/2021\/07\/IMG_8584-768x576.jpg 768w, https:\/\/www.jimmy2.ch\/worldpress\/wp-content\/uploads\/2021\/07\/IMG_8584-1536x1152.jpg 1536w, https:\/\/www.jimmy2.ch\/worldpress\/wp-content\/uploads\/2021\/07\/IMG_8584-2048x1536.jpg 2048w\" sizes=\"auto, (max-width: 1024px) 100vw, 1024px\" \/><\/figure>\n\n\n\n<p>Kurz vor sieben geht es los. Regen und Sturm. <\/p>\n\n\n\n<div class=\"wp-block-image\"><figure class=\"aligncenter size-large\"><img loading=\"lazy\" decoding=\"async\" width=\"768\" height=\"1024\" src=\"https:\/\/www.jimmy2.ch\/worldpress\/wp-content\/uploads\/2021\/07\/IMG_8585-768x1024.jpg\" alt=\"\" class=\"wp-image-10084\" srcset=\"https:\/\/www.jimmy2.ch\/worldpress\/wp-content\/uploads\/2021\/07\/IMG_8585-768x1024.jpg 768w, https:\/\/www.jimmy2.ch\/worldpress\/wp-content\/uploads\/2021\/07\/IMG_8585-225x300.jpg 225w, https:\/\/www.jimmy2.ch\/worldpress\/wp-content\/uploads\/2021\/07\/IMG_8585-1152x1536.jpg 1152w, https:\/\/www.jimmy2.ch\/worldpress\/wp-content\/uploads\/2021\/07\/IMG_8585-1536x2048.jpg 1536w, https:\/\/www.jimmy2.ch\/worldpress\/wp-content\/uploads\/2021\/07\/IMG_8585-scaled.jpg 1920w\" sizes=\"auto, (max-width: 768px) 100vw, 768px\" \/><\/figure><\/div>\n\n\n\n<div class=\"wp-block-image\"><figure class=\"aligncenter size-large\"><img loading=\"lazy\" decoding=\"async\" width=\"768\" height=\"1024\" src=\"https:\/\/www.jimmy2.ch\/worldpress\/wp-content\/uploads\/2021\/07\/IMG_8586-768x1024.jpg\" alt=\"\" class=\"wp-image-10085\" srcset=\"https:\/\/www.jimmy2.ch\/worldpress\/wp-content\/uploads\/2021\/07\/IMG_8586-768x1024.jpg 768w, https:\/\/www.jimmy2.ch\/worldpress\/wp-content\/uploads\/2021\/07\/IMG_8586-225x300.jpg 225w, https:\/\/www.jimmy2.ch\/worldpress\/wp-content\/uploads\/2021\/07\/IMG_8586-1152x1536.jpg 1152w, https:\/\/www.jimmy2.ch\/worldpress\/wp-content\/uploads\/2021\/07\/IMG_8586-1536x2048.jpg 1536w, https:\/\/www.jimmy2.ch\/worldpress\/wp-content\/uploads\/2021\/07\/IMG_8586-scaled.jpg 1920w\" sizes=\"auto, (max-width: 768px) 100vw, 768px\" \/><\/figure><\/div>\n\n\n\n<p>Wir haben Gl\u00fcck und sind nicht direkt betroffen. <br><br>Um 21 Uhr startet das Spiel Schweiz : Frankreich. Christa ist wieder mit dabei. Die Schweiz gewinnt nach Verl\u00e4ngerung und Penalti-Schiessen 5:4. Steht seit 60 Jahren wieder einmal im Viertel-Final.<br><br><br>Dienstag 29. Juni 2021 <br>In der Nacht regnet und windet es immer wieder. Der Morgen ist frisch aber der Himmel klar auf. Um 8 Uhr habe ich einen Termin in Horgen. So bin ich schon fr\u00fch unterwegs. <\/p>\n\n\n\n<div class=\"wp-block-image\"><figure class=\"aligncenter size-large\"><img loading=\"lazy\" decoding=\"async\" width=\"576\" height=\"1024\" src=\"https:\/\/www.jimmy2.ch\/worldpress\/wp-content\/uploads\/2021\/07\/IMG_8587-576x1024.png\" alt=\"\" class=\"wp-image-10086\" srcset=\"https:\/\/www.jimmy2.ch\/worldpress\/wp-content\/uploads\/2021\/07\/IMG_8587-576x1024.png 576w, https:\/\/www.jimmy2.ch\/worldpress\/wp-content\/uploads\/2021\/07\/IMG_8587-169x300.png 169w, https:\/\/www.jimmy2.ch\/worldpress\/wp-content\/uploads\/2021\/07\/IMG_8587-768x1365.png 768w, https:\/\/www.jimmy2.ch\/worldpress\/wp-content\/uploads\/2021\/07\/IMG_8587-864x1536.png 864w, https:\/\/www.jimmy2.ch\/worldpress\/wp-content\/uploads\/2021\/07\/IMG_8587-1152x2048.png 1152w, https:\/\/www.jimmy2.ch\/worldpress\/wp-content\/uploads\/2021\/07\/IMG_8587.png 1242w\" sizes=\"auto, (max-width: 576px) 100vw, 576px\" \/><\/figure><\/div>\n\n\n\n<div class=\"wp-block-image\"><figure class=\"aligncenter size-large\"><img loading=\"lazy\" decoding=\"async\" width=\"576\" height=\"1024\" src=\"https:\/\/www.jimmy2.ch\/worldpress\/wp-content\/uploads\/2021\/07\/IMG_8588-576x1024.png\" alt=\"\" class=\"wp-image-10087\" srcset=\"https:\/\/www.jimmy2.ch\/worldpress\/wp-content\/uploads\/2021\/07\/IMG_8588-576x1024.png 576w, https:\/\/www.jimmy2.ch\/worldpress\/wp-content\/uploads\/2021\/07\/IMG_8588-169x300.png 169w, https:\/\/www.jimmy2.ch\/worldpress\/wp-content\/uploads\/2021\/07\/IMG_8588-768x1365.png 768w, https:\/\/www.jimmy2.ch\/worldpress\/wp-content\/uploads\/2021\/07\/IMG_8588-864x1536.png 864w, https:\/\/www.jimmy2.ch\/worldpress\/wp-content\/uploads\/2021\/07\/IMG_8588-1152x2048.png 1152w, https:\/\/www.jimmy2.ch\/worldpress\/wp-content\/uploads\/2021\/07\/IMG_8588.png 1242w\" sizes=\"auto, (max-width: 576px) 100vw, 576px\" \/><\/figure><\/div>\n\n\n\n<p>Viel Verkehr. Wie immer. Auf die Minute genau treffe ich Horgen ein. Die Arbeit ist schnell erledigt und schon geht es wieder nach Hause. <br>Um viertel vor zw\u00f6lf steht ein Arzt-Termin an. Soweit ist alles in Ordnung. N\u00e4chste Kontrolle am 31. August.<br>Dann nach Pfungen zu einer Besprechung. <br>Wieder zur\u00fcck beginne ich die Tour von morgen vorzubereiten.<br><br><br>Mittwoch 30. Juni 2021<br>Heute eine gr\u00f6ssere Tour. Das Wetter ist durchzogen. Wieder viel Verkehr. Aber es l\u00e4uft besser. So bin ich etwas zu fr\u00fch beim 1. Termin. Es ist noch geschlossen. So warte ich etwas. Kein Problem. Nach \u00fcber 40 Jahren bringt mich das nicht aus der Ruhe. Die restlichen 3 Termine laufen rund. Um halb eins bin ich schon zu Hause. <\/p>\n\n\n\n<figure class=\"wp-block-image size-large\"><img loading=\"lazy\" decoding=\"async\" width=\"1024\" height=\"768\" src=\"https:\/\/www.jimmy2.ch\/worldpress\/wp-content\/uploads\/2021\/07\/IMG_0593-1024x768.png\" alt=\"\" class=\"wp-image-10093\" srcset=\"https:\/\/www.jimmy2.ch\/worldpress\/wp-content\/uploads\/2021\/07\/IMG_0593-1024x768.png 1024w, https:\/\/www.jimmy2.ch\/worldpress\/wp-content\/uploads\/2021\/07\/IMG_0593-300x225.png 300w, https:\/\/www.jimmy2.ch\/worldpress\/wp-content\/uploads\/2021\/07\/IMG_0593-768x576.png 768w, https:\/\/www.jimmy2.ch\/worldpress\/wp-content\/uploads\/2021\/07\/IMG_0593-1536x1151.png 1536w, https:\/\/www.jimmy2.ch\/worldpress\/wp-content\/uploads\/2021\/07\/IMG_0593-2048x1535.png 2048w\" sizes=\"auto, (max-width: 1024px) 100vw, 1024px\" \/><\/figure>\n\n\n\n<p>Etwas kleines Essen. Dann in die IKEA. <\/p>\n\n\n\n<figure class=\"wp-block-image size-large\"><img loading=\"lazy\" decoding=\"async\" width=\"1024\" height=\"768\" src=\"https:\/\/www.jimmy2.ch\/worldpress\/wp-content\/uploads\/2021\/07\/IMG_8590-1024x768.jpg\" alt=\"\" class=\"wp-image-10088\" srcset=\"https:\/\/www.jimmy2.ch\/worldpress\/wp-content\/uploads\/2021\/07\/IMG_8590-1024x768.jpg 1024w, https:\/\/www.jimmy2.ch\/worldpress\/wp-content\/uploads\/2021\/07\/IMG_8590-300x225.jpg 300w, https:\/\/www.jimmy2.ch\/worldpress\/wp-content\/uploads\/2021\/07\/IMG_8590-768x576.jpg 768w, https:\/\/www.jimmy2.ch\/worldpress\/wp-content\/uploads\/2021\/07\/IMG_8590-1536x1152.jpg 1536w, https:\/\/www.jimmy2.ch\/worldpress\/wp-content\/uploads\/2021\/07\/IMG_8590-2048x1536.jpg 2048w\" sizes=\"auto, (max-width: 1024px) 100vw, 1024px\" \/><\/figure>\n\n\n\n<p>Wir kaufen eine neue Induktionsplatte. Bei der alten springt die Leistung ab und zu in die H\u00f6he. Das ist im Wohnmobil wegen dem Wechselrichter ung\u00fcnstig. <br><br>Christa f\u00e4hrt heim. Ich auf einen Sprung in den MediaMarkt. Nur schauen. Nix kaufen. <\/p>\n\n\n\n<figure class=\"wp-block-image size-large\"><img loading=\"lazy\" decoding=\"async\" width=\"1024\" height=\"768\" src=\"https:\/\/www.jimmy2.ch\/worldpress\/wp-content\/uploads\/2021\/07\/IMG_8591-1024x768.jpg\" alt=\"\" class=\"wp-image-10089\" srcset=\"https:\/\/www.jimmy2.ch\/worldpress\/wp-content\/uploads\/2021\/07\/IMG_8591-1024x768.jpg 1024w, https:\/\/www.jimmy2.ch\/worldpress\/wp-content\/uploads\/2021\/07\/IMG_8591-300x225.jpg 300w, https:\/\/www.jimmy2.ch\/worldpress\/wp-content\/uploads\/2021\/07\/IMG_8591-768x576.jpg 768w, https:\/\/www.jimmy2.ch\/worldpress\/wp-content\/uploads\/2021\/07\/IMG_8591-1536x1152.jpg 1536w, https:\/\/www.jimmy2.ch\/worldpress\/wp-content\/uploads\/2021\/07\/IMG_8591-2048x1536.jpg 2048w\" sizes=\"auto, (max-width: 1024px) 100vw, 1024px\" \/><\/figure>\n\n\n\n<p>Es beginnt wieder zu tr\u00f6pfeln. Aber der Grill wird trotzdem angeworfen. <br><br>Und schon ist das 1. Halbjahr 2021 vorbei. Wie die Zeit vergeht. Wahnsinn.<br><br><br>Donnerstag 1. Juli 2021<br>Das soll Sommer sein? 12 Grad und regen. Sommer habe ich anders in Erinnerung. <br>Deshalb ausschlafen. Dann in die Schulthess Klinik. Das Knie von Christa schmerzt seit einiger Zeit. Das muss noch abgekl\u00e4rt werden bevor es auf die grosse Reise geht. So wie es ausschaut ist es nicht schlimmes. Vorerst wird einmal Physiotherapie verschrieben. Sollte das nicht helfen wird Ende September eine Cortison-Infiltration gemacht. <br><br>Es ist frisch und so f\u00e4llt der Spaziergang am Z\u00fcrichsee ins Wasser. <br><br>Am Nachmittag wird wieder entr\u00fcmpelt und entsorgt. Es kommt noch ein Ricardo-Kunde vorbei. Bezahlt wird diesmal per Twint. Was heute alles m\u00f6glich ist. <br>Und dann ist auch dieser Tag wieder Geschichte.<br><br>Freitag 2. Juli 2021<br>Heute passiert nicht viel. Kurz etwas arbeiten. Etwas B\u00fcro. Dann die F\u00fcsse hochlagern. <\/p>\n\n\n\n<figure class=\"wp-block-image size-large\"><img loading=\"lazy\" decoding=\"async\" width=\"1024\" height=\"768\" src=\"https:\/\/www.jimmy2.ch\/worldpress\/wp-content\/uploads\/2021\/07\/IMG_8606-1024x768.jpg\" alt=\"\" class=\"wp-image-10094\" srcset=\"https:\/\/www.jimmy2.ch\/worldpress\/wp-content\/uploads\/2021\/07\/IMG_8606-1024x768.jpg 1024w, https:\/\/www.jimmy2.ch\/worldpress\/wp-content\/uploads\/2021\/07\/IMG_8606-300x225.jpg 300w, https:\/\/www.jimmy2.ch\/worldpress\/wp-content\/uploads\/2021\/07\/IMG_8606-768x576.jpg 768w, https:\/\/www.jimmy2.ch\/worldpress\/wp-content\/uploads\/2021\/07\/IMG_8606-1536x1152.jpg 1536w, https:\/\/www.jimmy2.ch\/worldpress\/wp-content\/uploads\/2021\/07\/IMG_8606-2048x1536.jpg 2048w\" sizes=\"auto, (max-width: 1024px) 100vw, 1024px\" \/><\/figure>\n\n\n\n<p>Ein Ricardo-Kunde kommt seine Ware abholen. Einkaufen im Volkiland. Nat\u00fcrlich mit Kaffee und Kuchen. Dann das Highlight des Tages: Schweiz &#8211; Spanien. Der Viertelfinal! Christa ist voll dabei. Ich bin am Grill und sonst wo. Nur nicht am TV. Leider verliert die Schweiz im Penalti-Schiessen. <br><br><br>Samstag 3. Juli 2021<br>Um 9 Uhr bin ich schon am Paratmachen von Ricardo-Artikeln die heute abgeholt werden. Klappt alles bestens. Das Wetter h\u00e4lt sich noch. Wir k\u00f6nnen etwas unseren Balkon geniessen. Gegen f\u00fcnf Uhr beginnt es jedoch zu regnen. Schade.<br><br>Heute treffen wir uns mit Christof und seiner Frau Bigi zum Nachtessen im Restaurant Berg in Fischental. Christof war viele Jahre als freier Mitarbeiter f\u00fcr mich als Schwimmbad-Techniker t\u00e4tig. Heute Abend werden wir uns von den beiden verabschieden. Das Lokal ist sehr gut besucht. Schade k\u00f6nnen wir nicht draussen sitzen. Die Aussicht ist wunderbar. Leider ist die Ger\u00e4usch-Kullisse recht laut. So kommt ein Gespr\u00e4ch nur schleppend in Gang. Man muss laut sprechen und genau hinh\u00f6ren, damit man einander versteht. Wir wechseln vom Aussen- in den Innenbereich.<\/p>\n\n\n\n<p>Hier ist die Verst\u00e4ndigung wesentlich besser. Wir k\u00f6nnen uns gut unterhalten und die Vergangenheit Revue passieren lassen. <br><br>Als mich der Chef des Hauses fragt was ich essen wolle sage ich: ein Cordon-Bleu. Er meint das k\u00f6nne ich \u00fcberall essen. Er empfehle ein Menue des Hauses. Nach kurzer Diskussion folgen wir seiner Empfehlung. Wir werden nicht endt\u00e4uscht. Das Essen ist ausgezeichnet. <\/p>\n\n\n\n<figure class=\"wp-block-image size-large\"><img loading=\"lazy\" decoding=\"async\" width=\"1024\" height=\"768\" src=\"https:\/\/www.jimmy2.ch\/worldpress\/wp-content\/uploads\/2021\/07\/IMG_8634-scaled-e1625599112790-1024x768.jpg\" alt=\"\" class=\"wp-image-10095\" srcset=\"https:\/\/www.jimmy2.ch\/worldpress\/wp-content\/uploads\/2021\/07\/IMG_8634-scaled-e1625599112790-1024x768.jpg 1024w, https:\/\/www.jimmy2.ch\/worldpress\/wp-content\/uploads\/2021\/07\/IMG_8634-scaled-e1625599112790-300x225.jpg 300w, https:\/\/www.jimmy2.ch\/worldpress\/wp-content\/uploads\/2021\/07\/IMG_8634-scaled-e1625599112790-768x576.jpg 768w, https:\/\/www.jimmy2.ch\/worldpress\/wp-content\/uploads\/2021\/07\/IMG_8634-scaled-e1625599112790-1536x1152.jpg 1536w, https:\/\/www.jimmy2.ch\/worldpress\/wp-content\/uploads\/2021\/07\/IMG_8634-scaled-e1625599112790-2048x1536.jpg 2048w\" sizes=\"auto, (max-width: 1024px) 100vw, 1024px\" \/><figcaption>Thunfisch &#8211; sehr lecker!<\/figcaption><\/figure>\n\n\n\n<figure class=\"wp-block-image size-large\"><img loading=\"lazy\" decoding=\"async\" width=\"1024\" height=\"768\" src=\"https:\/\/www.jimmy2.ch\/worldpress\/wp-content\/uploads\/2021\/07\/IMG_8635-scaled-e1625599148838-1024x768.jpg\" alt=\"\" class=\"wp-image-10096\" srcset=\"https:\/\/www.jimmy2.ch\/worldpress\/wp-content\/uploads\/2021\/07\/IMG_8635-scaled-e1625599148838-1024x768.jpg 1024w, https:\/\/www.jimmy2.ch\/worldpress\/wp-content\/uploads\/2021\/07\/IMG_8635-scaled-e1625599148838-300x225.jpg 300w, https:\/\/www.jimmy2.ch\/worldpress\/wp-content\/uploads\/2021\/07\/IMG_8635-scaled-e1625599148838-768x576.jpg 768w, https:\/\/www.jimmy2.ch\/worldpress\/wp-content\/uploads\/2021\/07\/IMG_8635-scaled-e1625599148838-1536x1152.jpg 1536w, https:\/\/www.jimmy2.ch\/worldpress\/wp-content\/uploads\/2021\/07\/IMG_8635-scaled-e1625599148838-2048x1536.jpg 2048w\" sizes=\"auto, (max-width: 1024px) 100vw, 1024px\" \/><figcaption>verschiedene Teichwaren<\/figcaption><\/figure>\n\n\n\n<figure class=\"wp-block-image size-large\"><img loading=\"lazy\" decoding=\"async\" width=\"1024\" height=\"768\" src=\"https:\/\/www.jimmy2.ch\/worldpress\/wp-content\/uploads\/2021\/07\/IMG_8636-scaled-e1625599162528-1024x768.jpg\" alt=\"\" class=\"wp-image-10097\" srcset=\"https:\/\/www.jimmy2.ch\/worldpress\/wp-content\/uploads\/2021\/07\/IMG_8636-scaled-e1625599162528-1024x768.jpg 1024w, https:\/\/www.jimmy2.ch\/worldpress\/wp-content\/uploads\/2021\/07\/IMG_8636-scaled-e1625599162528-300x225.jpg 300w, https:\/\/www.jimmy2.ch\/worldpress\/wp-content\/uploads\/2021\/07\/IMG_8636-scaled-e1625599162528-768x576.jpg 768w, https:\/\/www.jimmy2.ch\/worldpress\/wp-content\/uploads\/2021\/07\/IMG_8636-scaled-e1625599162528-1536x1152.jpg 1536w, https:\/\/www.jimmy2.ch\/worldpress\/wp-content\/uploads\/2021\/07\/IMG_8636-scaled-e1625599162528-2048x1536.jpg 2048w\" sizes=\"auto, (max-width: 1024px) 100vw, 1024px\" \/><figcaption>verschiedene Fleischsorten &#8211; ganz ausgezeichnet<\/figcaption><\/figure>\n\n\n\n<p><br>Aber auch ein sch\u00f6ner und gelungener Abend hat ein Ende. Es wird Zeit sich zu verabschieden. Wer weiss, wann wir uns wiedersehen.  <\/p>\n\n\n\n<figure class=\"wp-block-image size-large\"><img loading=\"lazy\" decoding=\"async\" width=\"1024\" height=\"769\" src=\"https:\/\/www.jimmy2.ch\/worldpress\/wp-content\/uploads\/2021\/07\/IMG_8639-1024x769.jpg\" alt=\"\" class=\"wp-image-10098\" srcset=\"https:\/\/www.jimmy2.ch\/worldpress\/wp-content\/uploads\/2021\/07\/IMG_8639-1024x769.jpg 1024w, https:\/\/www.jimmy2.ch\/worldpress\/wp-content\/uploads\/2021\/07\/IMG_8639-300x225.jpg 300w, https:\/\/www.jimmy2.ch\/worldpress\/wp-content\/uploads\/2021\/07\/IMG_8639-768x577.jpg 768w, https:\/\/www.jimmy2.ch\/worldpress\/wp-content\/uploads\/2021\/07\/IMG_8639-1536x1154.jpg 1536w, https:\/\/www.jimmy2.ch\/worldpress\/wp-content\/uploads\/2021\/07\/IMG_8639-2048x1539.jpg 2048w\" sizes=\"auto, (max-width: 1024px) 100vw, 1024px\" \/><\/figure>\n\n\n\n<p><br><br>Sonntag 4. Juli 2021<br>Das viele Essen liegt mir auf. Wir sind schon fr\u00fch wach. Das Wetter weiss nicht so recht was es will. Wir fahren trotzdem nach Z\u00fcrich etwas am See entlang spazieren. <\/p>\n\n\n\n<figure class=\"wp-block-image size-large\"><img loading=\"lazy\" decoding=\"async\" width=\"1024\" height=\"768\" src=\"https:\/\/www.jimmy2.ch\/worldpress\/wp-content\/uploads\/2021\/07\/IMG_8642-1024x768.jpg\" alt=\"\" class=\"wp-image-10100\" srcset=\"https:\/\/www.jimmy2.ch\/worldpress\/wp-content\/uploads\/2021\/07\/IMG_8642-1024x768.jpg 1024w, https:\/\/www.jimmy2.ch\/worldpress\/wp-content\/uploads\/2021\/07\/IMG_8642-300x225.jpg 300w, https:\/\/www.jimmy2.ch\/worldpress\/wp-content\/uploads\/2021\/07\/IMG_8642-768x576.jpg 768w, https:\/\/www.jimmy2.ch\/worldpress\/wp-content\/uploads\/2021\/07\/IMG_8642-1536x1152.jpg 1536w, https:\/\/www.jimmy2.ch\/worldpress\/wp-content\/uploads\/2021\/07\/IMG_8642-2048x1536.jpg 2048w\" sizes=\"auto, (max-width: 1024px) 100vw, 1024px\" \/><figcaption>die neue Fischerstube<\/figcaption><\/figure>\n\n\n\n<figure class=\"wp-block-image size-large\"><img loading=\"lazy\" decoding=\"async\" width=\"1024\" height=\"768\" src=\"https:\/\/www.jimmy2.ch\/worldpress\/wp-content\/uploads\/2021\/07\/IMG_8645-1024x768.jpg\" alt=\"\" class=\"wp-image-10101\" srcset=\"https:\/\/www.jimmy2.ch\/worldpress\/wp-content\/uploads\/2021\/07\/IMG_8645-1024x768.jpg 1024w, https:\/\/www.jimmy2.ch\/worldpress\/wp-content\/uploads\/2021\/07\/IMG_8645-300x225.jpg 300w, https:\/\/www.jimmy2.ch\/worldpress\/wp-content\/uploads\/2021\/07\/IMG_8645-768x576.jpg 768w, https:\/\/www.jimmy2.ch\/worldpress\/wp-content\/uploads\/2021\/07\/IMG_8645-1536x1152.jpg 1536w, https:\/\/www.jimmy2.ch\/worldpress\/wp-content\/uploads\/2021\/07\/IMG_8645-2048x1536.jpg 2048w\" sizes=\"auto, (max-width: 1024px) 100vw, 1024px\" \/><figcaption>Familie Schwan<\/figcaption><\/figure>\n\n\n\n<figure class=\"wp-block-image size-large\"><img loading=\"lazy\" decoding=\"async\" width=\"1024\" height=\"768\" src=\"https:\/\/www.jimmy2.ch\/worldpress\/wp-content\/uploads\/2021\/07\/IMG_8640-1024x768.jpg\" alt=\"\" class=\"wp-image-10099\" srcset=\"https:\/\/www.jimmy2.ch\/worldpress\/wp-content\/uploads\/2021\/07\/IMG_8640-1024x768.jpg 1024w, https:\/\/www.jimmy2.ch\/worldpress\/wp-content\/uploads\/2021\/07\/IMG_8640-300x225.jpg 300w, https:\/\/www.jimmy2.ch\/worldpress\/wp-content\/uploads\/2021\/07\/IMG_8640-768x576.jpg 768w, https:\/\/www.jimmy2.ch\/worldpress\/wp-content\/uploads\/2021\/07\/IMG_8640-1536x1152.jpg 1536w, https:\/\/www.jimmy2.ch\/worldpress\/wp-content\/uploads\/2021\/07\/IMG_8640-2048x1536.jpg 2048w\" sizes=\"auto, (max-width: 1024px) 100vw, 1024px\" \/><\/figure>\n\n\n\n<p>Wieder zur\u00fcck wird noch etwas entr\u00fcmpelt. P\u00fcnktlich um 17 Uhr beginnt es wieder zu regnen. Was f\u00fcr ein Sommer.<\/p>\n\n\n\n<figure class=\"wp-block-image size-large\"><img loading=\"lazy\" decoding=\"async\" width=\"1024\" height=\"768\" src=\"https:\/\/www.jimmy2.ch\/worldpress\/wp-content\/uploads\/2021\/07\/IMG_8673-1024x768.jpg\" alt=\"\" class=\"wp-image-10102\" srcset=\"https:\/\/www.jimmy2.ch\/worldpress\/wp-content\/uploads\/2021\/07\/IMG_8673-1024x768.jpg 1024w, https:\/\/www.jimmy2.ch\/worldpress\/wp-content\/uploads\/2021\/07\/IMG_8673-300x225.jpg 300w, https:\/\/www.jimmy2.ch\/worldpress\/wp-content\/uploads\/2021\/07\/IMG_8673-768x576.jpg 768w, https:\/\/www.jimmy2.ch\/worldpress\/wp-content\/uploads\/2021\/07\/IMG_8673-1536x1152.jpg 1536w, https:\/\/www.jimmy2.ch\/worldpress\/wp-content\/uploads\/2021\/07\/IMG_8673-2048x1536.jpg 2048w\" sizes=\"auto, (max-width: 1024px) 100vw, 1024px\" \/><\/figure>\n\n\n\n<p><br><\/p>\n","protected":false},"excerpt":{"rendered":"<p>Montag 28. Juni 2021Ein sonniger und warmer Tag. Wir sind mit entr\u00fcmpeln und entsorgen besch\u00e4ftigt. 190 kg Altlasten bringe ich dem Entsorgungscenter. Unser Projekt: Wohnen im Reisemobil \/ Reisen im Wohnmobilder Countdown steht bei -126 ist auf Kurs. F\u00fcr heute &hellip; <a href=\"https:\/\/www.jimmy2.ch\/worldpress\/2021\/07\/04\/zu-hause-28-juni-4-juli\/\">Continue reading <span class=\"meta-nav\">&rarr;<\/span><\/a><\/p>\n","protected":false},"author":1,"featured_media":0,"comment_status":"open","ping_status":"open","sticky":false,"template":"","format":"standard","meta":{"footnotes":""},"categories":[72],"tags":[587],"class_list":["post-10073","post","type-post","status-publish","format-standard","hentry","category-schweiz","tag-zu-hause"],"_links":{"self":[{"href":"https:\/\/www.jimmy2.ch\/worldpress\/wp-json\/wp\/v2\/posts\/10073","targetHints":{"allow":["GET"]}}],"collection":[{"href":"https:\/\/www.jimmy2.ch\/worldpress\/wp-json\/wp\/v2\/posts"}],"about":[{"href":"https:\/\/www.jimmy2.ch\/worldpress\/wp-json\/wp\/v2\/types\/post"}],"author":[{"embeddable":true,"href":"https:\/\/www.jimmy2.ch\/worldpress\/wp-json\/wp\/v2\/users\/1"}],"replies":[{"embeddable":true,"href":"https:\/\/www.jimmy2.ch\/worldpress\/wp-json\/wp\/v2\/comments?post=10073"}],"version-history":[{"count":12,"href":"https:\/\/www.jimmy2.ch\/worldpress\/wp-json\/wp\/v2\/posts\/10073\/revisions"}],"predecessor-version":[{"id":10139,"href":"https:\/\/www.jimmy2.ch\/worldpress\/wp-json\/wp\/v2\/posts\/10073\/revisions\/10139"}],"wp:attachment":[{"href":"https:\/\/www.jimmy2.ch\/worldpress\/wp-json\/wp\/v2\/media?parent=10073"}],"wp:term":[{"taxonomy":"category","embeddable":true,"href":"https:\/\/www.jimmy2.ch\/worldpress\/wp-json\/wp\/v2\/categories?post=10073"},{"taxonomy":"post_tag","embeddable":true,"href":"https:\/\/www.jimmy2.ch\/worldpress\/wp-json\/wp\/v2\/tags?post=10073"}],"curies":[{"name":"wp","href":"https:\/\/api.w.org\/{rel}","templated":true}]}}