{"id":10062,"date":"2021-06-27T21:57:00","date_gmt":"2021-06-27T19:57:00","guid":{"rendered":"http:\/\/www.jimmy2.ch\/worldpress\/?p=10062"},"modified":"2021-06-29T20:02:20","modified_gmt":"2021-06-29T18:02:20","slug":"zu-hause-23-27-juni","status":"publish","type":"post","link":"https:\/\/www.jimmy2.ch\/worldpress\/2021\/06\/27\/zu-hause-23-27-juni\/","title":{"rendered":"zu Hause 23. &#8211; 27. Juni"},"content":{"rendered":"\n<p>Mittwoch 23. Juni 2021<br>Bereits um 08.50 Uhr habe ich den Termin in Uster. Ich bekomme die 2. Covid-Impfung. Typ Moderna. <\/p>\n\n\n\n<figure class=\"wp-block-image size-large\"><img loading=\"lazy\" decoding=\"async\" width=\"1024\" height=\"768\" src=\"https:\/\/www.jimmy2.ch\/worldpress\/wp-content\/uploads\/2021\/06\/IMG_8475-1024x768.jpg\" alt=\"\" class=\"wp-image-10074\" srcset=\"https:\/\/www.jimmy2.ch\/worldpress\/wp-content\/uploads\/2021\/06\/IMG_8475-1024x768.jpg 1024w, https:\/\/www.jimmy2.ch\/worldpress\/wp-content\/uploads\/2021\/06\/IMG_8475-300x225.jpg 300w, https:\/\/www.jimmy2.ch\/worldpress\/wp-content\/uploads\/2021\/06\/IMG_8475-768x576.jpg 768w, https:\/\/www.jimmy2.ch\/worldpress\/wp-content\/uploads\/2021\/06\/IMG_8475-1536x1152.jpg 1536w, https:\/\/www.jimmy2.ch\/worldpress\/wp-content\/uploads\/2021\/06\/IMG_8475-2048x1536.jpg 2048w\" sizes=\"auto, (max-width: 1024px) 100vw, 1024px\" \/><\/figure>\n\n\n\n<p>Dann geht es nach Pfungen Material holen. Das Material wird verarbeitet. <br>Ein Ricardo-Paket ist zu lang f\u00fcr den Postversand und muss abge\u00e4ndert werden. Noch eine kleine Arbeit erledigen. Dann wird wieder der Ricardo-Shop gef\u00fcttert. <br>Nachtessen auf dem Balkon. Etwas YouTube Videos schauen. Am Blog arbeiten. Dann beginnt es zu regnen. Zusammenpacken und rein. Das war\u2019s f\u00fcr heute.<\/p>\n\n\n\n<figure class=\"wp-block-image size-large\"><img loading=\"lazy\" decoding=\"async\" width=\"1024\" height=\"768\" src=\"https:\/\/www.jimmy2.ch\/worldpress\/wp-content\/uploads\/2021\/06\/IMG_8494-1024x768.jpg\" alt=\"\" class=\"wp-image-10075\" srcset=\"https:\/\/www.jimmy2.ch\/worldpress\/wp-content\/uploads\/2021\/06\/IMG_8494-1024x768.jpg 1024w, https:\/\/www.jimmy2.ch\/worldpress\/wp-content\/uploads\/2021\/06\/IMG_8494-300x225.jpg 300w, https:\/\/www.jimmy2.ch\/worldpress\/wp-content\/uploads\/2021\/06\/IMG_8494-768x576.jpg 768w, https:\/\/www.jimmy2.ch\/worldpress\/wp-content\/uploads\/2021\/06\/IMG_8494-1536x1152.jpg 1536w, https:\/\/www.jimmy2.ch\/worldpress\/wp-content\/uploads\/2021\/06\/IMG_8494-2048x1536.jpg 2048w\" sizes=\"auto, (max-width: 1024px) 100vw, 1024px\" \/><\/figure>\n\n\n\n<p><br>Donnerstag 24. Juni 2021<br>Gestern wurde ich mit dem Moderna-Impfstoff geimpft. Man h\u00f6rt und liest, dass es am Tag nach der Impfung zu Unwohlsein kommen k\u00f6nne. So habe ich f\u00fcr heute kein Programm. Mir geht es soweit gut. Sicher der Arm tut weh. Und im Ges\u00e4ss sp\u00fcre ich Muskelkater. <br><br>So mache ich eine kleine Arbeit im Dorf. F\u00fcr Morgen mache ich ein Programm und das entsprechende Material parat. Wieder etwas im Ricardo einstellen. <br><br>Am sp\u00e4teren Nachmittag schauen wir auf einen Sprung bei meinen Eltern vorbei.<br><br>Es beginnt wieder zu regnen<br><br><br><br>Freitag 25. Juni 2021<br>Es ist frisch. Ich ziehe die lange Jeans an. Bereits um acht Uhr habe ich einen Termin in Jona SG. Es wird mein letzter Arbeitsbesuch auf diesem Objekt sein. So verabschiede ich mich vom technischen Hauswart. W\u00e4hrend mehr als 25 Jahren hatten wir eine gute Zusammenarbeit. <br>Weiter geht es nach Horgen. Unterwegs g\u00f6nne ich mir einen Kaffe mit Gipfeli. In Horgen funktioniert es nicht wie gew\u00fcnscht und es wird eine schweisstreibende Arbeit. N\u00e4chste Station ist Oberrieden. Diese Arbeit verschiebe ich auf Mitte Juli. Ab dem 5. Juli wird eine neue Heizung installiert. Da mache ich meine Kontrolle lieber nachher. Nun geht es nach Hause. <br><br>Etwas B\u00fcro und Ricardo. Am Nachmittag einkaufen. Anschliessend Gartenarbeit. Und schon ist der Tag wieder zu Ende. <br><br>Eigentlich w\u00e4re ja heute mein Frei-Tag. Den werde ich ein andermal einziehen. <br><br><br><br>Samstag 26. Juni 2021<br>Ein Ricardo Kunde hat sich f\u00fcr 14 Uhr angemeldet. Bis dahin wird wieder ein Zimmer und der Heizungsraum ausgemistet. Was nicht zur Entsorgung kommt wird fotografiert und in Ricardo eingestellt. <\/p>\n\n\n\n<figure class=\"wp-block-image size-large\"><img loading=\"lazy\" decoding=\"async\" width=\"1024\" height=\"768\" src=\"https:\/\/www.jimmy2.ch\/worldpress\/wp-content\/uploads\/2021\/06\/IMG_8549-1024x768.jpg\" alt=\"\" class=\"wp-image-10078\" srcset=\"https:\/\/www.jimmy2.ch\/worldpress\/wp-content\/uploads\/2021\/06\/IMG_8549-1024x768.jpg 1024w, https:\/\/www.jimmy2.ch\/worldpress\/wp-content\/uploads\/2021\/06\/IMG_8549-300x225.jpg 300w, https:\/\/www.jimmy2.ch\/worldpress\/wp-content\/uploads\/2021\/06\/IMG_8549-768x576.jpg 768w, https:\/\/www.jimmy2.ch\/worldpress\/wp-content\/uploads\/2021\/06\/IMG_8549-1536x1152.jpg 1536w, https:\/\/www.jimmy2.ch\/worldpress\/wp-content\/uploads\/2021\/06\/IMG_8549-2048x1536.jpg 2048w\" sizes=\"auto, (max-width: 1024px) 100vw, 1024px\" \/><\/figure>\n\n\n\n<p>Der Termin von 14 Uhr wird mehrmals verschoben. Kurz vor f\u00fcnf ist es dann soweit. Der Artikel wird bezahlt und den neuen Besitzer \u00fcbergeben. <br><br>Jetzt ist Feierabend f\u00fcr heute. Ein kurzer Schwumm. Und schon steht Christa neben mir und meint die drei Str\u00e4ucher auf der Terrasse m\u00fcssen noch geschnitten werden. Also nichts mit Feierabend. Nach den Schneiden der Str\u00e4ucher l\u00e4uft mir noch ein alter Rasenm\u00e4herroboter \u00fcber den Weg. Den will ich noch schnell testen. Aus schnell wird lang weil noch allerhand dazwischen kommt. <br><br>Gegen 19 Uhr ist dann wirklich fertig. Auf dem Balkon geniessen wir den Abend. <br><br>Um 21 Uhr erfolgt der Anpfiff \u00d6sterreich &#8211; Italien im Achtelfinale. Christa ist dabei. Ich bleibe auf dem Balkon bis es mir zu frisch wird. Da mich Fussball nicht wirklich interessiert verabschiede ich mich und gehe lesen. <br><br><br><br>Sonntag 27. Juni 2021 <br>Der Tag beginnt mit Sonne. Heute beginnen wir mit dem Verabschieden von Freunden und Bekannten. Der Anfang macht Beat. Wir haben zusammen die RS gemacht. Jahre sp\u00e4ter sind wir uns zuf\u00e4llig \u00fcber den Weg gelaufen und er wurde bis zu seiner Fr\u00fch-Pensionierung unser Versicherungsberater. Und so treffen wir uns heute um \u00fcber alte Zeiten zu philosophieren. Nat\u00fcrlich gibt es auch etwas vom Grill. Leider musste Beat schon am fr\u00fchen Nachmittag noch weiter. So geniessen wir den Sonntag Nachmittag mit nichts tun.<br><br><br><br><br><br><\/p>\n","protected":false},"excerpt":{"rendered":"<p>Mittwoch 23. Juni 2021Bereits um 08.50 Uhr habe ich den Termin in Uster. Ich bekomme die 2. Covid-Impfung. Typ Moderna. Dann geht es nach Pfungen Material holen. Das Material wird verarbeitet. Ein Ricardo-Paket ist zu lang f\u00fcr den Postversand und &hellip; <a href=\"https:\/\/www.jimmy2.ch\/worldpress\/2021\/06\/27\/zu-hause-23-27-juni\/\">Continue reading <span class=\"meta-nav\">&rarr;<\/span><\/a><\/p>\n","protected":false},"author":1,"featured_media":0,"comment_status":"open","ping_status":"open","sticky":false,"template":"","format":"standard","meta":{"footnotes":""},"categories":[72],"tags":[73,587],"class_list":["post-10062","post","type-post","status-publish","format-standard","hentry","category-schweiz","tag-schweiz","tag-zu-hause"],"_links":{"self":[{"href":"https:\/\/www.jimmy2.ch\/worldpress\/wp-json\/wp\/v2\/posts\/10062","targetHints":{"allow":["GET"]}}],"collection":[{"href":"https:\/\/www.jimmy2.ch\/worldpress\/wp-json\/wp\/v2\/posts"}],"about":[{"href":"https:\/\/www.jimmy2.ch\/worldpress\/wp-json\/wp\/v2\/types\/post"}],"author":[{"embeddable":true,"href":"https:\/\/www.jimmy2.ch\/worldpress\/wp-json\/wp\/v2\/users\/1"}],"replies":[{"embeddable":true,"href":"https:\/\/www.jimmy2.ch\/worldpress\/wp-json\/wp\/v2\/comments?post=10062"}],"version-history":[{"count":5,"href":"https:\/\/www.jimmy2.ch\/worldpress\/wp-json\/wp\/v2\/posts\/10062\/revisions"}],"predecessor-version":[{"id":10080,"href":"https:\/\/www.jimmy2.ch\/worldpress\/wp-json\/wp\/v2\/posts\/10062\/revisions\/10080"}],"wp:attachment":[{"href":"https:\/\/www.jimmy2.ch\/worldpress\/wp-json\/wp\/v2\/media?parent=10062"}],"wp:term":[{"taxonomy":"category","embeddable":true,"href":"https:\/\/www.jimmy2.ch\/worldpress\/wp-json\/wp\/v2\/categories?post=10062"},{"taxonomy":"post_tag","embeddable":true,"href":"https:\/\/www.jimmy2.ch\/worldpress\/wp-json\/wp\/v2\/tags?post=10062"}],"curies":[{"name":"wp","href":"https:\/\/api.w.org\/{rel}","templated":true}]}}