{"id":10008,"date":"2021-06-20T22:06:00","date_gmt":"2021-06-20T21:06:00","guid":{"rendered":"http:\/\/www.jimmy2.ch\/worldpress\/?p=10008"},"modified":"2021-06-24T20:26:56","modified_gmt":"2021-06-24T19:26:56","slug":"peschiera-del-garda-glurns","status":"publish","type":"post","link":"https:\/\/www.jimmy2.ch\/worldpress\/2021\/06\/20\/peschiera-del-garda-glurns\/","title":{"rendered":"Peschiera del Garda &#8211; Glurns"},"content":{"rendered":"\n<p>Sonntag 20. Juni 2021<br>Peschiera del Garda \u2013 Glurns<br>238 km \/ 9 Stunden unterwegs mit Pause und Einkaufen<br>Camperplatz vor dem Camping Gloria Vallis in Glurns 20 Euro\/Nacht inkl. V+E+Strom<br><a rel=\"noreferrer noopener\" href=\"https:\/\/www.google.ch\/maps\/place\/46%C2%B040'22.5%22N+10%C2%B034'14.2%22E\/@46.6698454,10.5721688,15.73z\/data=!4m5!3m4!1s0x0:0x0!8m2!3d46.67292!4d10.57061\" target=\"_blank\">46.67292 10.57061<\/a><br><br>In der Nacht bleiben alle Fenster offen. So ist einigermassen ertr\u00e4glich. Den Roller haben wir schon gestern eingeladen. Heute noch Tisch und St\u00fchle. Dann kann es los gehen. Nat\u00fcrlich noch die V+E und den Aufenthalt bezahlen. 6 N\u00e4chte Euro 108.00. <br><br>Christa f\u00e4hrt heute. Zu Beginn stehen wir mehr im Stau als wir fahren k\u00f6nnen. <\/p>\n\n\n\n<figure class=\"wp-block-image size-large\"><img loading=\"lazy\" decoding=\"async\" width=\"1024\" height=\"768\" src=\"https:\/\/www.jimmy2.ch\/worldpress\/wp-content\/uploads\/2021\/06\/6D94BEC4-27A4-44C6-B130-E19C252D1C45-1024x768.jpeg\" alt=\"\" class=\"wp-image-10016\" srcset=\"https:\/\/www.jimmy2.ch\/worldpress\/wp-content\/uploads\/2021\/06\/6D94BEC4-27A4-44C6-B130-E19C252D1C45-1024x768.jpeg 1024w, https:\/\/www.jimmy2.ch\/worldpress\/wp-content\/uploads\/2021\/06\/6D94BEC4-27A4-44C6-B130-E19C252D1C45-300x225.jpeg 300w, https:\/\/www.jimmy2.ch\/worldpress\/wp-content\/uploads\/2021\/06\/6D94BEC4-27A4-44C6-B130-E19C252D1C45-768x576.jpeg 768w, https:\/\/www.jimmy2.ch\/worldpress\/wp-content\/uploads\/2021\/06\/6D94BEC4-27A4-44C6-B130-E19C252D1C45-1536x1152.jpeg 1536w, https:\/\/www.jimmy2.ch\/worldpress\/wp-content\/uploads\/2021\/06\/6D94BEC4-27A4-44C6-B130-E19C252D1C45-2048x1536.jpeg 2048w\" sizes=\"auto, (max-width: 1024px) 100vw, 1024px\" \/><\/figure>\n\n\n\n<p>Mt dem Verkehr ist es schon wieder fast wie vor Corona. Leider finden wir nirgends einen Platz f\u00fcr unser Fr\u00fchst\u00fcck. Alles zugeparkt und viel zu klein f\u00fcr unseren Jimmy2. <br><br>Nach etwa mehr als 3 Stunden und 60 km sind wir in Riva del Garda. Christ findet einen Parkplatz f\u00fcr Busse. Das stellen wir uns zu den 3 Wohnmobilen die schon hier stehen dazu. Es ist dr\u00fcckend heiss.<\/p>\n\n\n\n<figure class=\"wp-block-image size-large\"><img loading=\"lazy\" decoding=\"async\" width=\"1024\" height=\"768\" src=\"https:\/\/www.jimmy2.ch\/worldpress\/wp-content\/uploads\/2021\/06\/391B59C8-1216-4B6B-A524-C85C80C106B6-1024x768.jpeg\" alt=\"\" class=\"wp-image-10017\" srcset=\"https:\/\/www.jimmy2.ch\/worldpress\/wp-content\/uploads\/2021\/06\/391B59C8-1216-4B6B-A524-C85C80C106B6-1024x768.jpeg 1024w, https:\/\/www.jimmy2.ch\/worldpress\/wp-content\/uploads\/2021\/06\/391B59C8-1216-4B6B-A524-C85C80C106B6-300x225.jpeg 300w, https:\/\/www.jimmy2.ch\/worldpress\/wp-content\/uploads\/2021\/06\/391B59C8-1216-4B6B-A524-C85C80C106B6-768x576.jpeg 768w, https:\/\/www.jimmy2.ch\/worldpress\/wp-content\/uploads\/2021\/06\/391B59C8-1216-4B6B-A524-C85C80C106B6-1536x1152.jpeg 1536w, https:\/\/www.jimmy2.ch\/worldpress\/wp-content\/uploads\/2021\/06\/391B59C8-1216-4B6B-A524-C85C80C106B6-2048x1536.jpeg 2048w\" sizes=\"auto, (max-width: 1024px) 100vw, 1024px\" \/><\/figure>\n\n\n\n<p>Es geht weiter Richtung Trient und Bozen. Nun bin ich am Steuer. Christa schl\u00e4ft etwas. Die Hitze macht m\u00fcde. Bei Meran biegen wir links ab Richtung Reschenpass. Christa m\u00f6chte noch etwas einkaufen. Also halten wir beim EuroSpar welcher einen grossem Parkplatz hat.<\/p>\n\n\n\n<figure class=\"wp-block-image size-large\"><img loading=\"lazy\" decoding=\"async\" width=\"1024\" height=\"768\" src=\"https:\/\/www.jimmy2.ch\/worldpress\/wp-content\/uploads\/2021\/06\/7F089BBC-2339-4C66-AEA8-B47E0C13833F-1024x768.jpeg\" alt=\"\" class=\"wp-image-10018\" srcset=\"https:\/\/www.jimmy2.ch\/worldpress\/wp-content\/uploads\/2021\/06\/7F089BBC-2339-4C66-AEA8-B47E0C13833F-1024x768.jpeg 1024w, https:\/\/www.jimmy2.ch\/worldpress\/wp-content\/uploads\/2021\/06\/7F089BBC-2339-4C66-AEA8-B47E0C13833F-300x225.jpeg 300w, https:\/\/www.jimmy2.ch\/worldpress\/wp-content\/uploads\/2021\/06\/7F089BBC-2339-4C66-AEA8-B47E0C13833F-768x576.jpeg 768w, https:\/\/www.jimmy2.ch\/worldpress\/wp-content\/uploads\/2021\/06\/7F089BBC-2339-4C66-AEA8-B47E0C13833F-1536x1152.jpeg 1536w, https:\/\/www.jimmy2.ch\/worldpress\/wp-content\/uploads\/2021\/06\/7F089BBC-2339-4C66-AEA8-B47E0C13833F-2048x1536.jpeg 2048w\" sizes=\"auto, (max-width: 1024px) 100vw, 1024px\" \/><\/figure>\n\n\n\n<p>In Glurns finden wir einen Stellplatz vor dem Camping Gloria Villa. <\/p>\n\n\n\n<figure class=\"wp-block-image size-large\"><img loading=\"lazy\" decoding=\"async\" width=\"1024\" height=\"768\" src=\"https:\/\/www.jimmy2.ch\/worldpress\/wp-content\/uploads\/2021\/06\/E27D9C8D-1F31-44A7-8BBC-88030F942AA7-1024x768.jpeg\" alt=\"\" class=\"wp-image-10020\" srcset=\"https:\/\/www.jimmy2.ch\/worldpress\/wp-content\/uploads\/2021\/06\/E27D9C8D-1F31-44A7-8BBC-88030F942AA7-1024x768.jpeg 1024w, https:\/\/www.jimmy2.ch\/worldpress\/wp-content\/uploads\/2021\/06\/E27D9C8D-1F31-44A7-8BBC-88030F942AA7-300x225.jpeg 300w, https:\/\/www.jimmy2.ch\/worldpress\/wp-content\/uploads\/2021\/06\/E27D9C8D-1F31-44A7-8BBC-88030F942AA7-768x576.jpeg 768w, https:\/\/www.jimmy2.ch\/worldpress\/wp-content\/uploads\/2021\/06\/E27D9C8D-1F31-44A7-8BBC-88030F942AA7-1536x1152.jpeg 1536w, https:\/\/www.jimmy2.ch\/worldpress\/wp-content\/uploads\/2021\/06\/E27D9C8D-1F31-44A7-8BBC-88030F942AA7-2048x1536.jpeg 2048w\" sizes=\"auto, (max-width: 1024px) 100vw, 1024px\" \/><\/figure>\n\n\n\n<figure class=\"wp-block-image size-large\"><img loading=\"lazy\" decoding=\"async\" width=\"1024\" height=\"768\" src=\"https:\/\/www.jimmy2.ch\/worldpress\/wp-content\/uploads\/2021\/06\/CE714D4E-2463-4CAF-A7CE-2B9C48EEF00E-1024x768.jpeg\" alt=\"\" class=\"wp-image-10019\" srcset=\"https:\/\/www.jimmy2.ch\/worldpress\/wp-content\/uploads\/2021\/06\/CE714D4E-2463-4CAF-A7CE-2B9C48EEF00E-1024x768.jpeg 1024w, https:\/\/www.jimmy2.ch\/worldpress\/wp-content\/uploads\/2021\/06\/CE714D4E-2463-4CAF-A7CE-2B9C48EEF00E-300x225.jpeg 300w, https:\/\/www.jimmy2.ch\/worldpress\/wp-content\/uploads\/2021\/06\/CE714D4E-2463-4CAF-A7CE-2B9C48EEF00E-768x576.jpeg 768w, https:\/\/www.jimmy2.ch\/worldpress\/wp-content\/uploads\/2021\/06\/CE714D4E-2463-4CAF-A7CE-2B9C48EEF00E-1536x1152.jpeg 1536w, https:\/\/www.jimmy2.ch\/worldpress\/wp-content\/uploads\/2021\/06\/CE714D4E-2463-4CAF-A7CE-2B9C48EEF00E-2048x1536.jpeg 2048w\" sizes=\"auto, (max-width: 1024px) 100vw, 1024px\" \/><\/figure>\n\n\n\n<p>Hier bleiben wir die Nacht. Gleich nach unserer Ankunft beginnt es zu regnen. Schade ich wollte noch etwas draussen sitzen und das Gr\u00fcn der Natur geniessen. Gegen 18 Uhr h\u00f6rt der Regen auf und ich setze mich nach draussen.<br><br>Christa wird Fussball-Fan und schaut Schweiz \u2013 T\u00fcrkei. Kurz nach Spielbeginn schiesst die Schweiz ein Tor. Es beginnt wieder zu tr\u00f6pfeln. Ich packe meinen Sessel wieder ein und verziehe mich nach drinnen. W\u00e4hrend das Spiel l\u00e4uft arbeite ich an meinem Blog. 2 zu 0 f\u00fcr die Schweiz steht es am Ende der 1. Halbzeit. Das Spiel endet 3 zu 1 f\u00fcr die Schweiz. <br><br>Nun gibt es Nachtessen und sp\u00e4ter einen Krimi im Fernsehen. Die Aussentemperatur von 17\u00b0C ist angenehm. Heute kommt zum Schlafen wieder einmal die Bett-Decke zum Einsatz.<br><br><\/p>\n","protected":false},"excerpt":{"rendered":"<p>Sonntag 20. Juni 2021Peschiera del Garda \u2013 Glurns238 km \/ 9 Stunden unterwegs mit Pause und EinkaufenCamperplatz vor dem Camping Gloria Vallis in Glurns 20 Euro\/Nacht inkl. V+E+Strom46.67292 10.57061 In der Nacht bleiben alle Fenster offen. So ist einigermassen ertr\u00e4glich. &hellip; <a href=\"https:\/\/www.jimmy2.ch\/worldpress\/2021\/06\/20\/peschiera-del-garda-glurns\/\">Continue reading <span class=\"meta-nav\">&rarr;<\/span><\/a><\/p>\n","protected":false},"author":1,"featured_media":0,"comment_status":"open","ping_status":"open","sticky":false,"template":"","format":"standard","meta":{"footnotes":""},"categories":[64],"tags":[56,96,57,618,617],"class_list":["post-10008","post","type-post","status-publish","format-standard","hentry","category-italien","tag-gardasee","tag-italien","tag-peschiera-del-garda","tag-riva-del-garda","tag-vintschgau"],"_links":{"self":[{"href":"https:\/\/www.jimmy2.ch\/worldpress\/wp-json\/wp\/v2\/posts\/10008","targetHints":{"allow":["GET"]}}],"collection":[{"href":"https:\/\/www.jimmy2.ch\/worldpress\/wp-json\/wp\/v2\/posts"}],"about":[{"href":"https:\/\/www.jimmy2.ch\/worldpress\/wp-json\/wp\/v2\/types\/post"}],"author":[{"embeddable":true,"href":"https:\/\/www.jimmy2.ch\/worldpress\/wp-json\/wp\/v2\/users\/1"}],"replies":[{"embeddable":true,"href":"https:\/\/www.jimmy2.ch\/worldpress\/wp-json\/wp\/v2\/comments?post=10008"}],"version-history":[{"count":7,"href":"https:\/\/www.jimmy2.ch\/worldpress\/wp-json\/wp\/v2\/posts\/10008\/revisions"}],"predecessor-version":[{"id":10024,"href":"https:\/\/www.jimmy2.ch\/worldpress\/wp-json\/wp\/v2\/posts\/10008\/revisions\/10024"}],"wp:attachment":[{"href":"https:\/\/www.jimmy2.ch\/worldpress\/wp-json\/wp\/v2\/media?parent=10008"}],"wp:term":[{"taxonomy":"category","embeddable":true,"href":"https:\/\/www.jimmy2.ch\/worldpress\/wp-json\/wp\/v2\/categories?post=10008"},{"taxonomy":"post_tag","embeddable":true,"href":"https:\/\/www.jimmy2.ch\/worldpress\/wp-json\/wp\/v2\/tags?post=10008"}],"curies":[{"name":"wp","href":"https:\/\/api.w.org\/{rel}","templated":true}]}}